{"id":54363,"date":"2025-01-26T08:51:45","date_gmt":"2025-01-26T08:51:45","guid":{"rendered":"https:\/\/blogin.al\/egli-pranon-ndjenjat-per-gjestin-banorja-i-vetmi-qe-me-qeteson\/"},"modified":"2025-01-26T08:51:45","modified_gmt":"2025-01-26T08:51:45","slug":"egli-pranon-ndjenjat-per-gjestin-banorja-i-vetmi-qe-me-qeteson","status":"publish","type":"post","link":"https:\/\/blogin.al\/?p=54363","title":{"rendered":"Egli pranon ndjenjat p\u00ebr Gjestin, banorja: I vetmi q\u00eb m\u00eb qet\u00ebson!"},"content":{"rendered":"\n<p>Nj\u00eb raport i ngusht\u00eb mes Gjestit dhe Eglit, i lindur brenda sht\u00ebpis\u00eb, duket se ka kaluar n\u00eb nj\u00eb faz\u00eb t\u00eb tensionuar. Gjat\u00eb dit\u00ebve t\u00eb fundit, ata kan\u00eb pasur debate t\u00eb forta, duke shkaktuar nj\u00eb distancim t\u00eb duksh\u00ebm.<\/p>\n\n\n\n<p>Egli ka pranuar se ka filluar t\u00eb ndiej\u00eb di\u00e7ka m\u00eb shum\u00eb p\u00ebr Gjestin dhe ka marr\u00eb p\u00ebrgjigje p\u00ebr marr\u00ebdh\u00ebnien e tyre.<\/p>\n\n\n\n<p>Nd\u00ebrkoh\u00eb, Gjesti ka theksuar se e ka marr\u00eb k\u00ebt\u00eb hap p\u00ebr t\u00eb mos e l\u00ebnduar Eglin, duke shpallur hapur se nuk ka ndjenja p\u00ebr t\u00eb.<\/p>\n\n\n\n<blockquote class=\"wp-block-quote is-layout-flow wp-block-quote-is-layout-flow\">\n<p>Egli: Sot sht\u00ebpia nuk ka qen\u00eb e bukur fare, ka qen\u00eb shum\u00eb bosh. P\u00ebrplasja me Gjestin ka ndikuar m\u00eb shum\u00eb. Shum\u00eb konfuzion, pendes\u00eb, por dhe konfirmimi i marr\u00eb p\u00ebr k\u00ebt\u00eb marr\u00ebdh\u00ebnie, mbi shum\u00eb pik\u00ebpyetje q\u00eb kisha, t\u00eb cilave u dha nj\u00eb p\u00ebrgjigje. M\u00eb duhet pak koh\u00eb q\u00eb ta procesoj sepse ishte situat\u00eb e sikletshme.<\/p>\n\n\n\n<p>Gjesti: Jam pak m\u00eb i t\u00ebrhequr se Egli. Ajo mendon se po b\u00ebj loj\u00eb. Kam qen\u00eb keq emocionalisht, por edhe nuk dua ta l\u00ebndoj prandaj jam t\u00ebrhequr. P\u00ebr momentin nuk kam ndjenja m\u00eb shum\u00eb, kur e ndjej e b\u00ebj por nuk e ndjej. Ajo m\u00eb ka th\u00ebn\u00eb a ke dik\u00eb jasht\u00eb dhe un\u00eb ia kam shpjeguar m\u00eb par\u00eb q\u00eb nuk kam asnjeri jasht\u00eb. Kam qejf t\u00eb ri me t\u00eb, t\u00eb kaloj koh\u00eb me t\u00eb por asgj\u00eb m\u00eb shum\u00eb. E di q\u00eb ajo ndjen p\u00ebr mua por un\u00eb nuk ndjej. Kjo nuk ka aspak lidhje me asnj\u00eb person jasht\u00eb. N\u00eb sht\u00ebpi p\u00ebrve\u00e7 Eglit, I besoj dhe Rozan\u00ebs. Nuk kam raport me asnj\u00eb banor tjet\u00ebr. E kam p\u00ebrzem\u00ebr, i kam th\u00ebn\u00eb se ajo po humbte n\u00eb sht\u00ebpi pasi banor\u00ebt nuk i duan t\u00eb mir\u00ebn. Mund t\u00eb kem deri diku p\u00eblqim por asgj\u00eb m\u00eb thell\u00eb. Di t\u00eb them se ajo ka qejf t\u00eb b\u00ebj\u00eb filma, b\u00ebhet ndonj\u00ebher\u00eb xheloze por e kuptoj.<\/p>\n\n\n\n<p>Egli: P\u00ebr mua Gjesti nuk \u00ebsht\u00eb lojtar i k\u00ebsaj sht\u00ebpie, \u00ebsht\u00eb m\u00eb shum\u00eb, \u00ebsht\u00eb i vetmi q\u00eb kam besim. E di q\u00eb nuk ka q\u00ebllim t\u00eb keq ndaj meje. M\u00eb bie ndesh interesi im dhe ao q\u00eb ndjej p\u00ebr t\u00eb, ndihem n\u00eb siklet, por \u00ebsht\u00eb di\u00e7ka q\u00eb ndodh. M\u00eb vjen pak turp sepse jam vajz\u00eb. Mua m\u00eb bien ndesh veprimet me at oq\u00eb thot\u00eb. Kam par\u00eb nj\u00eb shqet\u00ebsim t\u00eb madh t\u00eb tij p\u00ebr mua q\u00eb m\u00eb ka b\u00ebr\u00eb t\u00eb beso jse ka di\u00e7ka m\u00eb hsum\u00eb se raporti shok-shoqe. Un\u00eb po e pranoj q\u00eb kam nj\u00eb ndjenj\u00eb, dashamri\u00ebsi, por e respektoj q\u00eb ai \u00ebsht\u00eb i sinqert\u00eb dhe q\u00eb thot\u00eb se nuk ndjej t\u00eb nj\u00ebjt\u00ebn gj\u00eb. Por po m\u00eb b\u00ebhet e v\u00ebshtir\u00eb k\u00ebtu brenda, sepse k\u00ebtu nuk ke ku shkon dhe nuk takon dot njer\u00ebz t\u00eb rinj.<\/p>\n<\/blockquote>\n","protected":false},"excerpt":{"rendered":"<p>Nj\u00eb raport i ngusht\u00eb mes Gjestit dhe Eglit, i lindur brenda sht\u00ebpis\u00eb, duket se ka kaluar n\u00eb nj\u00eb faz\u00eb t\u00eb tensionuar. Gjat\u00eb dit\u00ebve t\u00eb fundit, ata kan\u00eb pasur debate t\u00eb forta, duke shkaktuar nj\u00eb distancim t\u00eb duksh\u00ebm. Egli ka pranuar se ka filluar t\u00eb ndiej\u00eb di\u00e7ka m\u00eb shum\u00eb p\u00ebr Gjestin dhe ka marr\u00eb p\u00ebrgjigje p\u00ebr [&hellip;]<\/p>\n","protected":false},"author":2,"featured_media":54348,"comment_status":"open","ping_status":"open","sticky":false,"template":"","format":"standard","meta":{"footnotes":""},"categories":[33],"tags":[],"class_list":{"0":"post-54363","1":"post","2":"type-post","3":"status-publish","4":"format-standard","5":"has-post-thumbnail","7":"category-showbiz"},"yoast_head":"<!-- This site is optimized with the Yoast SEO plugin v27.4 - https:\/\/yoast.com\/product\/yoast-seo-wordpress\/ -->\n<title>Egli pranon ndjenjat p\u00ebr Gjestin, banorja: I vetmi q\u00eb m\u00eb qet\u00ebson! - blogin.al<\/title>\n<meta name=\"robots\" content=\"index, follow, max-snippet:-1, max-image-preview:large, max-video-preview:-1\" \/>\n<link rel=\"canonical\" href=\"https:\/\/blogin.al\/?p=54363\" \/>\n<meta property=\"og:locale\" content=\"en_US\" \/>\n<meta property=\"og:type\" content=\"article\" \/>\n<meta property=\"og:title\" content=\"Egli pranon ndjenjat p\u00ebr Gjestin, banorja: I vetmi q\u00eb m\u00eb qet\u00ebson! - blogin.al\" \/>\n<meta property=\"og:description\" content=\"Nj\u00eb raport i ngusht\u00eb mes Gjestit dhe Eglit, i lindur brenda sht\u00ebpis\u00eb, duket se ka kaluar n\u00eb nj\u00eb faz\u00eb t\u00eb tensionuar. Gjat\u00eb dit\u00ebve t\u00eb fundit, ata kan\u00eb pasur debate t\u00eb forta, duke shkaktuar nj\u00eb distancim t\u00eb duksh\u00ebm. Egli ka pranuar se ka filluar t\u00eb ndiej\u00eb di\u00e7ka m\u00eb shum\u00eb p\u00ebr Gjestin dhe ka marr\u00eb p\u00ebrgjigje p\u00ebr [&hellip;]\" \/>\n<meta property=\"og:url\" content=\"https:\/\/blogin.al\/?p=54363\" \/>\n<meta property=\"og:site_name\" content=\"blogin.al\" \/>\n<meta property=\"article:published_time\" content=\"2025-01-26T08:51:45+00:00\" \/>\n<meta property=\"og:image\" content=\"https:\/\/blogin.al\/wp-content\/uploads\/2025\/01\/egli-gjesti-3-1-2.jpg\" \/>\n\t<meta property=\"og:image:width\" content=\"774\" \/>\n\t<meta property=\"og:image:height\" content=\"385\" \/>\n\t<meta property=\"og:image:type\" content=\"image\/jpeg\" \/>\n<meta name=\"author\" content=\"Blogin al\" \/>\n<meta name=\"twitter:card\" content=\"summary_large_image\" \/>\n<meta name=\"twitter:label1\" content=\"Written by\" \/>\n\t<meta name=\"twitter:data1\" content=\"Blogin al\" \/>\n\t<meta name=\"twitter:label2\" content=\"Est. reading time\" \/>\n\t<meta name=\"twitter:data2\" content=\"2 minutes\" \/>\n<script type=\"application\/ld+json\" class=\"yoast-schema-graph\">{\"@context\":\"https:\\\/\\\/schema.org\",\"@graph\":[{\"@type\":\"Article\",\"@id\":\"https:\\\/\\\/blogin.al\\\/?p=54363#article\",\"isPartOf\":{\"@id\":\"https:\\\/\\\/blogin.al\\\/?p=54363\"},\"author\":{\"name\":\"Blogin al\",\"@id\":\"https:\\\/\\\/blogin.al\\\/#\\\/schema\\\/person\\\/abdd56bc912cd511db877b852b115399\"},\"headline\":\"Egli pranon ndjenjat p\u00ebr Gjestin, banorja: I vetmi q\u00eb m\u00eb qet\u00ebson!\",\"datePublished\":\"2025-01-26T08:51:45+00:00\",\"mainEntityOfPage\":{\"@id\":\"https:\\\/\\\/blogin.al\\\/?p=54363\"},\"wordCount\":505,\"commentCount\":0,\"publisher\":{\"@id\":\"https:\\\/\\\/blogin.al\\\/#organization\"},\"image\":{\"@id\":\"https:\\\/\\\/blogin.al\\\/?p=54363#primaryimage\"},\"thumbnailUrl\":\"https:\\\/\\\/blogin.al\\\/wp-content\\\/uploads\\\/2025\\\/01\\\/egli-gjesti-3-1-2.jpg\",\"articleSection\":[\"SHOWBIZ\"],\"inLanguage\":\"en-US\",\"potentialAction\":[{\"@type\":\"CommentAction\",\"name\":\"Comment\",\"target\":[\"https:\\\/\\\/blogin.al\\\/?p=54363#respond\"]}]},{\"@type\":\"WebPage\",\"@id\":\"https:\\\/\\\/blogin.al\\\/?p=54363\",\"url\":\"https:\\\/\\\/blogin.al\\\/?p=54363\",\"name\":\"Egli pranon ndjenjat p\u00ebr Gjestin, banorja: I vetmi q\u00eb m\u00eb qet\u00ebson! - blogin.al\",\"isPartOf\":{\"@id\":\"https:\\\/\\\/blogin.al\\\/#website\"},\"primaryImageOfPage\":{\"@id\":\"https:\\\/\\\/blogin.al\\\/?p=54363#primaryimage\"},\"image\":{\"@id\":\"https:\\\/\\\/blogin.al\\\/?p=54363#primaryimage\"},\"thumbnailUrl\":\"https:\\\/\\\/blogin.al\\\/wp-content\\\/uploads\\\/2025\\\/01\\\/egli-gjesti-3-1-2.jpg\",\"datePublished\":\"2025-01-26T08:51:45+00:00\",\"breadcrumb\":{\"@id\":\"https:\\\/\\\/blogin.al\\\/?p=54363#breadcrumb\"},\"inLanguage\":\"en-US\",\"potentialAction\":[{\"@type\":\"ReadAction\",\"target\":[\"https:\\\/\\\/blogin.al\\\/?p=54363\"]}]},{\"@type\":\"ImageObject\",\"inLanguage\":\"en-US\",\"@id\":\"https:\\\/\\\/blogin.al\\\/?p=54363#primaryimage\",\"url\":\"https:\\\/\\\/blogin.al\\\/wp-content\\\/uploads\\\/2025\\\/01\\\/egli-gjesti-3-1-2.jpg\",\"contentUrl\":\"https:\\\/\\\/blogin.al\\\/wp-content\\\/uploads\\\/2025\\\/01\\\/egli-gjesti-3-1-2.jpg\",\"width\":774,\"height\":385},{\"@type\":\"BreadcrumbList\",\"@id\":\"https:\\\/\\\/blogin.al\\\/?p=54363#breadcrumb\",\"itemListElement\":[{\"@type\":\"ListItem\",\"position\":1,\"name\":\"Home\",\"item\":\"https:\\\/\\\/blogin.al\\\/\"},{\"@type\":\"ListItem\",\"position\":2,\"name\":\"Egli pranon ndjenjat p\u00ebr Gjestin, banorja: I vetmi q\u00eb m\u00eb qet\u00ebson!\"}]},{\"@type\":\"WebSite\",\"@id\":\"https:\\\/\\\/blogin.al\\\/#website\",\"url\":\"https:\\\/\\\/blogin.al\\\/\",\"name\":\"blogin.al\",\"description\":\"\",\"publisher\":{\"@id\":\"https:\\\/\\\/blogin.al\\\/#organization\"},\"potentialAction\":[{\"@type\":\"SearchAction\",\"target\":{\"@type\":\"EntryPoint\",\"urlTemplate\":\"https:\\\/\\\/blogin.al\\\/?s={search_term_string}\"},\"query-input\":{\"@type\":\"PropertyValueSpecification\",\"valueRequired\":true,\"valueName\":\"search_term_string\"}}],\"inLanguage\":\"en-US\"},{\"@type\":\"Organization\",\"@id\":\"https:\\\/\\\/blogin.al\\\/#organization\",\"name\":\"BLOGIN.al\",\"url\":\"https:\\\/\\\/blogin.al\\\/\",\"logo\":{\"@type\":\"ImageObject\",\"inLanguage\":\"en-US\",\"@id\":\"https:\\\/\\\/blogin.al\\\/#\\\/schema\\\/logo\\\/image\\\/\",\"url\":\"https:\\\/\\\/blogin.al\\\/wp-content\\\/uploads\\\/2022\\\/05\\\/Untitled-2-01-e1652084456514.png\",\"contentUrl\":\"https:\\\/\\\/blogin.al\\\/wp-content\\\/uploads\\\/2022\\\/05\\\/Untitled-2-01-e1652084456514.png\",\"width\":3723,\"height\":1698,\"caption\":\"BLOGIN.al\"},\"image\":{\"@id\":\"https:\\\/\\\/blogin.al\\\/#\\\/schema\\\/logo\\\/image\\\/\"},\"sameAs\":[\"https:\\\/\\\/instagram.com\\\/blogin.al\\\/\"]},{\"@type\":\"Person\",\"@id\":\"https:\\\/\\\/blogin.al\\\/#\\\/schema\\\/person\\\/abdd56bc912cd511db877b852b115399\",\"name\":\"Blogin al\",\"image\":{\"@type\":\"ImageObject\",\"inLanguage\":\"en-US\",\"@id\":\"https:\\\/\\\/secure.gravatar.com\\\/avatar\\\/60d5661aee6e835fb13dc75d2204cd0c1d61bef2efd137c0083e59ef831e235e?s=96&d=mm&r=g\",\"url\":\"https:\\\/\\\/secure.gravatar.com\\\/avatar\\\/60d5661aee6e835fb13dc75d2204cd0c1d61bef2efd137c0083e59ef831e235e?s=96&d=mm&r=g\",\"contentUrl\":\"https:\\\/\\\/secure.gravatar.com\\\/avatar\\\/60d5661aee6e835fb13dc75d2204cd0c1d61bef2efd137c0083e59ef831e235e?s=96&d=mm&r=g\",\"caption\":\"Blogin al\"},\"sameAs\":[\"https:\\\/\\\/blogin.al\"],\"url\":\"https:\\\/\\\/blogin.al\\\/?author=2\"}]}<\/script>\n<!-- \/ Yoast SEO plugin. -->","yoast_head_json":{"title":"Egli pranon ndjenjat p\u00ebr Gjestin, banorja: I vetmi q\u00eb m\u00eb qet\u00ebson! - blogin.al","robots":{"index":"index","follow":"follow","max-snippet":"max-snippet:-1","max-image-preview":"max-image-preview:large","max-video-preview":"max-video-preview:-1"},"canonical":"https:\/\/blogin.al\/?p=54363","og_locale":"en_US","og_type":"article","og_title":"Egli pranon ndjenjat p\u00ebr Gjestin, banorja: I vetmi q\u00eb m\u00eb qet\u00ebson! - blogin.al","og_description":"Nj\u00eb raport i ngusht\u00eb mes Gjestit dhe Eglit, i lindur brenda sht\u00ebpis\u00eb, duket se ka kaluar n\u00eb nj\u00eb faz\u00eb t\u00eb tensionuar. Gjat\u00eb dit\u00ebve t\u00eb fundit, ata kan\u00eb pasur debate t\u00eb forta, duke shkaktuar nj\u00eb distancim t\u00eb duksh\u00ebm. Egli ka pranuar se ka filluar t\u00eb ndiej\u00eb di\u00e7ka m\u00eb shum\u00eb p\u00ebr Gjestin dhe ka marr\u00eb p\u00ebrgjigje p\u00ebr [&hellip;]","og_url":"https:\/\/blogin.al\/?p=54363","og_site_name":"blogin.al","article_published_time":"2025-01-26T08:51:45+00:00","og_image":[{"width":774,"height":385,"url":"https:\/\/blogin.al\/wp-content\/uploads\/2025\/01\/egli-gjesti-3-1-2.jpg","type":"image\/jpeg"}],"author":"Blogin al","twitter_card":"summary_large_image","twitter_misc":{"Written by":"Blogin al","Est. reading time":"2 minutes"},"schema":{"@context":"https:\/\/schema.org","@graph":[{"@type":"Article","@id":"https:\/\/blogin.al\/?p=54363#article","isPartOf":{"@id":"https:\/\/blogin.al\/?p=54363"},"author":{"name":"Blogin al","@id":"https:\/\/blogin.al\/#\/schema\/person\/abdd56bc912cd511db877b852b115399"},"headline":"Egli pranon ndjenjat p\u00ebr Gjestin, banorja: I vetmi q\u00eb m\u00eb qet\u00ebson!","datePublished":"2025-01-26T08:51:45+00:00","mainEntityOfPage":{"@id":"https:\/\/blogin.al\/?p=54363"},"wordCount":505,"commentCount":0,"publisher":{"@id":"https:\/\/blogin.al\/#organization"},"image":{"@id":"https:\/\/blogin.al\/?p=54363#primaryimage"},"thumbnailUrl":"https:\/\/blogin.al\/wp-content\/uploads\/2025\/01\/egli-gjesti-3-1-2.jpg","articleSection":["SHOWBIZ"],"inLanguage":"en-US","potentialAction":[{"@type":"CommentAction","name":"Comment","target":["https:\/\/blogin.al\/?p=54363#respond"]}]},{"@type":"WebPage","@id":"https:\/\/blogin.al\/?p=54363","url":"https:\/\/blogin.al\/?p=54363","name":"Egli pranon ndjenjat p\u00ebr Gjestin, banorja: I vetmi q\u00eb m\u00eb qet\u00ebson! - blogin.al","isPartOf":{"@id":"https:\/\/blogin.al\/#website"},"primaryImageOfPage":{"@id":"https:\/\/blogin.al\/?p=54363#primaryimage"},"image":{"@id":"https:\/\/blogin.al\/?p=54363#primaryimage"},"thumbnailUrl":"https:\/\/blogin.al\/wp-content\/uploads\/2025\/01\/egli-gjesti-3-1-2.jpg","datePublished":"2025-01-26T08:51:45+00:00","breadcrumb":{"@id":"https:\/\/blogin.al\/?p=54363#breadcrumb"},"inLanguage":"en-US","potentialAction":[{"@type":"ReadAction","target":["https:\/\/blogin.al\/?p=54363"]}]},{"@type":"ImageObject","inLanguage":"en-US","@id":"https:\/\/blogin.al\/?p=54363#primaryimage","url":"https:\/\/blogin.al\/wp-content\/uploads\/2025\/01\/egli-gjesti-3-1-2.jpg","contentUrl":"https:\/\/blogin.al\/wp-content\/uploads\/2025\/01\/egli-gjesti-3-1-2.jpg","width":774,"height":385},{"@type":"BreadcrumbList","@id":"https:\/\/blogin.al\/?p=54363#breadcrumb","itemListElement":[{"@type":"ListItem","position":1,"name":"Home","item":"https:\/\/blogin.al\/"},{"@type":"ListItem","position":2,"name":"Egli pranon ndjenjat p\u00ebr Gjestin, banorja: I vetmi q\u00eb m\u00eb qet\u00ebson!"}]},{"@type":"WebSite","@id":"https:\/\/blogin.al\/#website","url":"https:\/\/blogin.al\/","name":"blogin.al","description":"","publisher":{"@id":"https:\/\/blogin.al\/#organization"},"potentialAction":[{"@type":"SearchAction","target":{"@type":"EntryPoint","urlTemplate":"https:\/\/blogin.al\/?s={search_term_string}"},"query-input":{"@type":"PropertyValueSpecification","valueRequired":true,"valueName":"search_term_string"}}],"inLanguage":"en-US"},{"@type":"Organization","@id":"https:\/\/blogin.al\/#organization","name":"BLOGIN.al","url":"https:\/\/blogin.al\/","logo":{"@type":"ImageObject","inLanguage":"en-US","@id":"https:\/\/blogin.al\/#\/schema\/logo\/image\/","url":"https:\/\/blogin.al\/wp-content\/uploads\/2022\/05\/Untitled-2-01-e1652084456514.png","contentUrl":"https:\/\/blogin.al\/wp-content\/uploads\/2022\/05\/Untitled-2-01-e1652084456514.png","width":3723,"height":1698,"caption":"BLOGIN.al"},"image":{"@id":"https:\/\/blogin.al\/#\/schema\/logo\/image\/"},"sameAs":["https:\/\/instagram.com\/blogin.al\/"]},{"@type":"Person","@id":"https:\/\/blogin.al\/#\/schema\/person\/abdd56bc912cd511db877b852b115399","name":"Blogin al","image":{"@type":"ImageObject","inLanguage":"en-US","@id":"https:\/\/secure.gravatar.com\/avatar\/60d5661aee6e835fb13dc75d2204cd0c1d61bef2efd137c0083e59ef831e235e?s=96&d=mm&r=g","url":"https:\/\/secure.gravatar.com\/avatar\/60d5661aee6e835fb13dc75d2204cd0c1d61bef2efd137c0083e59ef831e235e?s=96&d=mm&r=g","contentUrl":"https:\/\/secure.gravatar.com\/avatar\/60d5661aee6e835fb13dc75d2204cd0c1d61bef2efd137c0083e59ef831e235e?s=96&d=mm&r=g","caption":"Blogin al"},"sameAs":["https:\/\/blogin.al"],"url":"https:\/\/blogin.al\/?author=2"}]}},"_links":{"self":[{"href":"https:\/\/blogin.al\/index.php?rest_route=\/wp\/v2\/posts\/54363","targetHints":{"allow":["GET"]}}],"collection":[{"href":"https:\/\/blogin.al\/index.php?rest_route=\/wp\/v2\/posts"}],"about":[{"href":"https:\/\/blogin.al\/index.php?rest_route=\/wp\/v2\/types\/post"}],"author":[{"embeddable":true,"href":"https:\/\/blogin.al\/index.php?rest_route=\/wp\/v2\/users\/2"}],"replies":[{"embeddable":true,"href":"https:\/\/blogin.al\/index.php?rest_route=%2Fwp%2Fv2%2Fcomments&post=54363"}],"version-history":[{"count":0,"href":"https:\/\/blogin.al\/index.php?rest_route=\/wp\/v2\/posts\/54363\/revisions"}],"wp:featuredmedia":[{"embeddable":true,"href":"https:\/\/blogin.al\/index.php?rest_route=\/wp\/v2\/media\/54348"}],"wp:attachment":[{"href":"https:\/\/blogin.al\/index.php?rest_route=%2Fwp%2Fv2%2Fmedia&parent=54363"}],"wp:term":[{"taxonomy":"category","embeddable":true,"href":"https:\/\/blogin.al\/index.php?rest_route=%2Fwp%2Fv2%2Fcategories&post=54363"},{"taxonomy":"post_tag","embeddable":true,"href":"https:\/\/blogin.al\/index.php?rest_route=%2Fwp%2Fv2%2Ftags&post=54363"}],"curies":[{"name":"wp","href":"https:\/\/api.w.org\/{rel}","templated":true}]}}