{"id":54371,"date":"2025-01-26T09:03:51","date_gmt":"2025-01-26T09:03:51","guid":{"rendered":"https:\/\/blogin.al\/babai-i-kerkoj-te-nderpriste-lidhjen-me-jozin-loredana-i-del-kunder-une-e-dua\/"},"modified":"2025-01-26T09:03:51","modified_gmt":"2025-01-26T09:03:51","slug":"babai-i-kerkoj-te-nderpriste-lidhjen-me-jozin-loredana-i-del-kunder-une-e-dua","status":"publish","type":"post","link":"https:\/\/blogin.al\/?p=54371","title":{"rendered":"Babai i k\u00ebrkoj t\u00eb nd\u00ebrpriste lidhjen me Jozin, Loredana i del kund\u00ebr: Un\u00eb e dua"},"content":{"rendered":"\n<p>Pas takoi vajz\u00ebn e tij, babai i Loredan\u00ebs ka k\u00ebrkuar q\u00eb t\u00eb takoj\u00eb edhe Jozin.<\/p>\n\n\n\n<p>Ai i k\u00ebrkoi atij q\u00eb t\u00eb shikoj\u00eb rrug\u00ebtimin e tij, duke n\u00ebnkuptuar se nuk \u00ebsht\u00eb aspak dakord me lidhjen e tyre.<\/p>\n\n\n\n<p>\u201cKisha d\u00ebshir\u00eb q\u00eb ti t\u00eb shikoj\u00eb rrug\u00ebn t\u00ebnde. N\u00ebse keni di\u00e7ka, ka koh\u00eb q\u00eb t\u2019i shtyni m\u00eb tutje ose t\u2019i nd\u00ebrprisni aty. Nuk m\u00eb vjen mir\u00eb fare q\u00eb t\u00eb shikoj gj\u00ebra t\u00eb k\u00ebsaj natyre, ne jemi shqiptar, n\u00eb kemi tradita\u201d, tha ai.<\/p>\n\n\n\n<p>\u201cDo mundohem ta vler\u00ebsoj k\u00ebt\u00eb q\u00eb po m\u00eb k\u00ebrkon\u201d, tha Jozi.<\/p>\n\n\n\n<p>\u201cUn\u00eb Jozin e dua dhe nuk e fshij dot nga zemra, do mundohem t\u00eb d\u00ebgjoj at\u00eb q\u00eb m\u00eb thot\u00eb t\u00eb shikoj dhe rrug\u00ebtimin tim\u201d, tha Loredana pasi babai u largua nga sht\u00ebpia e Big Brother.<\/p>\n","protected":false},"excerpt":{"rendered":"<p>Pas takoi vajz\u00ebn e tij, babai i Loredan\u00ebs ka k\u00ebrkuar q\u00eb t\u00eb takoj\u00eb edhe Jozin. Ai i k\u00ebrkoi atij q\u00eb t\u00eb shikoj\u00eb rrug\u00ebtimin e tij, duke n\u00ebnkuptuar se nuk \u00ebsht\u00eb aspak dakord me lidhjen e tyre. \u201cKisha d\u00ebshir\u00eb q\u00eb ti t\u00eb shikoj\u00eb rrug\u00ebn t\u00ebnde. N\u00ebse keni di\u00e7ka, ka koh\u00eb q\u00eb t\u2019i shtyni m\u00eb tutje ose [&hellip;]<\/p>\n","protected":false},"author":2,"featured_media":54370,"comment_status":"open","ping_status":"open","sticky":false,"template":"","format":"standard","meta":{"footnotes":""},"categories":[33],"tags":[],"class_list":{"0":"post-54371","1":"post","2":"type-post","3":"status-publish","4":"format-standard","5":"has-post-thumbnail","7":"category-showbiz"},"yoast_head":"<!-- This site is optimized with the Yoast SEO plugin v27.4 - https:\/\/yoast.com\/product\/yoast-seo-wordpress\/ -->\n<title>Babai i k\u00ebrkoj t\u00eb nd\u00ebrpriste lidhjen me Jozin, Loredana i del kund\u00ebr: Un\u00eb e dua - blogin.al<\/title>\n<meta name=\"robots\" content=\"index, follow, max-snippet:-1, max-image-preview:large, max-video-preview:-1\" \/>\n<link rel=\"canonical\" href=\"https:\/\/blogin.al\/?p=54371\" \/>\n<meta property=\"og:locale\" content=\"en_US\" \/>\n<meta property=\"og:type\" content=\"article\" \/>\n<meta property=\"og:title\" content=\"Babai i k\u00ebrkoj t\u00eb nd\u00ebrpriste lidhjen me Jozin, Loredana i del kund\u00ebr: Un\u00eb e dua - blogin.al\" \/>\n<meta property=\"og:description\" content=\"Pas takoi vajz\u00ebn e tij, babai i Loredan\u00ebs ka k\u00ebrkuar q\u00eb t\u00eb takoj\u00eb edhe Jozin. Ai i k\u00ebrkoi atij q\u00eb t\u00eb shikoj\u00eb rrug\u00ebtimin e tij, duke n\u00ebnkuptuar se nuk \u00ebsht\u00eb aspak dakord me lidhjen e tyre. \u201cKisha d\u00ebshir\u00eb q\u00eb ti t\u00eb shikoj\u00eb rrug\u00ebn t\u00ebnde. N\u00ebse keni di\u00e7ka, ka koh\u00eb q\u00eb t\u2019i shtyni m\u00eb tutje ose [&hellip;]\" \/>\n<meta property=\"og:url\" content=\"https:\/\/blogin.al\/?p=54371\" \/>\n<meta property=\"og:site_name\" content=\"blogin.al\" \/>\n<meta property=\"article:published_time\" content=\"2025-01-26T09:03:51+00:00\" \/>\n<meta property=\"og:image\" content=\"https:\/\/blogin.al\/wp-content\/uploads\/2025\/01\/IMG_6772-1.webp\" \/>\n\t<meta property=\"og:image:width\" content=\"971\" \/>\n\t<meta property=\"og:image:height\" content=\"553\" \/>\n\t<meta property=\"og:image:type\" content=\"image\/webp\" \/>\n<meta name=\"author\" content=\"Blogin al\" \/>\n<meta name=\"twitter:card\" content=\"summary_large_image\" \/>\n<meta name=\"twitter:label1\" content=\"Written by\" \/>\n\t<meta name=\"twitter:data1\" content=\"Blogin al\" \/>\n\t<meta name=\"twitter:label2\" content=\"Est. reading time\" \/>\n\t<meta name=\"twitter:data2\" content=\"1 minute\" \/>\n<script type=\"application\/ld+json\" class=\"yoast-schema-graph\">{\"@context\":\"https:\\\/\\\/schema.org\",\"@graph\":[{\"@type\":\"Article\",\"@id\":\"https:\\\/\\\/blogin.al\\\/?p=54371#article\",\"isPartOf\":{\"@id\":\"https:\\\/\\\/blogin.al\\\/?p=54371\"},\"author\":{\"name\":\"Blogin al\",\"@id\":\"https:\\\/\\\/blogin.al\\\/#\\\/schema\\\/person\\\/abdd56bc912cd511db877b852b115399\"},\"headline\":\"Babai i k\u00ebrkoj t\u00eb nd\u00ebrpriste lidhjen me Jozin, Loredana i del kund\u00ebr: Un\u00eb e dua\",\"datePublished\":\"2025-01-26T09:03:51+00:00\",\"mainEntityOfPage\":{\"@id\":\"https:\\\/\\\/blogin.al\\\/?p=54371\"},\"wordCount\":164,\"commentCount\":0,\"publisher\":{\"@id\":\"https:\\\/\\\/blogin.al\\\/#organization\"},\"image\":{\"@id\":\"https:\\\/\\\/blogin.al\\\/?p=54371#primaryimage\"},\"thumbnailUrl\":\"https:\\\/\\\/blogin.al\\\/wp-content\\\/uploads\\\/2025\\\/01\\\/IMG_6772-1.webp\",\"articleSection\":[\"SHOWBIZ\"],\"inLanguage\":\"en-US\",\"potentialAction\":[{\"@type\":\"CommentAction\",\"name\":\"Comment\",\"target\":[\"https:\\\/\\\/blogin.al\\\/?p=54371#respond\"]}]},{\"@type\":\"WebPage\",\"@id\":\"https:\\\/\\\/blogin.al\\\/?p=54371\",\"url\":\"https:\\\/\\\/blogin.al\\\/?p=54371\",\"name\":\"Babai i k\u00ebrkoj t\u00eb nd\u00ebrpriste lidhjen me Jozin, Loredana i del kund\u00ebr: Un\u00eb e dua - blogin.al\",\"isPartOf\":{\"@id\":\"https:\\\/\\\/blogin.al\\\/#website\"},\"primaryImageOfPage\":{\"@id\":\"https:\\\/\\\/blogin.al\\\/?p=54371#primaryimage\"},\"image\":{\"@id\":\"https:\\\/\\\/blogin.al\\\/?p=54371#primaryimage\"},\"thumbnailUrl\":\"https:\\\/\\\/blogin.al\\\/wp-content\\\/uploads\\\/2025\\\/01\\\/IMG_6772-1.webp\",\"datePublished\":\"2025-01-26T09:03:51+00:00\",\"breadcrumb\":{\"@id\":\"https:\\\/\\\/blogin.al\\\/?p=54371#breadcrumb\"},\"inLanguage\":\"en-US\",\"potentialAction\":[{\"@type\":\"ReadAction\",\"target\":[\"https:\\\/\\\/blogin.al\\\/?p=54371\"]}]},{\"@type\":\"ImageObject\",\"inLanguage\":\"en-US\",\"@id\":\"https:\\\/\\\/blogin.al\\\/?p=54371#primaryimage\",\"url\":\"https:\\\/\\\/blogin.al\\\/wp-content\\\/uploads\\\/2025\\\/01\\\/IMG_6772-1.webp\",\"contentUrl\":\"https:\\\/\\\/blogin.al\\\/wp-content\\\/uploads\\\/2025\\\/01\\\/IMG_6772-1.webp\",\"width\":971,\"height\":553},{\"@type\":\"BreadcrumbList\",\"@id\":\"https:\\\/\\\/blogin.al\\\/?p=54371#breadcrumb\",\"itemListElement\":[{\"@type\":\"ListItem\",\"position\":1,\"name\":\"Home\",\"item\":\"https:\\\/\\\/blogin.al\\\/\"},{\"@type\":\"ListItem\",\"position\":2,\"name\":\"Babai i k\u00ebrkoj t\u00eb nd\u00ebrpriste lidhjen me Jozin, Loredana i del kund\u00ebr: Un\u00eb e dua\"}]},{\"@type\":\"WebSite\",\"@id\":\"https:\\\/\\\/blogin.al\\\/#website\",\"url\":\"https:\\\/\\\/blogin.al\\\/\",\"name\":\"blogin.al\",\"description\":\"\",\"publisher\":{\"@id\":\"https:\\\/\\\/blogin.al\\\/#organization\"},\"potentialAction\":[{\"@type\":\"SearchAction\",\"target\":{\"@type\":\"EntryPoint\",\"urlTemplate\":\"https:\\\/\\\/blogin.al\\\/?s={search_term_string}\"},\"query-input\":{\"@type\":\"PropertyValueSpecification\",\"valueRequired\":true,\"valueName\":\"search_term_string\"}}],\"inLanguage\":\"en-US\"},{\"@type\":\"Organization\",\"@id\":\"https:\\\/\\\/blogin.al\\\/#organization\",\"name\":\"BLOGIN.al\",\"url\":\"https:\\\/\\\/blogin.al\\\/\",\"logo\":{\"@type\":\"ImageObject\",\"inLanguage\":\"en-US\",\"@id\":\"https:\\\/\\\/blogin.al\\\/#\\\/schema\\\/logo\\\/image\\\/\",\"url\":\"https:\\\/\\\/blogin.al\\\/wp-content\\\/uploads\\\/2022\\\/05\\\/Untitled-2-01-e1652084456514.png\",\"contentUrl\":\"https:\\\/\\\/blogin.al\\\/wp-content\\\/uploads\\\/2022\\\/05\\\/Untitled-2-01-e1652084456514.png\",\"width\":3723,\"height\":1698,\"caption\":\"BLOGIN.al\"},\"image\":{\"@id\":\"https:\\\/\\\/blogin.al\\\/#\\\/schema\\\/logo\\\/image\\\/\"},\"sameAs\":[\"https:\\\/\\\/instagram.com\\\/blogin.al\\\/\"]},{\"@type\":\"Person\",\"@id\":\"https:\\\/\\\/blogin.al\\\/#\\\/schema\\\/person\\\/abdd56bc912cd511db877b852b115399\",\"name\":\"Blogin al\",\"image\":{\"@type\":\"ImageObject\",\"inLanguage\":\"en-US\",\"@id\":\"https:\\\/\\\/secure.gravatar.com\\\/avatar\\\/60d5661aee6e835fb13dc75d2204cd0c1d61bef2efd137c0083e59ef831e235e?s=96&d=mm&r=g\",\"url\":\"https:\\\/\\\/secure.gravatar.com\\\/avatar\\\/60d5661aee6e835fb13dc75d2204cd0c1d61bef2efd137c0083e59ef831e235e?s=96&d=mm&r=g\",\"contentUrl\":\"https:\\\/\\\/secure.gravatar.com\\\/avatar\\\/60d5661aee6e835fb13dc75d2204cd0c1d61bef2efd137c0083e59ef831e235e?s=96&d=mm&r=g\",\"caption\":\"Blogin al\"},\"sameAs\":[\"https:\\\/\\\/blogin.al\"],\"url\":\"https:\\\/\\\/blogin.al\\\/?author=2\"}]}<\/script>\n<!-- \/ Yoast SEO plugin. -->","yoast_head_json":{"title":"Babai i k\u00ebrkoj t\u00eb nd\u00ebrpriste lidhjen me Jozin, Loredana i del kund\u00ebr: Un\u00eb e dua - blogin.al","robots":{"index":"index","follow":"follow","max-snippet":"max-snippet:-1","max-image-preview":"max-image-preview:large","max-video-preview":"max-video-preview:-1"},"canonical":"https:\/\/blogin.al\/?p=54371","og_locale":"en_US","og_type":"article","og_title":"Babai i k\u00ebrkoj t\u00eb nd\u00ebrpriste lidhjen me Jozin, Loredana i del kund\u00ebr: Un\u00eb e dua - blogin.al","og_description":"Pas takoi vajz\u00ebn e tij, babai i Loredan\u00ebs ka k\u00ebrkuar q\u00eb t\u00eb takoj\u00eb edhe Jozin. Ai i k\u00ebrkoi atij q\u00eb t\u00eb shikoj\u00eb rrug\u00ebtimin e tij, duke n\u00ebnkuptuar se nuk \u00ebsht\u00eb aspak dakord me lidhjen e tyre. \u201cKisha d\u00ebshir\u00eb q\u00eb ti t\u00eb shikoj\u00eb rrug\u00ebn t\u00ebnde. N\u00ebse keni di\u00e7ka, ka koh\u00eb q\u00eb t\u2019i shtyni m\u00eb tutje ose [&hellip;]","og_url":"https:\/\/blogin.al\/?p=54371","og_site_name":"blogin.al","article_published_time":"2025-01-26T09:03:51+00:00","og_image":[{"width":971,"height":553,"url":"https:\/\/blogin.al\/wp-content\/uploads\/2025\/01\/IMG_6772-1.webp","type":"image\/webp"}],"author":"Blogin al","twitter_card":"summary_large_image","twitter_misc":{"Written by":"Blogin al","Est. reading time":"1 minute"},"schema":{"@context":"https:\/\/schema.org","@graph":[{"@type":"Article","@id":"https:\/\/blogin.al\/?p=54371#article","isPartOf":{"@id":"https:\/\/blogin.al\/?p=54371"},"author":{"name":"Blogin al","@id":"https:\/\/blogin.al\/#\/schema\/person\/abdd56bc912cd511db877b852b115399"},"headline":"Babai i k\u00ebrkoj t\u00eb nd\u00ebrpriste lidhjen me Jozin, Loredana i del kund\u00ebr: Un\u00eb e dua","datePublished":"2025-01-26T09:03:51+00:00","mainEntityOfPage":{"@id":"https:\/\/blogin.al\/?p=54371"},"wordCount":164,"commentCount":0,"publisher":{"@id":"https:\/\/blogin.al\/#organization"},"image":{"@id":"https:\/\/blogin.al\/?p=54371#primaryimage"},"thumbnailUrl":"https:\/\/blogin.al\/wp-content\/uploads\/2025\/01\/IMG_6772-1.webp","articleSection":["SHOWBIZ"],"inLanguage":"en-US","potentialAction":[{"@type":"CommentAction","name":"Comment","target":["https:\/\/blogin.al\/?p=54371#respond"]}]},{"@type":"WebPage","@id":"https:\/\/blogin.al\/?p=54371","url":"https:\/\/blogin.al\/?p=54371","name":"Babai i k\u00ebrkoj t\u00eb nd\u00ebrpriste lidhjen me Jozin, Loredana i del kund\u00ebr: Un\u00eb e dua - blogin.al","isPartOf":{"@id":"https:\/\/blogin.al\/#website"},"primaryImageOfPage":{"@id":"https:\/\/blogin.al\/?p=54371#primaryimage"},"image":{"@id":"https:\/\/blogin.al\/?p=54371#primaryimage"},"thumbnailUrl":"https:\/\/blogin.al\/wp-content\/uploads\/2025\/01\/IMG_6772-1.webp","datePublished":"2025-01-26T09:03:51+00:00","breadcrumb":{"@id":"https:\/\/blogin.al\/?p=54371#breadcrumb"},"inLanguage":"en-US","potentialAction":[{"@type":"ReadAction","target":["https:\/\/blogin.al\/?p=54371"]}]},{"@type":"ImageObject","inLanguage":"en-US","@id":"https:\/\/blogin.al\/?p=54371#primaryimage","url":"https:\/\/blogin.al\/wp-content\/uploads\/2025\/01\/IMG_6772-1.webp","contentUrl":"https:\/\/blogin.al\/wp-content\/uploads\/2025\/01\/IMG_6772-1.webp","width":971,"height":553},{"@type":"BreadcrumbList","@id":"https:\/\/blogin.al\/?p=54371#breadcrumb","itemListElement":[{"@type":"ListItem","position":1,"name":"Home","item":"https:\/\/blogin.al\/"},{"@type":"ListItem","position":2,"name":"Babai i k\u00ebrkoj t\u00eb nd\u00ebrpriste lidhjen me Jozin, Loredana i del kund\u00ebr: Un\u00eb e dua"}]},{"@type":"WebSite","@id":"https:\/\/blogin.al\/#website","url":"https:\/\/blogin.al\/","name":"blogin.al","description":"","publisher":{"@id":"https:\/\/blogin.al\/#organization"},"potentialAction":[{"@type":"SearchAction","target":{"@type":"EntryPoint","urlTemplate":"https:\/\/blogin.al\/?s={search_term_string}"},"query-input":{"@type":"PropertyValueSpecification","valueRequired":true,"valueName":"search_term_string"}}],"inLanguage":"en-US"},{"@type":"Organization","@id":"https:\/\/blogin.al\/#organization","name":"BLOGIN.al","url":"https:\/\/blogin.al\/","logo":{"@type":"ImageObject","inLanguage":"en-US","@id":"https:\/\/blogin.al\/#\/schema\/logo\/image\/","url":"https:\/\/blogin.al\/wp-content\/uploads\/2022\/05\/Untitled-2-01-e1652084456514.png","contentUrl":"https:\/\/blogin.al\/wp-content\/uploads\/2022\/05\/Untitled-2-01-e1652084456514.png","width":3723,"height":1698,"caption":"BLOGIN.al"},"image":{"@id":"https:\/\/blogin.al\/#\/schema\/logo\/image\/"},"sameAs":["https:\/\/instagram.com\/blogin.al\/"]},{"@type":"Person","@id":"https:\/\/blogin.al\/#\/schema\/person\/abdd56bc912cd511db877b852b115399","name":"Blogin al","image":{"@type":"ImageObject","inLanguage":"en-US","@id":"https:\/\/secure.gravatar.com\/avatar\/60d5661aee6e835fb13dc75d2204cd0c1d61bef2efd137c0083e59ef831e235e?s=96&d=mm&r=g","url":"https:\/\/secure.gravatar.com\/avatar\/60d5661aee6e835fb13dc75d2204cd0c1d61bef2efd137c0083e59ef831e235e?s=96&d=mm&r=g","contentUrl":"https:\/\/secure.gravatar.com\/avatar\/60d5661aee6e835fb13dc75d2204cd0c1d61bef2efd137c0083e59ef831e235e?s=96&d=mm&r=g","caption":"Blogin al"},"sameAs":["https:\/\/blogin.al"],"url":"https:\/\/blogin.al\/?author=2"}]}},"_links":{"self":[{"href":"https:\/\/blogin.al\/index.php?rest_route=\/wp\/v2\/posts\/54371","targetHints":{"allow":["GET"]}}],"collection":[{"href":"https:\/\/blogin.al\/index.php?rest_route=\/wp\/v2\/posts"}],"about":[{"href":"https:\/\/blogin.al\/index.php?rest_route=\/wp\/v2\/types\/post"}],"author":[{"embeddable":true,"href":"https:\/\/blogin.al\/index.php?rest_route=\/wp\/v2\/users\/2"}],"replies":[{"embeddable":true,"href":"https:\/\/blogin.al\/index.php?rest_route=%2Fwp%2Fv2%2Fcomments&post=54371"}],"version-history":[{"count":0,"href":"https:\/\/blogin.al\/index.php?rest_route=\/wp\/v2\/posts\/54371\/revisions"}],"wp:featuredmedia":[{"embeddable":true,"href":"https:\/\/blogin.al\/index.php?rest_route=\/wp\/v2\/media\/54370"}],"wp:attachment":[{"href":"https:\/\/blogin.al\/index.php?rest_route=%2Fwp%2Fv2%2Fmedia&parent=54371"}],"wp:term":[{"taxonomy":"category","embeddable":true,"href":"https:\/\/blogin.al\/index.php?rest_route=%2Fwp%2Fv2%2Fcategories&post=54371"},{"taxonomy":"post_tag","embeddable":true,"href":"https:\/\/blogin.al\/index.php?rest_route=%2Fwp%2Fv2%2Ftags&post=54371"}],"curies":[{"name":"wp","href":"https:\/\/api.w.org\/{rel}","templated":true}]}}