{"id":54410,"date":"2025-01-28T10:21:08","date_gmt":"2025-01-28T10:21:08","guid":{"rendered":"https:\/\/blogin.al\/alvaro-morata-dhe-alice-campello-serish-bashke-cifti-rikthehen-ne-krahet-e-njeri-tjetrit\/"},"modified":"2025-01-28T10:21:08","modified_gmt":"2025-01-28T10:21:08","slug":"alvaro-morata-dhe-alice-campello-serish-bashke-cifti-rikthehen-ne-krahet-e-njeri-tjetrit","status":"publish","type":"post","link":"https:\/\/blogin.al\/?p=54410","title":{"rendered":"Alvaro Morata dhe Alice Campello s\u00ebrish bashk\u00eb! \u00c7ifti rikthehen n\u00eb krah\u00ebt e nj\u00ebri-tjetrit"},"content":{"rendered":"\n<p>Alvaro Morata dhe Alice Campello jan\u00eb s\u00ebrish bashk\u00eb. \u00c7ifti u ndan\u00eb n\u00eb muajin gusht t\u00eb vitit t\u00eb kaluar, por nuk kan\u00eb krijuar romanca t\u00eb reja.<\/p>\n\n\n\n<p>Por \u00e7ifti kan\u00eb dh\u00ebn\u00eb edhe nj\u00eb shans t\u00eb dyt\u00eb martes\u00ebs s\u00eb tyre, pasi modelja ka konfirmuar se \u00ebsht\u00eb rikthyer n\u00eb krah\u00ebt e babait t\u00eb kat\u00ebr f\u00ebmij\u00ebve t\u00eb saj.<\/p>\n\n\n\n<p>Pajtimi i \u00e7iftit vjen pas nj\u00eb periudhe spekulimesh dhe thashethemesh t\u00eb vazhdueshme.<\/p>\n\n\n\n<p>Shenjat e para t\u00eb telasheve u shfaq\u00ebn m\u00eb 11 gusht, kur dyshja hoq\u00ebn nj\u00ebri-tjetrin nga rrjetet sociale.<\/p>\n\n\n\n<p>Vet\u00ebm nj\u00eb muaj para ndarjes, pamjet e \u00e7iftit duke festuar fitoren e Euro2024 nga Spanja.<\/p>\n\n\n\n<p>Modelja&nbsp;shkoi&nbsp;n\u00eb Itali pas transferimit t\u00eb Moratas n\u00eb AC. Ajo deklaroi se&nbsp;kishin t\u00eb nj\u00ebjt\u00ebt avokat\u00eb dhe nuk e kishin konsideruar divorcin, nj\u00eb tregues se nj\u00eb ndarje nuk ishte aq e af\u00ebrt sa u perceptua fillimisht.<\/p>\n\n\n\n<p>Natyra e marr\u00ebdh\u00ebnies s\u00eb tyre u b\u00eb e dukshme gjat\u00eb festimit t\u00eb dit\u00eblindjes s\u00eb futbollistit n\u00eb tetor, kur&nbsp;29-vje\u00e7arja&nbsp;e uroi, duke sinjalizuar d\u00ebshir\u00ebn e tyre p\u00ebr t\u00eb kap\u00ebrcyer problemet n\u00eb marr\u00ebdh\u00ebnien e tyre.<\/p>\n\n\n\n<p>N\u00eb n\u00ebntor, dyshja u pa s\u00eb bashku n\u00eb Milano, duke shijuar nj\u00eb sh\u00ebtitje familjare me f\u00ebmij\u00ebt e tyre.<\/p>\n\n\n\n<p>P\u00ebr m\u00eb tep\u00ebr, pjes\u00ebmarrja e modeles n\u00eb nj\u00eb nga ndeshjet e Moratas n\u00eb San Siro nxiti spekulime p\u00ebr&nbsp;nj\u00eb rikthim mes tyre, ku&nbsp;disa gazetar\u00eb sportiv\u00eb italian\u00eb pohuan se \u00e7ifti ishte pajtuar.<\/p>\n","protected":false},"excerpt":{"rendered":"<p>Alvaro Morata dhe Alice Campello jan\u00eb s\u00ebrish bashk\u00eb. \u00c7ifti u ndan\u00eb n\u00eb muajin gusht t\u00eb vitit t\u00eb kaluar, por nuk kan\u00eb krijuar romanca t\u00eb reja. Por \u00e7ifti kan\u00eb dh\u00ebn\u00eb edhe nj\u00eb shans t\u00eb dyt\u00eb martes\u00ebs s\u00eb tyre, pasi modelja ka konfirmuar se \u00ebsht\u00eb rikthyer n\u00eb krah\u00ebt e babait t\u00eb kat\u00ebr f\u00ebmij\u00ebve t\u00eb saj. Pajtimi i [&hellip;]<\/p>\n","protected":false},"author":2,"featured_media":54409,"comment_status":"open","ping_status":"open","sticky":false,"template":"","format":"standard","meta":{"footnotes":""},"categories":[33],"tags":[],"class_list":{"0":"post-54410","1":"post","2":"type-post","3":"status-publish","4":"format-standard","5":"has-post-thumbnail","7":"category-showbiz"},"yoast_head":"<!-- This site is optimized with the Yoast SEO plugin v27.4 - https:\/\/yoast.com\/product\/yoast-seo-wordpress\/ -->\n<title>Alvaro Morata dhe Alice Campello s\u00ebrish bashk\u00eb! \u00c7ifti rikthehen n\u00eb krah\u00ebt e nj\u00ebri-tjetrit - blogin.al<\/title>\n<meta name=\"robots\" content=\"index, follow, max-snippet:-1, max-image-preview:large, max-video-preview:-1\" \/>\n<link rel=\"canonical\" href=\"https:\/\/blogin.al\/?p=54410\" \/>\n<meta property=\"og:locale\" content=\"en_US\" \/>\n<meta property=\"og:type\" content=\"article\" \/>\n<meta property=\"og:title\" content=\"Alvaro Morata dhe Alice Campello s\u00ebrish bashk\u00eb! \u00c7ifti rikthehen n\u00eb krah\u00ebt e nj\u00ebri-tjetrit - blogin.al\" \/>\n<meta property=\"og:description\" content=\"Alvaro Morata dhe Alice Campello jan\u00eb s\u00ebrish bashk\u00eb. \u00c7ifti u ndan\u00eb n\u00eb muajin gusht t\u00eb vitit t\u00eb kaluar, por nuk kan\u00eb krijuar romanca t\u00eb reja. Por \u00e7ifti kan\u00eb dh\u00ebn\u00eb edhe nj\u00eb shans t\u00eb dyt\u00eb martes\u00ebs s\u00eb tyre, pasi modelja ka konfirmuar se \u00ebsht\u00eb rikthyer n\u00eb krah\u00ebt e babait t\u00eb kat\u00ebr f\u00ebmij\u00ebve t\u00eb saj. Pajtimi i [&hellip;]\" \/>\n<meta property=\"og:url\" content=\"https:\/\/blogin.al\/?p=54410\" \/>\n<meta property=\"og:site_name\" content=\"blogin.al\" \/>\n<meta property=\"article:published_time\" content=\"2025-01-28T10:21:08+00:00\" \/>\n<meta property=\"og:image\" content=\"https:\/\/blogin.al\/wp-content\/uploads\/2025\/01\/IMG_5170.jpeg\" \/>\n\t<meta property=\"og:image:width\" content=\"1200\" \/>\n\t<meta property=\"og:image:height\" content=\"900\" \/>\n\t<meta property=\"og:image:type\" content=\"image\/jpeg\" \/>\n<meta name=\"author\" content=\"Blogin al\" \/>\n<meta name=\"twitter:card\" content=\"summary_large_image\" \/>\n<meta name=\"twitter:label1\" content=\"Written by\" \/>\n\t<meta name=\"twitter:data1\" content=\"Blogin al\" \/>\n\t<meta name=\"twitter:label2\" content=\"Est. reading time\" \/>\n\t<meta name=\"twitter:data2\" content=\"1 minute\" \/>\n<script type=\"application\/ld+json\" class=\"yoast-schema-graph\">{\"@context\":\"https:\\\/\\\/schema.org\",\"@graph\":[{\"@type\":\"Article\",\"@id\":\"https:\\\/\\\/blogin.al\\\/?p=54410#article\",\"isPartOf\":{\"@id\":\"https:\\\/\\\/blogin.al\\\/?p=54410\"},\"author\":{\"name\":\"Blogin al\",\"@id\":\"https:\\\/\\\/blogin.al\\\/#\\\/schema\\\/person\\\/abdd56bc912cd511db877b852b115399\"},\"headline\":\"Alvaro Morata dhe Alice Campello s\u00ebrish bashk\u00eb! \u00c7ifti rikthehen n\u00eb krah\u00ebt e nj\u00ebri-tjetrit\",\"datePublished\":\"2025-01-28T10:21:08+00:00\",\"mainEntityOfPage\":{\"@id\":\"https:\\\/\\\/blogin.al\\\/?p=54410\"},\"wordCount\":272,\"commentCount\":0,\"publisher\":{\"@id\":\"https:\\\/\\\/blogin.al\\\/#organization\"},\"image\":{\"@id\":\"https:\\\/\\\/blogin.al\\\/?p=54410#primaryimage\"},\"thumbnailUrl\":\"https:\\\/\\\/blogin.al\\\/wp-content\\\/uploads\\\/2025\\\/01\\\/IMG_5170.jpeg\",\"articleSection\":[\"SHOWBIZ\"],\"inLanguage\":\"en-US\",\"potentialAction\":[{\"@type\":\"CommentAction\",\"name\":\"Comment\",\"target\":[\"https:\\\/\\\/blogin.al\\\/?p=54410#respond\"]}]},{\"@type\":\"WebPage\",\"@id\":\"https:\\\/\\\/blogin.al\\\/?p=54410\",\"url\":\"https:\\\/\\\/blogin.al\\\/?p=54410\",\"name\":\"Alvaro Morata dhe Alice Campello s\u00ebrish bashk\u00eb! \u00c7ifti rikthehen n\u00eb krah\u00ebt e nj\u00ebri-tjetrit - blogin.al\",\"isPartOf\":{\"@id\":\"https:\\\/\\\/blogin.al\\\/#website\"},\"primaryImageOfPage\":{\"@id\":\"https:\\\/\\\/blogin.al\\\/?p=54410#primaryimage\"},\"image\":{\"@id\":\"https:\\\/\\\/blogin.al\\\/?p=54410#primaryimage\"},\"thumbnailUrl\":\"https:\\\/\\\/blogin.al\\\/wp-content\\\/uploads\\\/2025\\\/01\\\/IMG_5170.jpeg\",\"datePublished\":\"2025-01-28T10:21:08+00:00\",\"breadcrumb\":{\"@id\":\"https:\\\/\\\/blogin.al\\\/?p=54410#breadcrumb\"},\"inLanguage\":\"en-US\",\"potentialAction\":[{\"@type\":\"ReadAction\",\"target\":[\"https:\\\/\\\/blogin.al\\\/?p=54410\"]}]},{\"@type\":\"ImageObject\",\"inLanguage\":\"en-US\",\"@id\":\"https:\\\/\\\/blogin.al\\\/?p=54410#primaryimage\",\"url\":\"https:\\\/\\\/blogin.al\\\/wp-content\\\/uploads\\\/2025\\\/01\\\/IMG_5170.jpeg\",\"contentUrl\":\"https:\\\/\\\/blogin.al\\\/wp-content\\\/uploads\\\/2025\\\/01\\\/IMG_5170.jpeg\",\"width\":1200,\"height\":900},{\"@type\":\"BreadcrumbList\",\"@id\":\"https:\\\/\\\/blogin.al\\\/?p=54410#breadcrumb\",\"itemListElement\":[{\"@type\":\"ListItem\",\"position\":1,\"name\":\"Home\",\"item\":\"https:\\\/\\\/blogin.al\\\/\"},{\"@type\":\"ListItem\",\"position\":2,\"name\":\"Alvaro Morata dhe Alice Campello s\u00ebrish bashk\u00eb! \u00c7ifti rikthehen n\u00eb krah\u00ebt e nj\u00ebri-tjetrit\"}]},{\"@type\":\"WebSite\",\"@id\":\"https:\\\/\\\/blogin.al\\\/#website\",\"url\":\"https:\\\/\\\/blogin.al\\\/\",\"name\":\"blogin.al\",\"description\":\"\",\"publisher\":{\"@id\":\"https:\\\/\\\/blogin.al\\\/#organization\"},\"potentialAction\":[{\"@type\":\"SearchAction\",\"target\":{\"@type\":\"EntryPoint\",\"urlTemplate\":\"https:\\\/\\\/blogin.al\\\/?s={search_term_string}\"},\"query-input\":{\"@type\":\"PropertyValueSpecification\",\"valueRequired\":true,\"valueName\":\"search_term_string\"}}],\"inLanguage\":\"en-US\"},{\"@type\":\"Organization\",\"@id\":\"https:\\\/\\\/blogin.al\\\/#organization\",\"name\":\"BLOGIN.al\",\"url\":\"https:\\\/\\\/blogin.al\\\/\",\"logo\":{\"@type\":\"ImageObject\",\"inLanguage\":\"en-US\",\"@id\":\"https:\\\/\\\/blogin.al\\\/#\\\/schema\\\/logo\\\/image\\\/\",\"url\":\"https:\\\/\\\/blogin.al\\\/wp-content\\\/uploads\\\/2022\\\/05\\\/Untitled-2-01-e1652084456514.png\",\"contentUrl\":\"https:\\\/\\\/blogin.al\\\/wp-content\\\/uploads\\\/2022\\\/05\\\/Untitled-2-01-e1652084456514.png\",\"width\":3723,\"height\":1698,\"caption\":\"BLOGIN.al\"},\"image\":{\"@id\":\"https:\\\/\\\/blogin.al\\\/#\\\/schema\\\/logo\\\/image\\\/\"},\"sameAs\":[\"https:\\\/\\\/instagram.com\\\/blogin.al\\\/\"]},{\"@type\":\"Person\",\"@id\":\"https:\\\/\\\/blogin.al\\\/#\\\/schema\\\/person\\\/abdd56bc912cd511db877b852b115399\",\"name\":\"Blogin al\",\"image\":{\"@type\":\"ImageObject\",\"inLanguage\":\"en-US\",\"@id\":\"https:\\\/\\\/secure.gravatar.com\\\/avatar\\\/60d5661aee6e835fb13dc75d2204cd0c1d61bef2efd137c0083e59ef831e235e?s=96&d=mm&r=g\",\"url\":\"https:\\\/\\\/secure.gravatar.com\\\/avatar\\\/60d5661aee6e835fb13dc75d2204cd0c1d61bef2efd137c0083e59ef831e235e?s=96&d=mm&r=g\",\"contentUrl\":\"https:\\\/\\\/secure.gravatar.com\\\/avatar\\\/60d5661aee6e835fb13dc75d2204cd0c1d61bef2efd137c0083e59ef831e235e?s=96&d=mm&r=g\",\"caption\":\"Blogin al\"},\"sameAs\":[\"https:\\\/\\\/blogin.al\"],\"url\":\"https:\\\/\\\/blogin.al\\\/?author=2\"}]}<\/script>\n<!-- \/ Yoast SEO plugin. -->","yoast_head_json":{"title":"Alvaro Morata dhe Alice Campello s\u00ebrish bashk\u00eb! \u00c7ifti rikthehen n\u00eb krah\u00ebt e nj\u00ebri-tjetrit - blogin.al","robots":{"index":"index","follow":"follow","max-snippet":"max-snippet:-1","max-image-preview":"max-image-preview:large","max-video-preview":"max-video-preview:-1"},"canonical":"https:\/\/blogin.al\/?p=54410","og_locale":"en_US","og_type":"article","og_title":"Alvaro Morata dhe Alice Campello s\u00ebrish bashk\u00eb! \u00c7ifti rikthehen n\u00eb krah\u00ebt e nj\u00ebri-tjetrit - blogin.al","og_description":"Alvaro Morata dhe Alice Campello jan\u00eb s\u00ebrish bashk\u00eb. \u00c7ifti u ndan\u00eb n\u00eb muajin gusht t\u00eb vitit t\u00eb kaluar, por nuk kan\u00eb krijuar romanca t\u00eb reja. Por \u00e7ifti kan\u00eb dh\u00ebn\u00eb edhe nj\u00eb shans t\u00eb dyt\u00eb martes\u00ebs s\u00eb tyre, pasi modelja ka konfirmuar se \u00ebsht\u00eb rikthyer n\u00eb krah\u00ebt e babait t\u00eb kat\u00ebr f\u00ebmij\u00ebve t\u00eb saj. Pajtimi i [&hellip;]","og_url":"https:\/\/blogin.al\/?p=54410","og_site_name":"blogin.al","article_published_time":"2025-01-28T10:21:08+00:00","og_image":[{"width":1200,"height":900,"url":"https:\/\/blogin.al\/wp-content\/uploads\/2025\/01\/IMG_5170.jpeg","type":"image\/jpeg"}],"author":"Blogin al","twitter_card":"summary_large_image","twitter_misc":{"Written by":"Blogin al","Est. reading time":"1 minute"},"schema":{"@context":"https:\/\/schema.org","@graph":[{"@type":"Article","@id":"https:\/\/blogin.al\/?p=54410#article","isPartOf":{"@id":"https:\/\/blogin.al\/?p=54410"},"author":{"name":"Blogin al","@id":"https:\/\/blogin.al\/#\/schema\/person\/abdd56bc912cd511db877b852b115399"},"headline":"Alvaro Morata dhe Alice Campello s\u00ebrish bashk\u00eb! \u00c7ifti rikthehen n\u00eb krah\u00ebt e nj\u00ebri-tjetrit","datePublished":"2025-01-28T10:21:08+00:00","mainEntityOfPage":{"@id":"https:\/\/blogin.al\/?p=54410"},"wordCount":272,"commentCount":0,"publisher":{"@id":"https:\/\/blogin.al\/#organization"},"image":{"@id":"https:\/\/blogin.al\/?p=54410#primaryimage"},"thumbnailUrl":"https:\/\/blogin.al\/wp-content\/uploads\/2025\/01\/IMG_5170.jpeg","articleSection":["SHOWBIZ"],"inLanguage":"en-US","potentialAction":[{"@type":"CommentAction","name":"Comment","target":["https:\/\/blogin.al\/?p=54410#respond"]}]},{"@type":"WebPage","@id":"https:\/\/blogin.al\/?p=54410","url":"https:\/\/blogin.al\/?p=54410","name":"Alvaro Morata dhe Alice Campello s\u00ebrish bashk\u00eb! \u00c7ifti rikthehen n\u00eb krah\u00ebt e nj\u00ebri-tjetrit - blogin.al","isPartOf":{"@id":"https:\/\/blogin.al\/#website"},"primaryImageOfPage":{"@id":"https:\/\/blogin.al\/?p=54410#primaryimage"},"image":{"@id":"https:\/\/blogin.al\/?p=54410#primaryimage"},"thumbnailUrl":"https:\/\/blogin.al\/wp-content\/uploads\/2025\/01\/IMG_5170.jpeg","datePublished":"2025-01-28T10:21:08+00:00","breadcrumb":{"@id":"https:\/\/blogin.al\/?p=54410#breadcrumb"},"inLanguage":"en-US","potentialAction":[{"@type":"ReadAction","target":["https:\/\/blogin.al\/?p=54410"]}]},{"@type":"ImageObject","inLanguage":"en-US","@id":"https:\/\/blogin.al\/?p=54410#primaryimage","url":"https:\/\/blogin.al\/wp-content\/uploads\/2025\/01\/IMG_5170.jpeg","contentUrl":"https:\/\/blogin.al\/wp-content\/uploads\/2025\/01\/IMG_5170.jpeg","width":1200,"height":900},{"@type":"BreadcrumbList","@id":"https:\/\/blogin.al\/?p=54410#breadcrumb","itemListElement":[{"@type":"ListItem","position":1,"name":"Home","item":"https:\/\/blogin.al\/"},{"@type":"ListItem","position":2,"name":"Alvaro Morata dhe Alice Campello s\u00ebrish bashk\u00eb! \u00c7ifti rikthehen n\u00eb krah\u00ebt e nj\u00ebri-tjetrit"}]},{"@type":"WebSite","@id":"https:\/\/blogin.al\/#website","url":"https:\/\/blogin.al\/","name":"blogin.al","description":"","publisher":{"@id":"https:\/\/blogin.al\/#organization"},"potentialAction":[{"@type":"SearchAction","target":{"@type":"EntryPoint","urlTemplate":"https:\/\/blogin.al\/?s={search_term_string}"},"query-input":{"@type":"PropertyValueSpecification","valueRequired":true,"valueName":"search_term_string"}}],"inLanguage":"en-US"},{"@type":"Organization","@id":"https:\/\/blogin.al\/#organization","name":"BLOGIN.al","url":"https:\/\/blogin.al\/","logo":{"@type":"ImageObject","inLanguage":"en-US","@id":"https:\/\/blogin.al\/#\/schema\/logo\/image\/","url":"https:\/\/blogin.al\/wp-content\/uploads\/2022\/05\/Untitled-2-01-e1652084456514.png","contentUrl":"https:\/\/blogin.al\/wp-content\/uploads\/2022\/05\/Untitled-2-01-e1652084456514.png","width":3723,"height":1698,"caption":"BLOGIN.al"},"image":{"@id":"https:\/\/blogin.al\/#\/schema\/logo\/image\/"},"sameAs":["https:\/\/instagram.com\/blogin.al\/"]},{"@type":"Person","@id":"https:\/\/blogin.al\/#\/schema\/person\/abdd56bc912cd511db877b852b115399","name":"Blogin al","image":{"@type":"ImageObject","inLanguage":"en-US","@id":"https:\/\/secure.gravatar.com\/avatar\/60d5661aee6e835fb13dc75d2204cd0c1d61bef2efd137c0083e59ef831e235e?s=96&d=mm&r=g","url":"https:\/\/secure.gravatar.com\/avatar\/60d5661aee6e835fb13dc75d2204cd0c1d61bef2efd137c0083e59ef831e235e?s=96&d=mm&r=g","contentUrl":"https:\/\/secure.gravatar.com\/avatar\/60d5661aee6e835fb13dc75d2204cd0c1d61bef2efd137c0083e59ef831e235e?s=96&d=mm&r=g","caption":"Blogin al"},"sameAs":["https:\/\/blogin.al"],"url":"https:\/\/blogin.al\/?author=2"}]}},"_links":{"self":[{"href":"https:\/\/blogin.al\/index.php?rest_route=\/wp\/v2\/posts\/54410","targetHints":{"allow":["GET"]}}],"collection":[{"href":"https:\/\/blogin.al\/index.php?rest_route=\/wp\/v2\/posts"}],"about":[{"href":"https:\/\/blogin.al\/index.php?rest_route=\/wp\/v2\/types\/post"}],"author":[{"embeddable":true,"href":"https:\/\/blogin.al\/index.php?rest_route=\/wp\/v2\/users\/2"}],"replies":[{"embeddable":true,"href":"https:\/\/blogin.al\/index.php?rest_route=%2Fwp%2Fv2%2Fcomments&post=54410"}],"version-history":[{"count":0,"href":"https:\/\/blogin.al\/index.php?rest_route=\/wp\/v2\/posts\/54410\/revisions"}],"wp:featuredmedia":[{"embeddable":true,"href":"https:\/\/blogin.al\/index.php?rest_route=\/wp\/v2\/media\/54409"}],"wp:attachment":[{"href":"https:\/\/blogin.al\/index.php?rest_route=%2Fwp%2Fv2%2Fmedia&parent=54410"}],"wp:term":[{"taxonomy":"category","embeddable":true,"href":"https:\/\/blogin.al\/index.php?rest_route=%2Fwp%2Fv2%2Fcategories&post=54410"},{"taxonomy":"post_tag","embeddable":true,"href":"https:\/\/blogin.al\/index.php?rest_route=%2Fwp%2Fv2%2Ftags&post=54410"}],"curies":[{"name":"wp","href":"https:\/\/api.w.org\/{rel}","templated":true}]}}