{"id":54873,"date":"2025-02-15T12:23:49","date_gmt":"2025-02-15T12:23:49","guid":{"rendered":"https:\/\/blogin.al\/?p=54873"},"modified":"2025-02-15T12:24:04","modified_gmt":"2025-02-15T12:24:04","slug":"por-nje-nate-ilnisa-agolli-flet-per-ndarjen-nga-meriton-mjekiqi","status":"publish","type":"post","link":"https:\/\/blogin.al\/?p=54873","title":{"rendered":"&#8216;Por nj\u00eb nat\u00eb\u2026\u2019, Ilnisa Agolli flet p\u00ebr ndarjen nga Meriton Mjekiqi?"},"content":{"rendered":"\n<p>Gazetarja e njohur nga Shqip\u00ebria, Ilnisa Agolli, foli edhe rreth humbjeve, d\u00ebshtimeve e sfidave.Nuk mbeti pa u p\u00ebrmendur edhe jeta sentimentale, ndarja e saj, dhe si e sheh dashurin\u00eb.<\/p>\n\n\n\n<p>\u00c7do dit\u00eb flas p\u00ebr dashurin\u00eb, sepse ne \u00e7do dit\u00eb dashurojm\u00eb. Por nj\u00eb nat\u00eb mendova me vet\u00ebn, \u2018mua do t\u00eb m\u00eb pyesin nj\u00eb dit\u00eb p\u00ebr dashurin\u00eb, por \u00e7\u2019do t\u00eb them\u2019, thash se dashuria \u00ebsht\u00eb si nj\u00eb fitim dhe humbje. Fiton ndjenj\u00ebn, humb mpreht\u00ebsin\u00eb\u201d, tha Ilnisa Agolli p\u00ebr emisionin \u201cWeekend\u201d.<\/p>\n","protected":false},"excerpt":{"rendered":"<p>Gazetarja e njohur nga Shqip\u00ebria, Ilnisa Agolli, foli edhe rreth humbjeve, d\u00ebshtimeve e sfidave.Nuk mbeti pa u p\u00ebrmendur edhe jeta sentimentale, ndarja e saj, dhe si e sheh dashurin\u00eb. \u00c7do dit\u00eb flas p\u00ebr dashurin\u00eb, sepse ne \u00e7do dit\u00eb dashurojm\u00eb. Por nj\u00eb nat\u00eb mendova me vet\u00ebn, \u2018mua do t\u00eb m\u00eb pyesin nj\u00eb dit\u00eb p\u00ebr dashurin\u00eb, por [&hellip;]<\/p>\n","protected":false},"author":2,"featured_media":54872,"comment_status":"open","ping_status":"open","sticky":false,"template":"","format":"standard","meta":{"footnotes":""},"categories":[33],"tags":[],"class_list":{"0":"post-54873","1":"post","2":"type-post","3":"status-publish","4":"format-standard","5":"has-post-thumbnail","7":"category-showbiz"},"yoast_head":"<!-- This site is optimized with the Yoast SEO plugin v27.4 - https:\/\/yoast.com\/product\/yoast-seo-wordpress\/ -->\n<title>&#039;Por nj\u00eb nat\u00eb\u2026\u2019, Ilnisa Agolli flet p\u00ebr ndarjen nga Meriton Mjekiqi? - blogin.al<\/title>\n<meta name=\"robots\" content=\"index, follow, max-snippet:-1, max-image-preview:large, max-video-preview:-1\" \/>\n<link rel=\"canonical\" href=\"https:\/\/blogin.al\/?p=54873\" \/>\n<meta property=\"og:locale\" content=\"en_US\" \/>\n<meta property=\"og:type\" content=\"article\" \/>\n<meta property=\"og:title\" content=\"&#039;Por nj\u00eb nat\u00eb\u2026\u2019, Ilnisa Agolli flet p\u00ebr ndarjen nga Meriton Mjekiqi? - blogin.al\" \/>\n<meta property=\"og:description\" content=\"Gazetarja e njohur nga Shqip\u00ebria, Ilnisa Agolli, foli edhe rreth humbjeve, d\u00ebshtimeve e sfidave.Nuk mbeti pa u p\u00ebrmendur edhe jeta sentimentale, ndarja e saj, dhe si e sheh dashurin\u00eb. \u00c7do dit\u00eb flas p\u00ebr dashurin\u00eb, sepse ne \u00e7do dit\u00eb dashurojm\u00eb. Por nj\u00eb nat\u00eb mendova me vet\u00ebn, \u2018mua do t\u00eb m\u00eb pyesin nj\u00eb dit\u00eb p\u00ebr dashurin\u00eb, por [&hellip;]\" \/>\n<meta property=\"og:url\" content=\"https:\/\/blogin.al\/?p=54873\" \/>\n<meta property=\"og:site_name\" content=\"blogin.al\" \/>\n<meta property=\"article:published_time\" content=\"2025-02-15T12:23:49+00:00\" \/>\n<meta property=\"article:modified_time\" content=\"2025-02-15T12:24:04+00:00\" \/>\n<meta property=\"og:image\" content=\"https:\/\/blogin.al\/wp-content\/uploads\/2025\/02\/Screenshot_20250215-132246_Chrome.jpg\" \/>\n\t<meta property=\"og:image:width\" content=\"958\" \/>\n\t<meta property=\"og:image:height\" content=\"467\" \/>\n\t<meta property=\"og:image:type\" content=\"image\/jpeg\" \/>\n<meta name=\"author\" content=\"Blogin al\" \/>\n<meta name=\"twitter:card\" content=\"summary_large_image\" \/>\n<meta name=\"twitter:label1\" content=\"Written by\" \/>\n\t<meta name=\"twitter:data1\" content=\"Blogin al\" \/>\n<script type=\"application\/ld+json\" class=\"yoast-schema-graph\">{\"@context\":\"https:\\\/\\\/schema.org\",\"@graph\":[{\"@type\":\"Article\",\"@id\":\"https:\\\/\\\/blogin.al\\\/?p=54873#article\",\"isPartOf\":{\"@id\":\"https:\\\/\\\/blogin.al\\\/?p=54873\"},\"author\":{\"name\":\"Blogin al\",\"@id\":\"https:\\\/\\\/blogin.al\\\/#\\\/schema\\\/person\\\/abdd56bc912cd511db877b852b115399\"},\"headline\":\"&#8216;Por nj\u00eb nat\u00eb\u2026\u2019, Ilnisa Agolli flet p\u00ebr ndarjen nga Meriton Mjekiqi?\",\"datePublished\":\"2025-02-15T12:23:49+00:00\",\"dateModified\":\"2025-02-15T12:24:04+00:00\",\"mainEntityOfPage\":{\"@id\":\"https:\\\/\\\/blogin.al\\\/?p=54873\"},\"wordCount\":99,\"commentCount\":0,\"publisher\":{\"@id\":\"https:\\\/\\\/blogin.al\\\/#organization\"},\"image\":{\"@id\":\"https:\\\/\\\/blogin.al\\\/?p=54873#primaryimage\"},\"thumbnailUrl\":\"https:\\\/\\\/blogin.al\\\/wp-content\\\/uploads\\\/2025\\\/02\\\/Screenshot_20250215-132246_Chrome.jpg\",\"articleSection\":[\"SHOWBIZ\"],\"inLanguage\":\"en-US\",\"potentialAction\":[{\"@type\":\"CommentAction\",\"name\":\"Comment\",\"target\":[\"https:\\\/\\\/blogin.al\\\/?p=54873#respond\"]}]},{\"@type\":\"WebPage\",\"@id\":\"https:\\\/\\\/blogin.al\\\/?p=54873\",\"url\":\"https:\\\/\\\/blogin.al\\\/?p=54873\",\"name\":\"'Por nj\u00eb nat\u00eb\u2026\u2019, Ilnisa Agolli flet p\u00ebr ndarjen nga Meriton Mjekiqi? - blogin.al\",\"isPartOf\":{\"@id\":\"https:\\\/\\\/blogin.al\\\/#website\"},\"primaryImageOfPage\":{\"@id\":\"https:\\\/\\\/blogin.al\\\/?p=54873#primaryimage\"},\"image\":{\"@id\":\"https:\\\/\\\/blogin.al\\\/?p=54873#primaryimage\"},\"thumbnailUrl\":\"https:\\\/\\\/blogin.al\\\/wp-content\\\/uploads\\\/2025\\\/02\\\/Screenshot_20250215-132246_Chrome.jpg\",\"datePublished\":\"2025-02-15T12:23:49+00:00\",\"dateModified\":\"2025-02-15T12:24:04+00:00\",\"breadcrumb\":{\"@id\":\"https:\\\/\\\/blogin.al\\\/?p=54873#breadcrumb\"},\"inLanguage\":\"en-US\",\"potentialAction\":[{\"@type\":\"ReadAction\",\"target\":[\"https:\\\/\\\/blogin.al\\\/?p=54873\"]}]},{\"@type\":\"ImageObject\",\"inLanguage\":\"en-US\",\"@id\":\"https:\\\/\\\/blogin.al\\\/?p=54873#primaryimage\",\"url\":\"https:\\\/\\\/blogin.al\\\/wp-content\\\/uploads\\\/2025\\\/02\\\/Screenshot_20250215-132246_Chrome.jpg\",\"contentUrl\":\"https:\\\/\\\/blogin.al\\\/wp-content\\\/uploads\\\/2025\\\/02\\\/Screenshot_20250215-132246_Chrome.jpg\",\"width\":958,\"height\":467},{\"@type\":\"BreadcrumbList\",\"@id\":\"https:\\\/\\\/blogin.al\\\/?p=54873#breadcrumb\",\"itemListElement\":[{\"@type\":\"ListItem\",\"position\":1,\"name\":\"Home\",\"item\":\"https:\\\/\\\/blogin.al\\\/\"},{\"@type\":\"ListItem\",\"position\":2,\"name\":\"&#8216;Por nj\u00eb nat\u00eb\u2026\u2019, Ilnisa Agolli flet p\u00ebr ndarjen nga Meriton Mjekiqi?\"}]},{\"@type\":\"WebSite\",\"@id\":\"https:\\\/\\\/blogin.al\\\/#website\",\"url\":\"https:\\\/\\\/blogin.al\\\/\",\"name\":\"blogin.al\",\"description\":\"\",\"publisher\":{\"@id\":\"https:\\\/\\\/blogin.al\\\/#organization\"},\"potentialAction\":[{\"@type\":\"SearchAction\",\"target\":{\"@type\":\"EntryPoint\",\"urlTemplate\":\"https:\\\/\\\/blogin.al\\\/?s={search_term_string}\"},\"query-input\":{\"@type\":\"PropertyValueSpecification\",\"valueRequired\":true,\"valueName\":\"search_term_string\"}}],\"inLanguage\":\"en-US\"},{\"@type\":\"Organization\",\"@id\":\"https:\\\/\\\/blogin.al\\\/#organization\",\"name\":\"BLOGIN.al\",\"url\":\"https:\\\/\\\/blogin.al\\\/\",\"logo\":{\"@type\":\"ImageObject\",\"inLanguage\":\"en-US\",\"@id\":\"https:\\\/\\\/blogin.al\\\/#\\\/schema\\\/logo\\\/image\\\/\",\"url\":\"https:\\\/\\\/blogin.al\\\/wp-content\\\/uploads\\\/2022\\\/05\\\/Untitled-2-01-e1652084456514.png\",\"contentUrl\":\"https:\\\/\\\/blogin.al\\\/wp-content\\\/uploads\\\/2022\\\/05\\\/Untitled-2-01-e1652084456514.png\",\"width\":3723,\"height\":1698,\"caption\":\"BLOGIN.al\"},\"image\":{\"@id\":\"https:\\\/\\\/blogin.al\\\/#\\\/schema\\\/logo\\\/image\\\/\"},\"sameAs\":[\"https:\\\/\\\/instagram.com\\\/blogin.al\\\/\"]},{\"@type\":\"Person\",\"@id\":\"https:\\\/\\\/blogin.al\\\/#\\\/schema\\\/person\\\/abdd56bc912cd511db877b852b115399\",\"name\":\"Blogin al\",\"image\":{\"@type\":\"ImageObject\",\"inLanguage\":\"en-US\",\"@id\":\"https:\\\/\\\/secure.gravatar.com\\\/avatar\\\/60d5661aee6e835fb13dc75d2204cd0c1d61bef2efd137c0083e59ef831e235e?s=96&d=mm&r=g\",\"url\":\"https:\\\/\\\/secure.gravatar.com\\\/avatar\\\/60d5661aee6e835fb13dc75d2204cd0c1d61bef2efd137c0083e59ef831e235e?s=96&d=mm&r=g\",\"contentUrl\":\"https:\\\/\\\/secure.gravatar.com\\\/avatar\\\/60d5661aee6e835fb13dc75d2204cd0c1d61bef2efd137c0083e59ef831e235e?s=96&d=mm&r=g\",\"caption\":\"Blogin al\"},\"sameAs\":[\"https:\\\/\\\/blogin.al\"],\"url\":\"https:\\\/\\\/blogin.al\\\/?author=2\"}]}<\/script>\n<!-- \/ Yoast SEO plugin. -->","yoast_head_json":{"title":"'Por nj\u00eb nat\u00eb\u2026\u2019, Ilnisa Agolli flet p\u00ebr ndarjen nga Meriton Mjekiqi? - blogin.al","robots":{"index":"index","follow":"follow","max-snippet":"max-snippet:-1","max-image-preview":"max-image-preview:large","max-video-preview":"max-video-preview:-1"},"canonical":"https:\/\/blogin.al\/?p=54873","og_locale":"en_US","og_type":"article","og_title":"'Por nj\u00eb nat\u00eb\u2026\u2019, Ilnisa Agolli flet p\u00ebr ndarjen nga Meriton Mjekiqi? - blogin.al","og_description":"Gazetarja e njohur nga Shqip\u00ebria, Ilnisa Agolli, foli edhe rreth humbjeve, d\u00ebshtimeve e sfidave.Nuk mbeti pa u p\u00ebrmendur edhe jeta sentimentale, ndarja e saj, dhe si e sheh dashurin\u00eb. \u00c7do dit\u00eb flas p\u00ebr dashurin\u00eb, sepse ne \u00e7do dit\u00eb dashurojm\u00eb. Por nj\u00eb nat\u00eb mendova me vet\u00ebn, \u2018mua do t\u00eb m\u00eb pyesin nj\u00eb dit\u00eb p\u00ebr dashurin\u00eb, por [&hellip;]","og_url":"https:\/\/blogin.al\/?p=54873","og_site_name":"blogin.al","article_published_time":"2025-02-15T12:23:49+00:00","article_modified_time":"2025-02-15T12:24:04+00:00","og_image":[{"width":958,"height":467,"url":"https:\/\/blogin.al\/wp-content\/uploads\/2025\/02\/Screenshot_20250215-132246_Chrome.jpg","type":"image\/jpeg"}],"author":"Blogin al","twitter_card":"summary_large_image","twitter_misc":{"Written by":"Blogin al"},"schema":{"@context":"https:\/\/schema.org","@graph":[{"@type":"Article","@id":"https:\/\/blogin.al\/?p=54873#article","isPartOf":{"@id":"https:\/\/blogin.al\/?p=54873"},"author":{"name":"Blogin al","@id":"https:\/\/blogin.al\/#\/schema\/person\/abdd56bc912cd511db877b852b115399"},"headline":"&#8216;Por nj\u00eb nat\u00eb\u2026\u2019, Ilnisa Agolli flet p\u00ebr ndarjen nga Meriton Mjekiqi?","datePublished":"2025-02-15T12:23:49+00:00","dateModified":"2025-02-15T12:24:04+00:00","mainEntityOfPage":{"@id":"https:\/\/blogin.al\/?p=54873"},"wordCount":99,"commentCount":0,"publisher":{"@id":"https:\/\/blogin.al\/#organization"},"image":{"@id":"https:\/\/blogin.al\/?p=54873#primaryimage"},"thumbnailUrl":"https:\/\/blogin.al\/wp-content\/uploads\/2025\/02\/Screenshot_20250215-132246_Chrome.jpg","articleSection":["SHOWBIZ"],"inLanguage":"en-US","potentialAction":[{"@type":"CommentAction","name":"Comment","target":["https:\/\/blogin.al\/?p=54873#respond"]}]},{"@type":"WebPage","@id":"https:\/\/blogin.al\/?p=54873","url":"https:\/\/blogin.al\/?p=54873","name":"'Por nj\u00eb nat\u00eb\u2026\u2019, Ilnisa Agolli flet p\u00ebr ndarjen nga Meriton Mjekiqi? - blogin.al","isPartOf":{"@id":"https:\/\/blogin.al\/#website"},"primaryImageOfPage":{"@id":"https:\/\/blogin.al\/?p=54873#primaryimage"},"image":{"@id":"https:\/\/blogin.al\/?p=54873#primaryimage"},"thumbnailUrl":"https:\/\/blogin.al\/wp-content\/uploads\/2025\/02\/Screenshot_20250215-132246_Chrome.jpg","datePublished":"2025-02-15T12:23:49+00:00","dateModified":"2025-02-15T12:24:04+00:00","breadcrumb":{"@id":"https:\/\/blogin.al\/?p=54873#breadcrumb"},"inLanguage":"en-US","potentialAction":[{"@type":"ReadAction","target":["https:\/\/blogin.al\/?p=54873"]}]},{"@type":"ImageObject","inLanguage":"en-US","@id":"https:\/\/blogin.al\/?p=54873#primaryimage","url":"https:\/\/blogin.al\/wp-content\/uploads\/2025\/02\/Screenshot_20250215-132246_Chrome.jpg","contentUrl":"https:\/\/blogin.al\/wp-content\/uploads\/2025\/02\/Screenshot_20250215-132246_Chrome.jpg","width":958,"height":467},{"@type":"BreadcrumbList","@id":"https:\/\/blogin.al\/?p=54873#breadcrumb","itemListElement":[{"@type":"ListItem","position":1,"name":"Home","item":"https:\/\/blogin.al\/"},{"@type":"ListItem","position":2,"name":"&#8216;Por nj\u00eb nat\u00eb\u2026\u2019, Ilnisa Agolli flet p\u00ebr ndarjen nga Meriton Mjekiqi?"}]},{"@type":"WebSite","@id":"https:\/\/blogin.al\/#website","url":"https:\/\/blogin.al\/","name":"blogin.al","description":"","publisher":{"@id":"https:\/\/blogin.al\/#organization"},"potentialAction":[{"@type":"SearchAction","target":{"@type":"EntryPoint","urlTemplate":"https:\/\/blogin.al\/?s={search_term_string}"},"query-input":{"@type":"PropertyValueSpecification","valueRequired":true,"valueName":"search_term_string"}}],"inLanguage":"en-US"},{"@type":"Organization","@id":"https:\/\/blogin.al\/#organization","name":"BLOGIN.al","url":"https:\/\/blogin.al\/","logo":{"@type":"ImageObject","inLanguage":"en-US","@id":"https:\/\/blogin.al\/#\/schema\/logo\/image\/","url":"https:\/\/blogin.al\/wp-content\/uploads\/2022\/05\/Untitled-2-01-e1652084456514.png","contentUrl":"https:\/\/blogin.al\/wp-content\/uploads\/2022\/05\/Untitled-2-01-e1652084456514.png","width":3723,"height":1698,"caption":"BLOGIN.al"},"image":{"@id":"https:\/\/blogin.al\/#\/schema\/logo\/image\/"},"sameAs":["https:\/\/instagram.com\/blogin.al\/"]},{"@type":"Person","@id":"https:\/\/blogin.al\/#\/schema\/person\/abdd56bc912cd511db877b852b115399","name":"Blogin al","image":{"@type":"ImageObject","inLanguage":"en-US","@id":"https:\/\/secure.gravatar.com\/avatar\/60d5661aee6e835fb13dc75d2204cd0c1d61bef2efd137c0083e59ef831e235e?s=96&d=mm&r=g","url":"https:\/\/secure.gravatar.com\/avatar\/60d5661aee6e835fb13dc75d2204cd0c1d61bef2efd137c0083e59ef831e235e?s=96&d=mm&r=g","contentUrl":"https:\/\/secure.gravatar.com\/avatar\/60d5661aee6e835fb13dc75d2204cd0c1d61bef2efd137c0083e59ef831e235e?s=96&d=mm&r=g","caption":"Blogin al"},"sameAs":["https:\/\/blogin.al"],"url":"https:\/\/blogin.al\/?author=2"}]}},"_links":{"self":[{"href":"https:\/\/blogin.al\/index.php?rest_route=\/wp\/v2\/posts\/54873","targetHints":{"allow":["GET"]}}],"collection":[{"href":"https:\/\/blogin.al\/index.php?rest_route=\/wp\/v2\/posts"}],"about":[{"href":"https:\/\/blogin.al\/index.php?rest_route=\/wp\/v2\/types\/post"}],"author":[{"embeddable":true,"href":"https:\/\/blogin.al\/index.php?rest_route=\/wp\/v2\/users\/2"}],"replies":[{"embeddable":true,"href":"https:\/\/blogin.al\/index.php?rest_route=%2Fwp%2Fv2%2Fcomments&post=54873"}],"version-history":[{"count":1,"href":"https:\/\/blogin.al\/index.php?rest_route=\/wp\/v2\/posts\/54873\/revisions"}],"predecessor-version":[{"id":54874,"href":"https:\/\/blogin.al\/index.php?rest_route=\/wp\/v2\/posts\/54873\/revisions\/54874"}],"wp:featuredmedia":[{"embeddable":true,"href":"https:\/\/blogin.al\/index.php?rest_route=\/wp\/v2\/media\/54872"}],"wp:attachment":[{"href":"https:\/\/blogin.al\/index.php?rest_route=%2Fwp%2Fv2%2Fmedia&parent=54873"}],"wp:term":[{"taxonomy":"category","embeddable":true,"href":"https:\/\/blogin.al\/index.php?rest_route=%2Fwp%2Fv2%2Fcategories&post=54873"},{"taxonomy":"post_tag","embeddable":true,"href":"https:\/\/blogin.al\/index.php?rest_route=%2Fwp%2Fv2%2Ftags&post=54873"}],"curies":[{"name":"wp","href":"https:\/\/api.w.org\/{rel}","templated":true}]}}