{"id":54992,"date":"2025-02-19T17:32:32","date_gmt":"2025-02-19T17:32:32","guid":{"rendered":"https:\/\/blogin.al\/?p=54992"},"modified":"2025-02-19T17:32:47","modified_gmt":"2025-02-19T17:32:47","slug":"drenusha-latifi-pas-daljes-nga-big-brother-vajza-ime-nuk-ka-qene-mire","status":"publish","type":"post","link":"https:\/\/blogin.al\/?p=54992","title":{"rendered":"Drenusha Latifi: Pas daljes nga Big Brother vajza ime nuk ka qen\u00eb mir\u00eb"},"content":{"rendered":"\n<p>Drenusha Latifi ka qen\u00eb p\u00ebr m\u00eb shum\u00eb se dy muaj n\u00eb Big Brother VIP Kosova 3.N\u00eb nj\u00eb intervist\u00eb dh\u00ebn\u00eb p\u00ebr Kosova Today, ajo tregon se pas daljes vajza e saj nuk ka qen\u00eb mir\u00eb pasi nuk ka mundur t\u2019i p\u00ebrballoj disa situata t\u00eb ndodhura.<\/p>\n\n\n\n<p>Ajo thot\u00eb se p\u00ebr k\u00ebt\u00eb i \u00ebsht\u00eb dashur ta \u00e7oj edhe te psikolog, n\u00eb m\u00ebnyr\u00eb q\u00eb t\u2019i tejkaloj\u00eb k\u00ebto.<br><br>E krejt kjo duket se u b\u00eb nga ish-partneri i saj, Atilla Kardesh, i cili nuk i ka lejuar f\u00ebmij\u00ebt q\u00eb t\u00eb shkojn\u00eb te n\u00ebna e Drenush\u00ebs.<\/p>\n\n\n\n<p>\u201cVajza kur jam dal prej Big Brotherit nuk ka qen\u00eb hi\u00e7 mir\u00eb dhe vazhdon mos me qen\u00eb mir\u00eb, e kam pasur te psikolog. Ka p\u00ebrjetuar shum\u00eb gj\u00ebra q\u00eb nuk ka mundur t\u2019i p\u00ebrballoj mostakimi me n\u00ebn\u00ebn tem, mos-takimi me mua, l\u00ebnia jasht\u00eb shkoll\u00ebs vet\u00eb. Nj\u00eb pap\u00ebrgjegj\u00ebsi shum\u00eb e madhe ndaj nj\u00eb prindit q\u00eb e ka krijuar duke pasur mund\u00ebsi q\u00eb t\u2019i l\u00eb te n\u00ebna ime, duke pasur mund\u00ebsi t\u2019i l\u00eb te familja ime\u201d, tha Latifi.<br><br>Ish-banorja tutje shtoi: \u201cN\u00eb \u00e7do form\u00eb i ka kusht\u00ebzuar f\u00ebmij\u00ebt mos me qen\u00eb n\u00eb pranin\u00eb e askujt nga familja ime\u201d.<\/p>\n\n\n\n<p>Drenusha dhe Atilla vlen t\u00eb ceket se kan\u00eb bashk\u00eb dy f\u00ebmij\u00eb, ndon\u00ebse k\u00ebto koh\u00eb qen\u00eb shum\u00eb t\u00eb diskutuar n\u00eb media e shtypin roz\u00eb.<\/p>\n","protected":false},"excerpt":{"rendered":"<p>Drenusha Latifi ka qen\u00eb p\u00ebr m\u00eb shum\u00eb se dy muaj n\u00eb Big Brother VIP Kosova 3.N\u00eb nj\u00eb intervist\u00eb dh\u00ebn\u00eb p\u00ebr Kosova Today, ajo tregon se pas daljes vajza e saj nuk ka qen\u00eb mir\u00eb pasi nuk ka mundur t\u2019i p\u00ebrballoj disa situata t\u00eb ndodhura. Ajo thot\u00eb se p\u00ebr k\u00ebt\u00eb i \u00ebsht\u00eb dashur ta \u00e7oj edhe [&hellip;]<\/p>\n","protected":false},"author":2,"featured_media":54991,"comment_status":"open","ping_status":"open","sticky":false,"template":"","format":"standard","meta":{"footnotes":""},"categories":[33],"tags":[],"class_list":{"0":"post-54992","1":"post","2":"type-post","3":"status-publish","4":"format-standard","5":"has-post-thumbnail","7":"category-showbiz"},"yoast_head":"<!-- This site is optimized with the Yoast SEO plugin v27.4 - https:\/\/yoast.com\/product\/yoast-seo-wordpress\/ -->\n<title>Drenusha Latifi: Pas daljes nga Big Brother vajza ime nuk ka qen\u00eb mir\u00eb - blogin.al<\/title>\n<meta name=\"robots\" content=\"index, follow, max-snippet:-1, max-image-preview:large, max-video-preview:-1\" \/>\n<link rel=\"canonical\" href=\"https:\/\/blogin.al\/?p=54992\" \/>\n<meta property=\"og:locale\" content=\"en_US\" \/>\n<meta property=\"og:type\" content=\"article\" \/>\n<meta property=\"og:title\" content=\"Drenusha Latifi: Pas daljes nga Big Brother vajza ime nuk ka qen\u00eb mir\u00eb - blogin.al\" \/>\n<meta property=\"og:description\" content=\"Drenusha Latifi ka qen\u00eb p\u00ebr m\u00eb shum\u00eb se dy muaj n\u00eb Big Brother VIP Kosova 3.N\u00eb nj\u00eb intervist\u00eb dh\u00ebn\u00eb p\u00ebr Kosova Today, ajo tregon se pas daljes vajza e saj nuk ka qen\u00eb mir\u00eb pasi nuk ka mundur t\u2019i p\u00ebrballoj disa situata t\u00eb ndodhura. Ajo thot\u00eb se p\u00ebr k\u00ebt\u00eb i \u00ebsht\u00eb dashur ta \u00e7oj edhe [&hellip;]\" \/>\n<meta property=\"og:url\" content=\"https:\/\/blogin.al\/?p=54992\" \/>\n<meta property=\"og:site_name\" content=\"blogin.al\" \/>\n<meta property=\"article:published_time\" content=\"2025-02-19T17:32:32+00:00\" \/>\n<meta property=\"article:modified_time\" content=\"2025-02-19T17:32:47+00:00\" \/>\n<meta property=\"og:image\" content=\"https:\/\/blogin.al\/wp-content\/uploads\/2025\/02\/Screenshot_20250219-183128_Chrome.jpg\" \/>\n\t<meta property=\"og:image:width\" content=\"952\" \/>\n\t<meta property=\"og:image:height\" content=\"480\" \/>\n\t<meta property=\"og:image:type\" content=\"image\/jpeg\" \/>\n<meta name=\"author\" content=\"Blogin al\" \/>\n<meta name=\"twitter:card\" content=\"summary_large_image\" \/>\n<meta name=\"twitter:label1\" content=\"Written by\" \/>\n\t<meta name=\"twitter:data1\" content=\"Blogin al\" \/>\n\t<meta name=\"twitter:label2\" content=\"Est. reading time\" \/>\n\t<meta name=\"twitter:data2\" content=\"1 minute\" \/>\n<script type=\"application\/ld+json\" class=\"yoast-schema-graph\">{\"@context\":\"https:\\\/\\\/schema.org\",\"@graph\":[{\"@type\":\"Article\",\"@id\":\"https:\\\/\\\/blogin.al\\\/?p=54992#article\",\"isPartOf\":{\"@id\":\"https:\\\/\\\/blogin.al\\\/?p=54992\"},\"author\":{\"name\":\"Blogin al\",\"@id\":\"https:\\\/\\\/blogin.al\\\/#\\\/schema\\\/person\\\/abdd56bc912cd511db877b852b115399\"},\"headline\":\"Drenusha Latifi: Pas daljes nga Big Brother vajza ime nuk ka qen\u00eb mir\u00eb\",\"datePublished\":\"2025-02-19T17:32:32+00:00\",\"dateModified\":\"2025-02-19T17:32:47+00:00\",\"mainEntityOfPage\":{\"@id\":\"https:\\\/\\\/blogin.al\\\/?p=54992\"},\"wordCount\":256,\"commentCount\":0,\"publisher\":{\"@id\":\"https:\\\/\\\/blogin.al\\\/#organization\"},\"image\":{\"@id\":\"https:\\\/\\\/blogin.al\\\/?p=54992#primaryimage\"},\"thumbnailUrl\":\"https:\\\/\\\/blogin.al\\\/wp-content\\\/uploads\\\/2025\\\/02\\\/Screenshot_20250219-183128_Chrome.jpg\",\"articleSection\":[\"SHOWBIZ\"],\"inLanguage\":\"en-US\",\"potentialAction\":[{\"@type\":\"CommentAction\",\"name\":\"Comment\",\"target\":[\"https:\\\/\\\/blogin.al\\\/?p=54992#respond\"]}]},{\"@type\":\"WebPage\",\"@id\":\"https:\\\/\\\/blogin.al\\\/?p=54992\",\"url\":\"https:\\\/\\\/blogin.al\\\/?p=54992\",\"name\":\"Drenusha Latifi: Pas daljes nga Big Brother vajza ime nuk ka qen\u00eb mir\u00eb - blogin.al\",\"isPartOf\":{\"@id\":\"https:\\\/\\\/blogin.al\\\/#website\"},\"primaryImageOfPage\":{\"@id\":\"https:\\\/\\\/blogin.al\\\/?p=54992#primaryimage\"},\"image\":{\"@id\":\"https:\\\/\\\/blogin.al\\\/?p=54992#primaryimage\"},\"thumbnailUrl\":\"https:\\\/\\\/blogin.al\\\/wp-content\\\/uploads\\\/2025\\\/02\\\/Screenshot_20250219-183128_Chrome.jpg\",\"datePublished\":\"2025-02-19T17:32:32+00:00\",\"dateModified\":\"2025-02-19T17:32:47+00:00\",\"breadcrumb\":{\"@id\":\"https:\\\/\\\/blogin.al\\\/?p=54992#breadcrumb\"},\"inLanguage\":\"en-US\",\"potentialAction\":[{\"@type\":\"ReadAction\",\"target\":[\"https:\\\/\\\/blogin.al\\\/?p=54992\"]}]},{\"@type\":\"ImageObject\",\"inLanguage\":\"en-US\",\"@id\":\"https:\\\/\\\/blogin.al\\\/?p=54992#primaryimage\",\"url\":\"https:\\\/\\\/blogin.al\\\/wp-content\\\/uploads\\\/2025\\\/02\\\/Screenshot_20250219-183128_Chrome.jpg\",\"contentUrl\":\"https:\\\/\\\/blogin.al\\\/wp-content\\\/uploads\\\/2025\\\/02\\\/Screenshot_20250219-183128_Chrome.jpg\",\"width\":952,\"height\":480},{\"@type\":\"BreadcrumbList\",\"@id\":\"https:\\\/\\\/blogin.al\\\/?p=54992#breadcrumb\",\"itemListElement\":[{\"@type\":\"ListItem\",\"position\":1,\"name\":\"Home\",\"item\":\"https:\\\/\\\/blogin.al\\\/\"},{\"@type\":\"ListItem\",\"position\":2,\"name\":\"Drenusha Latifi: Pas daljes nga Big Brother vajza ime nuk ka qen\u00eb mir\u00eb\"}]},{\"@type\":\"WebSite\",\"@id\":\"https:\\\/\\\/blogin.al\\\/#website\",\"url\":\"https:\\\/\\\/blogin.al\\\/\",\"name\":\"blogin.al\",\"description\":\"\",\"publisher\":{\"@id\":\"https:\\\/\\\/blogin.al\\\/#organization\"},\"potentialAction\":[{\"@type\":\"SearchAction\",\"target\":{\"@type\":\"EntryPoint\",\"urlTemplate\":\"https:\\\/\\\/blogin.al\\\/?s={search_term_string}\"},\"query-input\":{\"@type\":\"PropertyValueSpecification\",\"valueRequired\":true,\"valueName\":\"search_term_string\"}}],\"inLanguage\":\"en-US\"},{\"@type\":\"Organization\",\"@id\":\"https:\\\/\\\/blogin.al\\\/#organization\",\"name\":\"BLOGIN.al\",\"url\":\"https:\\\/\\\/blogin.al\\\/\",\"logo\":{\"@type\":\"ImageObject\",\"inLanguage\":\"en-US\",\"@id\":\"https:\\\/\\\/blogin.al\\\/#\\\/schema\\\/logo\\\/image\\\/\",\"url\":\"https:\\\/\\\/blogin.al\\\/wp-content\\\/uploads\\\/2022\\\/05\\\/Untitled-2-01-e1652084456514.png\",\"contentUrl\":\"https:\\\/\\\/blogin.al\\\/wp-content\\\/uploads\\\/2022\\\/05\\\/Untitled-2-01-e1652084456514.png\",\"width\":3723,\"height\":1698,\"caption\":\"BLOGIN.al\"},\"image\":{\"@id\":\"https:\\\/\\\/blogin.al\\\/#\\\/schema\\\/logo\\\/image\\\/\"},\"sameAs\":[\"https:\\\/\\\/instagram.com\\\/blogin.al\\\/\"]},{\"@type\":\"Person\",\"@id\":\"https:\\\/\\\/blogin.al\\\/#\\\/schema\\\/person\\\/abdd56bc912cd511db877b852b115399\",\"name\":\"Blogin al\",\"image\":{\"@type\":\"ImageObject\",\"inLanguage\":\"en-US\",\"@id\":\"https:\\\/\\\/secure.gravatar.com\\\/avatar\\\/60d5661aee6e835fb13dc75d2204cd0c1d61bef2efd137c0083e59ef831e235e?s=96&d=mm&r=g\",\"url\":\"https:\\\/\\\/secure.gravatar.com\\\/avatar\\\/60d5661aee6e835fb13dc75d2204cd0c1d61bef2efd137c0083e59ef831e235e?s=96&d=mm&r=g\",\"contentUrl\":\"https:\\\/\\\/secure.gravatar.com\\\/avatar\\\/60d5661aee6e835fb13dc75d2204cd0c1d61bef2efd137c0083e59ef831e235e?s=96&d=mm&r=g\",\"caption\":\"Blogin al\"},\"sameAs\":[\"https:\\\/\\\/blogin.al\"],\"url\":\"https:\\\/\\\/blogin.al\\\/?author=2\"}]}<\/script>\n<!-- \/ Yoast SEO plugin. -->","yoast_head_json":{"title":"Drenusha Latifi: Pas daljes nga Big Brother vajza ime nuk ka qen\u00eb mir\u00eb - blogin.al","robots":{"index":"index","follow":"follow","max-snippet":"max-snippet:-1","max-image-preview":"max-image-preview:large","max-video-preview":"max-video-preview:-1"},"canonical":"https:\/\/blogin.al\/?p=54992","og_locale":"en_US","og_type":"article","og_title":"Drenusha Latifi: Pas daljes nga Big Brother vajza ime nuk ka qen\u00eb mir\u00eb - blogin.al","og_description":"Drenusha Latifi ka qen\u00eb p\u00ebr m\u00eb shum\u00eb se dy muaj n\u00eb Big Brother VIP Kosova 3.N\u00eb nj\u00eb intervist\u00eb dh\u00ebn\u00eb p\u00ebr Kosova Today, ajo tregon se pas daljes vajza e saj nuk ka qen\u00eb mir\u00eb pasi nuk ka mundur t\u2019i p\u00ebrballoj disa situata t\u00eb ndodhura. Ajo thot\u00eb se p\u00ebr k\u00ebt\u00eb i \u00ebsht\u00eb dashur ta \u00e7oj edhe [&hellip;]","og_url":"https:\/\/blogin.al\/?p=54992","og_site_name":"blogin.al","article_published_time":"2025-02-19T17:32:32+00:00","article_modified_time":"2025-02-19T17:32:47+00:00","og_image":[{"width":952,"height":480,"url":"https:\/\/blogin.al\/wp-content\/uploads\/2025\/02\/Screenshot_20250219-183128_Chrome.jpg","type":"image\/jpeg"}],"author":"Blogin al","twitter_card":"summary_large_image","twitter_misc":{"Written by":"Blogin al","Est. reading time":"1 minute"},"schema":{"@context":"https:\/\/schema.org","@graph":[{"@type":"Article","@id":"https:\/\/blogin.al\/?p=54992#article","isPartOf":{"@id":"https:\/\/blogin.al\/?p=54992"},"author":{"name":"Blogin al","@id":"https:\/\/blogin.al\/#\/schema\/person\/abdd56bc912cd511db877b852b115399"},"headline":"Drenusha Latifi: Pas daljes nga Big Brother vajza ime nuk ka qen\u00eb mir\u00eb","datePublished":"2025-02-19T17:32:32+00:00","dateModified":"2025-02-19T17:32:47+00:00","mainEntityOfPage":{"@id":"https:\/\/blogin.al\/?p=54992"},"wordCount":256,"commentCount":0,"publisher":{"@id":"https:\/\/blogin.al\/#organization"},"image":{"@id":"https:\/\/blogin.al\/?p=54992#primaryimage"},"thumbnailUrl":"https:\/\/blogin.al\/wp-content\/uploads\/2025\/02\/Screenshot_20250219-183128_Chrome.jpg","articleSection":["SHOWBIZ"],"inLanguage":"en-US","potentialAction":[{"@type":"CommentAction","name":"Comment","target":["https:\/\/blogin.al\/?p=54992#respond"]}]},{"@type":"WebPage","@id":"https:\/\/blogin.al\/?p=54992","url":"https:\/\/blogin.al\/?p=54992","name":"Drenusha Latifi: Pas daljes nga Big Brother vajza ime nuk ka qen\u00eb mir\u00eb - blogin.al","isPartOf":{"@id":"https:\/\/blogin.al\/#website"},"primaryImageOfPage":{"@id":"https:\/\/blogin.al\/?p=54992#primaryimage"},"image":{"@id":"https:\/\/blogin.al\/?p=54992#primaryimage"},"thumbnailUrl":"https:\/\/blogin.al\/wp-content\/uploads\/2025\/02\/Screenshot_20250219-183128_Chrome.jpg","datePublished":"2025-02-19T17:32:32+00:00","dateModified":"2025-02-19T17:32:47+00:00","breadcrumb":{"@id":"https:\/\/blogin.al\/?p=54992#breadcrumb"},"inLanguage":"en-US","potentialAction":[{"@type":"ReadAction","target":["https:\/\/blogin.al\/?p=54992"]}]},{"@type":"ImageObject","inLanguage":"en-US","@id":"https:\/\/blogin.al\/?p=54992#primaryimage","url":"https:\/\/blogin.al\/wp-content\/uploads\/2025\/02\/Screenshot_20250219-183128_Chrome.jpg","contentUrl":"https:\/\/blogin.al\/wp-content\/uploads\/2025\/02\/Screenshot_20250219-183128_Chrome.jpg","width":952,"height":480},{"@type":"BreadcrumbList","@id":"https:\/\/blogin.al\/?p=54992#breadcrumb","itemListElement":[{"@type":"ListItem","position":1,"name":"Home","item":"https:\/\/blogin.al\/"},{"@type":"ListItem","position":2,"name":"Drenusha Latifi: Pas daljes nga Big Brother vajza ime nuk ka qen\u00eb mir\u00eb"}]},{"@type":"WebSite","@id":"https:\/\/blogin.al\/#website","url":"https:\/\/blogin.al\/","name":"blogin.al","description":"","publisher":{"@id":"https:\/\/blogin.al\/#organization"},"potentialAction":[{"@type":"SearchAction","target":{"@type":"EntryPoint","urlTemplate":"https:\/\/blogin.al\/?s={search_term_string}"},"query-input":{"@type":"PropertyValueSpecification","valueRequired":true,"valueName":"search_term_string"}}],"inLanguage":"en-US"},{"@type":"Organization","@id":"https:\/\/blogin.al\/#organization","name":"BLOGIN.al","url":"https:\/\/blogin.al\/","logo":{"@type":"ImageObject","inLanguage":"en-US","@id":"https:\/\/blogin.al\/#\/schema\/logo\/image\/","url":"https:\/\/blogin.al\/wp-content\/uploads\/2022\/05\/Untitled-2-01-e1652084456514.png","contentUrl":"https:\/\/blogin.al\/wp-content\/uploads\/2022\/05\/Untitled-2-01-e1652084456514.png","width":3723,"height":1698,"caption":"BLOGIN.al"},"image":{"@id":"https:\/\/blogin.al\/#\/schema\/logo\/image\/"},"sameAs":["https:\/\/instagram.com\/blogin.al\/"]},{"@type":"Person","@id":"https:\/\/blogin.al\/#\/schema\/person\/abdd56bc912cd511db877b852b115399","name":"Blogin al","image":{"@type":"ImageObject","inLanguage":"en-US","@id":"https:\/\/secure.gravatar.com\/avatar\/60d5661aee6e835fb13dc75d2204cd0c1d61bef2efd137c0083e59ef831e235e?s=96&d=mm&r=g","url":"https:\/\/secure.gravatar.com\/avatar\/60d5661aee6e835fb13dc75d2204cd0c1d61bef2efd137c0083e59ef831e235e?s=96&d=mm&r=g","contentUrl":"https:\/\/secure.gravatar.com\/avatar\/60d5661aee6e835fb13dc75d2204cd0c1d61bef2efd137c0083e59ef831e235e?s=96&d=mm&r=g","caption":"Blogin al"},"sameAs":["https:\/\/blogin.al"],"url":"https:\/\/blogin.al\/?author=2"}]}},"_links":{"self":[{"href":"https:\/\/blogin.al\/index.php?rest_route=\/wp\/v2\/posts\/54992","targetHints":{"allow":["GET"]}}],"collection":[{"href":"https:\/\/blogin.al\/index.php?rest_route=\/wp\/v2\/posts"}],"about":[{"href":"https:\/\/blogin.al\/index.php?rest_route=\/wp\/v2\/types\/post"}],"author":[{"embeddable":true,"href":"https:\/\/blogin.al\/index.php?rest_route=\/wp\/v2\/users\/2"}],"replies":[{"embeddable":true,"href":"https:\/\/blogin.al\/index.php?rest_route=%2Fwp%2Fv2%2Fcomments&post=54992"}],"version-history":[{"count":1,"href":"https:\/\/blogin.al\/index.php?rest_route=\/wp\/v2\/posts\/54992\/revisions"}],"predecessor-version":[{"id":54993,"href":"https:\/\/blogin.al\/index.php?rest_route=\/wp\/v2\/posts\/54992\/revisions\/54993"}],"wp:featuredmedia":[{"embeddable":true,"href":"https:\/\/blogin.al\/index.php?rest_route=\/wp\/v2\/media\/54991"}],"wp:attachment":[{"href":"https:\/\/blogin.al\/index.php?rest_route=%2Fwp%2Fv2%2Fmedia&parent=54992"}],"wp:term":[{"taxonomy":"category","embeddable":true,"href":"https:\/\/blogin.al\/index.php?rest_route=%2Fwp%2Fv2%2Fcategories&post=54992"},{"taxonomy":"post_tag","embeddable":true,"href":"https:\/\/blogin.al\/index.php?rest_route=%2Fwp%2Fv2%2Ftags&post=54992"}],"curies":[{"name":"wp","href":"https:\/\/api.w.org\/{rel}","templated":true}]}}