{"id":55313,"date":"2025-03-02T17:49:16","date_gmt":"2025-03-02T17:49:16","guid":{"rendered":"https:\/\/blogin.al\/?p=55313"},"modified":"2025-03-02T17:49:34","modified_gmt":"2025-03-02T17:49:34","slug":"nga-thashethemet-per-lidhjen-me-ish-burrin-e-kengetares-te-historia-e-re-sekrete-e-ilnises","status":"publish","type":"post","link":"https:\/\/blogin.al\/?p=55313","title":{"rendered":"Nga thashethemet p\u00ebr lidhjen me ish-burrin e k\u00ebng\u00ebtares, te historia e re sekrete e Ilnis\u00ebs"},"content":{"rendered":"\n<p>Jeta private e Ilnisa Agollit \u00ebsht\u00eb shnd\u00ebrruar n\u00eb kryefjal\u00ebn e mediave, pik\u00ebrisht pas ndarjes q\u00eb kjo e fundit ka pasur me Meriton Mjekiqin. Edhe pse nuk ka kaluar shum\u00eb koh\u00eb nga ndarja me moderatorin duket se Ilnisa ka nisur nj\u00eb lidhje t\u00eb re.<\/p>\n\n\n\n<p>Gjith\u00e7ka \u00ebsht\u00eb zbuluar fillimisht nga postimet e saj n\u00eb rrjetet sociale. Ajo ka postuar disa foto n\u00eb Instagram-in e saj, teksa shfaqet e rrethuar me tullumbace me zemra, lule n\u00eb duar, \u00e7okollata, dhe nj\u00eb arush.<\/p>\n\n\n\n<p>Edhe pse nuk e ka b\u00ebr\u00eb t\u00eb ditur p\u00ebr ndjek\u00ebsit se nga kush i ka marr\u00eb k\u00ebto dhurata n\u00eb dit\u00ebn e t\u00eb dashuruarve, duket se Ilnisa pas ndarjes nga Meritoni, ka nj\u00eb tjet\u00ebr mashkull n\u00eb krah.<\/p>\n\n\n\n<p>\u201cT\u00eb zgjas\u00eb sa t\u00eb doj\u00eb\u201d, ka shkruar gazetarja, q\u00eb duket m\u00eb shum\u00eb si thumb p\u00ebr marr\u00ebdh\u00ebnien e saj t\u00eb shkurt\u00ebr me moderatorin nga Kosova. Kaq mjaftoi q\u00eb ndjek\u00ebsit t\u00eb shkruanin se i dashuri i ri i saj \u00ebsht\u00eb Atilla, ish-burri i Drenusha Latifit. Por shum\u00eb pak pasi lajmi u publikua, ishte pik\u00ebrisht Ilnisa ajo q\u00eb e p\u00ebrg\u00ebnjeshtroi, duke u shprehur se nuk e di nga ka dal\u00eb ky lajm.<\/p>\n\n\n\n<p>Nga ana tjet\u00ebr edhe \u201cPanorama\u201d kontaktoi me Atill\u00ebn rreth k\u00ebsaj teme, por ai preferoi q\u00eb mos t\u00eb prononcohej n\u00eb lidhje me thashethemet p\u00ebr nj\u00eb lidhje mes tij dhe Ilnis\u00ebs. Nga ato \u00e7far\u00eb mund\u00ebm t\u00eb m\u00ebsonim, i dashuri i Ilnis\u00ebs nuk \u00ebsht\u00eb nj\u00eb personazh publik dhe pak dihet rreth jet\u00ebs s\u00eb tij. Ajo q\u00eb dihet me siguri \u00ebsht\u00eb fakti se k\u00ebt\u00eb her\u00eb gazetarja ka preferuar q\u00eb k\u00ebt\u00eb histori ta mbaj\u00eb sa m\u00eb diskrete nga syt\u00eb e publikut.<\/p>\n\n\n\n<p>Nga ana tjet\u00ebr, edhe jeta private e Meriton Mjekiqit, q\u00eb pas ndarjes nga Ilnisa, ka qen\u00eb n\u00eb qend\u00ebr t\u00eb v\u00ebmendjes. Mediat shkruan pak koh\u00eb m\u00eb par\u00eb p\u00ebr nj\u00eb romanc\u00eb t\u00eb re q\u00eb moderatori ka nisur me modelen e njohur, Iren. Vet\u00eb reperi u duk sikur do t\u00eb fliste shum\u00eb shpejt p\u00ebr k\u00ebt\u00eb histori. Meritoni n\u00eb nj\u00eb intervist\u00eb \u00ebsht\u00eb pyetur edhe p\u00ebr romanc\u00ebn e re q\u00eb p\u00ebrflitet se e ka nisur me nj\u00eb modele.<\/p>\n\n\n\n<p>\u201cRomanc\u00eb e re me modelen Iren?\u201d\u2013 u pyet moderatori, nd\u00ebrsa tha: \u201c\u00c7far\u00eb t\u00eb them, t\u00eb ruaj di\u00e7ka p\u00ebr vete gjykojeni vet\u00eb se cila \u00ebsht\u00eb e v\u00ebrteta. Gj\u00ebrat q\u00eb mbesin kujtim jan\u00eb t\u00eb r\u00ebnd\u00ebsishme\u201d, u shpreh Mjekiqi.<\/p>\n","protected":false},"excerpt":{"rendered":"<p>Jeta private e Ilnisa Agollit \u00ebsht\u00eb shnd\u00ebrruar n\u00eb kryefjal\u00ebn e mediave, pik\u00ebrisht pas ndarjes q\u00eb kjo e fundit ka pasur me Meriton Mjekiqin. Edhe pse nuk ka kaluar shum\u00eb koh\u00eb nga ndarja me moderatorin duket se Ilnisa ka nisur nj\u00eb lidhje t\u00eb re. Gjith\u00e7ka \u00ebsht\u00eb zbuluar fillimisht nga postimet e saj n\u00eb rrjetet sociale. Ajo [&hellip;]<\/p>\n","protected":false},"author":2,"featured_media":55312,"comment_status":"open","ping_status":"open","sticky":false,"template":"","format":"standard","meta":{"footnotes":""},"categories":[33],"tags":[],"class_list":{"0":"post-55313","1":"post","2":"type-post","3":"status-publish","4":"format-standard","5":"has-post-thumbnail","7":"category-showbiz"},"yoast_head":"<!-- This site is optimized with the Yoast SEO plugin v27.4 - https:\/\/yoast.com\/product\/yoast-seo-wordpress\/ -->\n<title>Nga thashethemet p\u00ebr lidhjen me ish-burrin e k\u00ebng\u00ebtares, te historia e re sekrete e Ilnis\u00ebs - blogin.al<\/title>\n<meta name=\"robots\" content=\"index, follow, max-snippet:-1, max-image-preview:large, max-video-preview:-1\" \/>\n<link rel=\"canonical\" href=\"https:\/\/blogin.al\/?p=55313\" \/>\n<meta property=\"og:locale\" content=\"en_US\" \/>\n<meta property=\"og:type\" content=\"article\" \/>\n<meta property=\"og:title\" content=\"Nga thashethemet p\u00ebr lidhjen me ish-burrin e k\u00ebng\u00ebtares, te historia e re sekrete e Ilnis\u00ebs - blogin.al\" \/>\n<meta property=\"og:description\" content=\"Jeta private e Ilnisa Agollit \u00ebsht\u00eb shnd\u00ebrruar n\u00eb kryefjal\u00ebn e mediave, pik\u00ebrisht pas ndarjes q\u00eb kjo e fundit ka pasur me Meriton Mjekiqin. Edhe pse nuk ka kaluar shum\u00eb koh\u00eb nga ndarja me moderatorin duket se Ilnisa ka nisur nj\u00eb lidhje t\u00eb re. Gjith\u00e7ka \u00ebsht\u00eb zbuluar fillimisht nga postimet e saj n\u00eb rrjetet sociale. Ajo [&hellip;]\" \/>\n<meta property=\"og:url\" content=\"https:\/\/blogin.al\/?p=55313\" \/>\n<meta property=\"og:site_name\" content=\"blogin.al\" \/>\n<meta property=\"article:published_time\" content=\"2025-03-02T17:49:16+00:00\" \/>\n<meta property=\"article:modified_time\" content=\"2025-03-02T17:49:34+00:00\" \/>\n<meta property=\"og:image\" content=\"https:\/\/blogin.al\/wp-content\/uploads\/2025\/03\/Screenshot_20250302-184755_Instagram.jpg\" \/>\n\t<meta property=\"og:image:width\" content=\"983\" \/>\n\t<meta property=\"og:image:height\" content=\"827\" \/>\n\t<meta property=\"og:image:type\" content=\"image\/jpeg\" \/>\n<meta name=\"author\" content=\"Blogin al\" \/>\n<meta name=\"twitter:card\" content=\"summary_large_image\" \/>\n<meta name=\"twitter:label1\" content=\"Written by\" \/>\n\t<meta name=\"twitter:data1\" content=\"Blogin al\" \/>\n\t<meta name=\"twitter:label2\" content=\"Est. reading time\" \/>\n\t<meta name=\"twitter:data2\" content=\"2 minutes\" \/>\n<script type=\"application\/ld+json\" class=\"yoast-schema-graph\">{\"@context\":\"https:\\\/\\\/schema.org\",\"@graph\":[{\"@type\":\"Article\",\"@id\":\"https:\\\/\\\/blogin.al\\\/?p=55313#article\",\"isPartOf\":{\"@id\":\"https:\\\/\\\/blogin.al\\\/?p=55313\"},\"author\":{\"name\":\"Blogin al\",\"@id\":\"https:\\\/\\\/blogin.al\\\/#\\\/schema\\\/person\\\/abdd56bc912cd511db877b852b115399\"},\"headline\":\"Nga thashethemet p\u00ebr lidhjen me ish-burrin e k\u00ebng\u00ebtares, te historia e re sekrete e Ilnis\u00ebs\",\"datePublished\":\"2025-03-02T17:49:16+00:00\",\"dateModified\":\"2025-03-02T17:49:34+00:00\",\"mainEntityOfPage\":{\"@id\":\"https:\\\/\\\/blogin.al\\\/?p=55313\"},\"wordCount\":432,\"commentCount\":0,\"publisher\":{\"@id\":\"https:\\\/\\\/blogin.al\\\/#organization\"},\"image\":{\"@id\":\"https:\\\/\\\/blogin.al\\\/?p=55313#primaryimage\"},\"thumbnailUrl\":\"https:\\\/\\\/blogin.al\\\/wp-content\\\/uploads\\\/2025\\\/03\\\/Screenshot_20250302-184755_Instagram.jpg\",\"articleSection\":[\"SHOWBIZ\"],\"inLanguage\":\"en-US\",\"potentialAction\":[{\"@type\":\"CommentAction\",\"name\":\"Comment\",\"target\":[\"https:\\\/\\\/blogin.al\\\/?p=55313#respond\"]}]},{\"@type\":\"WebPage\",\"@id\":\"https:\\\/\\\/blogin.al\\\/?p=55313\",\"url\":\"https:\\\/\\\/blogin.al\\\/?p=55313\",\"name\":\"Nga thashethemet p\u00ebr lidhjen me ish-burrin e k\u00ebng\u00ebtares, te historia e re sekrete e Ilnis\u00ebs - blogin.al\",\"isPartOf\":{\"@id\":\"https:\\\/\\\/blogin.al\\\/#website\"},\"primaryImageOfPage\":{\"@id\":\"https:\\\/\\\/blogin.al\\\/?p=55313#primaryimage\"},\"image\":{\"@id\":\"https:\\\/\\\/blogin.al\\\/?p=55313#primaryimage\"},\"thumbnailUrl\":\"https:\\\/\\\/blogin.al\\\/wp-content\\\/uploads\\\/2025\\\/03\\\/Screenshot_20250302-184755_Instagram.jpg\",\"datePublished\":\"2025-03-02T17:49:16+00:00\",\"dateModified\":\"2025-03-02T17:49:34+00:00\",\"breadcrumb\":{\"@id\":\"https:\\\/\\\/blogin.al\\\/?p=55313#breadcrumb\"},\"inLanguage\":\"en-US\",\"potentialAction\":[{\"@type\":\"ReadAction\",\"target\":[\"https:\\\/\\\/blogin.al\\\/?p=55313\"]}]},{\"@type\":\"ImageObject\",\"inLanguage\":\"en-US\",\"@id\":\"https:\\\/\\\/blogin.al\\\/?p=55313#primaryimage\",\"url\":\"https:\\\/\\\/blogin.al\\\/wp-content\\\/uploads\\\/2025\\\/03\\\/Screenshot_20250302-184755_Instagram.jpg\",\"contentUrl\":\"https:\\\/\\\/blogin.al\\\/wp-content\\\/uploads\\\/2025\\\/03\\\/Screenshot_20250302-184755_Instagram.jpg\",\"width\":983,\"height\":827},{\"@type\":\"BreadcrumbList\",\"@id\":\"https:\\\/\\\/blogin.al\\\/?p=55313#breadcrumb\",\"itemListElement\":[{\"@type\":\"ListItem\",\"position\":1,\"name\":\"Home\",\"item\":\"https:\\\/\\\/blogin.al\\\/\"},{\"@type\":\"ListItem\",\"position\":2,\"name\":\"Nga thashethemet p\u00ebr lidhjen me ish-burrin e k\u00ebng\u00ebtares, te historia e re sekrete e Ilnis\u00ebs\"}]},{\"@type\":\"WebSite\",\"@id\":\"https:\\\/\\\/blogin.al\\\/#website\",\"url\":\"https:\\\/\\\/blogin.al\\\/\",\"name\":\"blogin.al\",\"description\":\"\",\"publisher\":{\"@id\":\"https:\\\/\\\/blogin.al\\\/#organization\"},\"potentialAction\":[{\"@type\":\"SearchAction\",\"target\":{\"@type\":\"EntryPoint\",\"urlTemplate\":\"https:\\\/\\\/blogin.al\\\/?s={search_term_string}\"},\"query-input\":{\"@type\":\"PropertyValueSpecification\",\"valueRequired\":true,\"valueName\":\"search_term_string\"}}],\"inLanguage\":\"en-US\"},{\"@type\":\"Organization\",\"@id\":\"https:\\\/\\\/blogin.al\\\/#organization\",\"name\":\"BLOGIN.al\",\"url\":\"https:\\\/\\\/blogin.al\\\/\",\"logo\":{\"@type\":\"ImageObject\",\"inLanguage\":\"en-US\",\"@id\":\"https:\\\/\\\/blogin.al\\\/#\\\/schema\\\/logo\\\/image\\\/\",\"url\":\"https:\\\/\\\/blogin.al\\\/wp-content\\\/uploads\\\/2022\\\/05\\\/Untitled-2-01-e1652084456514.png\",\"contentUrl\":\"https:\\\/\\\/blogin.al\\\/wp-content\\\/uploads\\\/2022\\\/05\\\/Untitled-2-01-e1652084456514.png\",\"width\":3723,\"height\":1698,\"caption\":\"BLOGIN.al\"},\"image\":{\"@id\":\"https:\\\/\\\/blogin.al\\\/#\\\/schema\\\/logo\\\/image\\\/\"},\"sameAs\":[\"https:\\\/\\\/instagram.com\\\/blogin.al\\\/\"]},{\"@type\":\"Person\",\"@id\":\"https:\\\/\\\/blogin.al\\\/#\\\/schema\\\/person\\\/abdd56bc912cd511db877b852b115399\",\"name\":\"Blogin al\",\"image\":{\"@type\":\"ImageObject\",\"inLanguage\":\"en-US\",\"@id\":\"https:\\\/\\\/secure.gravatar.com\\\/avatar\\\/60d5661aee6e835fb13dc75d2204cd0c1d61bef2efd137c0083e59ef831e235e?s=96&d=mm&r=g\",\"url\":\"https:\\\/\\\/secure.gravatar.com\\\/avatar\\\/60d5661aee6e835fb13dc75d2204cd0c1d61bef2efd137c0083e59ef831e235e?s=96&d=mm&r=g\",\"contentUrl\":\"https:\\\/\\\/secure.gravatar.com\\\/avatar\\\/60d5661aee6e835fb13dc75d2204cd0c1d61bef2efd137c0083e59ef831e235e?s=96&d=mm&r=g\",\"caption\":\"Blogin al\"},\"sameAs\":[\"https:\\\/\\\/blogin.al\"],\"url\":\"https:\\\/\\\/blogin.al\\\/?author=2\"}]}<\/script>\n<!-- \/ Yoast SEO plugin. -->","yoast_head_json":{"title":"Nga thashethemet p\u00ebr lidhjen me ish-burrin e k\u00ebng\u00ebtares, te historia e re sekrete e Ilnis\u00ebs - blogin.al","robots":{"index":"index","follow":"follow","max-snippet":"max-snippet:-1","max-image-preview":"max-image-preview:large","max-video-preview":"max-video-preview:-1"},"canonical":"https:\/\/blogin.al\/?p=55313","og_locale":"en_US","og_type":"article","og_title":"Nga thashethemet p\u00ebr lidhjen me ish-burrin e k\u00ebng\u00ebtares, te historia e re sekrete e Ilnis\u00ebs - blogin.al","og_description":"Jeta private e Ilnisa Agollit \u00ebsht\u00eb shnd\u00ebrruar n\u00eb kryefjal\u00ebn e mediave, pik\u00ebrisht pas ndarjes q\u00eb kjo e fundit ka pasur me Meriton Mjekiqin. Edhe pse nuk ka kaluar shum\u00eb koh\u00eb nga ndarja me moderatorin duket se Ilnisa ka nisur nj\u00eb lidhje t\u00eb re. Gjith\u00e7ka \u00ebsht\u00eb zbuluar fillimisht nga postimet e saj n\u00eb rrjetet sociale. Ajo [&hellip;]","og_url":"https:\/\/blogin.al\/?p=55313","og_site_name":"blogin.al","article_published_time":"2025-03-02T17:49:16+00:00","article_modified_time":"2025-03-02T17:49:34+00:00","og_image":[{"width":983,"height":827,"url":"https:\/\/blogin.al\/wp-content\/uploads\/2025\/03\/Screenshot_20250302-184755_Instagram.jpg","type":"image\/jpeg"}],"author":"Blogin al","twitter_card":"summary_large_image","twitter_misc":{"Written by":"Blogin al","Est. reading time":"2 minutes"},"schema":{"@context":"https:\/\/schema.org","@graph":[{"@type":"Article","@id":"https:\/\/blogin.al\/?p=55313#article","isPartOf":{"@id":"https:\/\/blogin.al\/?p=55313"},"author":{"name":"Blogin al","@id":"https:\/\/blogin.al\/#\/schema\/person\/abdd56bc912cd511db877b852b115399"},"headline":"Nga thashethemet p\u00ebr lidhjen me ish-burrin e k\u00ebng\u00ebtares, te historia e re sekrete e Ilnis\u00ebs","datePublished":"2025-03-02T17:49:16+00:00","dateModified":"2025-03-02T17:49:34+00:00","mainEntityOfPage":{"@id":"https:\/\/blogin.al\/?p=55313"},"wordCount":432,"commentCount":0,"publisher":{"@id":"https:\/\/blogin.al\/#organization"},"image":{"@id":"https:\/\/blogin.al\/?p=55313#primaryimage"},"thumbnailUrl":"https:\/\/blogin.al\/wp-content\/uploads\/2025\/03\/Screenshot_20250302-184755_Instagram.jpg","articleSection":["SHOWBIZ"],"inLanguage":"en-US","potentialAction":[{"@type":"CommentAction","name":"Comment","target":["https:\/\/blogin.al\/?p=55313#respond"]}]},{"@type":"WebPage","@id":"https:\/\/blogin.al\/?p=55313","url":"https:\/\/blogin.al\/?p=55313","name":"Nga thashethemet p\u00ebr lidhjen me ish-burrin e k\u00ebng\u00ebtares, te historia e re sekrete e Ilnis\u00ebs - blogin.al","isPartOf":{"@id":"https:\/\/blogin.al\/#website"},"primaryImageOfPage":{"@id":"https:\/\/blogin.al\/?p=55313#primaryimage"},"image":{"@id":"https:\/\/blogin.al\/?p=55313#primaryimage"},"thumbnailUrl":"https:\/\/blogin.al\/wp-content\/uploads\/2025\/03\/Screenshot_20250302-184755_Instagram.jpg","datePublished":"2025-03-02T17:49:16+00:00","dateModified":"2025-03-02T17:49:34+00:00","breadcrumb":{"@id":"https:\/\/blogin.al\/?p=55313#breadcrumb"},"inLanguage":"en-US","potentialAction":[{"@type":"ReadAction","target":["https:\/\/blogin.al\/?p=55313"]}]},{"@type":"ImageObject","inLanguage":"en-US","@id":"https:\/\/blogin.al\/?p=55313#primaryimage","url":"https:\/\/blogin.al\/wp-content\/uploads\/2025\/03\/Screenshot_20250302-184755_Instagram.jpg","contentUrl":"https:\/\/blogin.al\/wp-content\/uploads\/2025\/03\/Screenshot_20250302-184755_Instagram.jpg","width":983,"height":827},{"@type":"BreadcrumbList","@id":"https:\/\/blogin.al\/?p=55313#breadcrumb","itemListElement":[{"@type":"ListItem","position":1,"name":"Home","item":"https:\/\/blogin.al\/"},{"@type":"ListItem","position":2,"name":"Nga thashethemet p\u00ebr lidhjen me ish-burrin e k\u00ebng\u00ebtares, te historia e re sekrete e Ilnis\u00ebs"}]},{"@type":"WebSite","@id":"https:\/\/blogin.al\/#website","url":"https:\/\/blogin.al\/","name":"blogin.al","description":"","publisher":{"@id":"https:\/\/blogin.al\/#organization"},"potentialAction":[{"@type":"SearchAction","target":{"@type":"EntryPoint","urlTemplate":"https:\/\/blogin.al\/?s={search_term_string}"},"query-input":{"@type":"PropertyValueSpecification","valueRequired":true,"valueName":"search_term_string"}}],"inLanguage":"en-US"},{"@type":"Organization","@id":"https:\/\/blogin.al\/#organization","name":"BLOGIN.al","url":"https:\/\/blogin.al\/","logo":{"@type":"ImageObject","inLanguage":"en-US","@id":"https:\/\/blogin.al\/#\/schema\/logo\/image\/","url":"https:\/\/blogin.al\/wp-content\/uploads\/2022\/05\/Untitled-2-01-e1652084456514.png","contentUrl":"https:\/\/blogin.al\/wp-content\/uploads\/2022\/05\/Untitled-2-01-e1652084456514.png","width":3723,"height":1698,"caption":"BLOGIN.al"},"image":{"@id":"https:\/\/blogin.al\/#\/schema\/logo\/image\/"},"sameAs":["https:\/\/instagram.com\/blogin.al\/"]},{"@type":"Person","@id":"https:\/\/blogin.al\/#\/schema\/person\/abdd56bc912cd511db877b852b115399","name":"Blogin al","image":{"@type":"ImageObject","inLanguage":"en-US","@id":"https:\/\/secure.gravatar.com\/avatar\/60d5661aee6e835fb13dc75d2204cd0c1d61bef2efd137c0083e59ef831e235e?s=96&d=mm&r=g","url":"https:\/\/secure.gravatar.com\/avatar\/60d5661aee6e835fb13dc75d2204cd0c1d61bef2efd137c0083e59ef831e235e?s=96&d=mm&r=g","contentUrl":"https:\/\/secure.gravatar.com\/avatar\/60d5661aee6e835fb13dc75d2204cd0c1d61bef2efd137c0083e59ef831e235e?s=96&d=mm&r=g","caption":"Blogin al"},"sameAs":["https:\/\/blogin.al"],"url":"https:\/\/blogin.al\/?author=2"}]}},"_links":{"self":[{"href":"https:\/\/blogin.al\/index.php?rest_route=\/wp\/v2\/posts\/55313","targetHints":{"allow":["GET"]}}],"collection":[{"href":"https:\/\/blogin.al\/index.php?rest_route=\/wp\/v2\/posts"}],"about":[{"href":"https:\/\/blogin.al\/index.php?rest_route=\/wp\/v2\/types\/post"}],"author":[{"embeddable":true,"href":"https:\/\/blogin.al\/index.php?rest_route=\/wp\/v2\/users\/2"}],"replies":[{"embeddable":true,"href":"https:\/\/blogin.al\/index.php?rest_route=%2Fwp%2Fv2%2Fcomments&post=55313"}],"version-history":[{"count":1,"href":"https:\/\/blogin.al\/index.php?rest_route=\/wp\/v2\/posts\/55313\/revisions"}],"predecessor-version":[{"id":55314,"href":"https:\/\/blogin.al\/index.php?rest_route=\/wp\/v2\/posts\/55313\/revisions\/55314"}],"wp:featuredmedia":[{"embeddable":true,"href":"https:\/\/blogin.al\/index.php?rest_route=\/wp\/v2\/media\/55312"}],"wp:attachment":[{"href":"https:\/\/blogin.al\/index.php?rest_route=%2Fwp%2Fv2%2Fmedia&parent=55313"}],"wp:term":[{"taxonomy":"category","embeddable":true,"href":"https:\/\/blogin.al\/index.php?rest_route=%2Fwp%2Fv2%2Fcategories&post=55313"},{"taxonomy":"post_tag","embeddable":true,"href":"https:\/\/blogin.al\/index.php?rest_route=%2Fwp%2Fv2%2Ftags&post=55313"}],"curies":[{"name":"wp","href":"https:\/\/api.w.org\/{rel}","templated":true}]}}