{"id":55556,"date":"2025-03-08T11:39:12","date_gmt":"2025-03-08T11:39:12","guid":{"rendered":"https:\/\/blogin.al\/?p=55556"},"modified":"2025-03-08T11:39:36","modified_gmt":"2025-03-08T11:39:36","slug":"8-marsi-dita-nderkombetare-e-gruas-por-si-lindi-kjo-dite","status":"publish","type":"post","link":"https:\/\/blogin.al\/?p=55556","title":{"rendered":"8 Marsi, Dita Nd\u00ebrkomb\u00ebtare e Gruas. Por si lindi kjo dit\u00eb?"},"content":{"rendered":"\n<p>Sot \u00ebsht\u00eb 8 Marsi, Dita Nd\u00ebrkomb\u00ebtare e Gruas, e cila festohet n\u00ebp\u00ebrmjet aktiviteteve t\u00eb shumta. N\u00eb Shqip\u00ebri kjo fest\u00eb \u00ebsht\u00eb kthyer n\u00eb nj\u00eb simbol t\u00eb ve\u00e7ant\u00eb p\u00ebr n\u00ebnat dhe vajzat, t\u00eb cilat n\u00eb k\u00ebt\u00eb dit\u00eb ndihen t\u00eb privilegjuara. Ato marrin dhurata nga f\u00ebmij\u00ebt apo bashk\u00ebshort\u00ebt, n\u00eb shenj\u00eb mir\u00ebnjohje dhe respekti. Kjo dit\u00eb sh\u00ebrben jo vet\u00ebm p\u00ebr bashkimin e grave pa dallim feje, race, kulture, gjuhe dhe prejardhjeje, por edhe p\u00ebr t\u00eb kujtuar p\u00ebrpjekjet p\u00ebr barazi, paqe, drejt\u00ebsi dhe nd\u00ebrtim.<\/p>\n\n\n\n<p>Dita e Gruas u vendos fillimisht n\u00eb p\u00ebrkujtim t\u00eb demonstrat\u00ebs s\u00eb grave pun\u00ebtore n\u00eb Nju Jork.<br><br>Zyrtarisht Dita Nd\u00ebrkomb\u00ebtare e Gruas u vendos n\u00eb Shtetet e Bashkuara m\u00eb 28 shkurt t\u00eb vitit 1909, ku\u00a0 at\u00eb dit\u00eb u organizua nj\u00eb manifestim i madh, n\u00eb t\u00eb cilin k\u00ebrkohej e drejta e grave p\u00ebr t\u00eb votuar. Ky ishte nj\u00eb diskutim i hersh\u00ebm, si n\u00eb SHBA (jan\u00eb t\u00eb famsh\u00ebm artikujt e socialistes Corinne Brown), si n\u00eb Kongresin e VII Nd\u00ebrkomb\u00ebtar Socialsit (i mbajtur n\u00eb Shtutgard n\u00eb vitin 1907).<\/p>\n\n\n\n<p>Demonstratave q\u00eb kishin si q\u00ebllim votimin, shum\u00eb shpejt ju bashkuan edhe pretendime t\u00eb tjera p\u00ebr t\u00eb drejtat e grave. Nga n\u00ebntori i vitit 1908 deri n\u00eb shkurt 1909 mij\u00ebra pun\u00ebtore n\u00eb Nju Jork hyn\u00eb n\u00eb grev\u00eb p\u00ebr dit\u00eb t\u00eb t\u00ebra duke k\u00ebrkuar rritjen e rrog\u00ebs dhe p\u00ebrmir\u00ebsim t\u00eb kushteve t\u00eb pun\u00ebs.<br><br>M\u00eb 25 mars t\u00eb vitit 1911 kupa u mbush: n\u00eb fabrik\u00ebn \u201cTriangle\u201d n\u00eb Nju Jork shp\u00ebrtheu nj\u00eb zjarr dhe 146 punonj\u00ebse (gra t\u00eb reja emigrante), humb\u00ebn jet\u00ebn. Q\u00eb nga ky moment manifestimet e grave u shum\u00ebfishuan n\u00eb shum\u00eb vende.<\/p>\n\n\n\n<p>Nj\u00eb gj\u00eb \u00ebsht\u00eb e sigurt, forca dhe mb\u00ebshtetja nga protesta n\u00eb fest\u00eb p\u00ebr dit\u00ebn e 8-Marsit e b\u00ebn sot at\u00eb t\u00eb jet\u00eb n\u00eb qend\u00ebr t\u00eb v\u00ebmendjes p\u00ebr gruan, n\u00ebn\u00ebn.<br><br>Mos kij druajtje p\u00ebr t\u00eb p\u00ebrtypur at\u00eb \u00e7far\u00eb t\u00eb takon, p\u00ebr t\u00eb shijuar e ndjer\u00eb ashtu si\u00e7 vet\u00ebm ti di t\u00eb veprosh. Sot t\u2019i zgjon hare, p\u00ebrkushtim, nga njer\u00ebzit q\u00eb ty t\u00eb duan m\u00eb shum\u00eb. Sot t\u2019i do d\u00ebgjosh fjal\u00eb zemre, do e gjesh veten t\u00eb pikturuar n\u00eb letra shum\u00ebngjyr\u00ebshe, \u00e7aste magjike.<br><br>Dedikimi \u00ebsht\u00eb p\u00ebr \u00e7do dit\u00eb t\u00ebnden e p\u00ebrmbushur me p\u00ebrkushtimin q\u00eb ke falur ti.<\/p>\n","protected":false},"excerpt":{"rendered":"<p>Sot \u00ebsht\u00eb 8 Marsi, Dita Nd\u00ebrkomb\u00ebtare e Gruas, e cila festohet n\u00ebp\u00ebrmjet aktiviteteve t\u00eb shumta. N\u00eb Shqip\u00ebri kjo fest\u00eb \u00ebsht\u00eb kthyer n\u00eb nj\u00eb simbol t\u00eb ve\u00e7ant\u00eb p\u00ebr n\u00ebnat dhe vajzat, t\u00eb cilat n\u00eb k\u00ebt\u00eb dit\u00eb ndihen t\u00eb privilegjuara. Ato marrin dhurata nga f\u00ebmij\u00ebt apo bashk\u00ebshort\u00ebt, n\u00eb shenj\u00eb mir\u00ebnjohje dhe respekti. Kjo dit\u00eb sh\u00ebrben jo vet\u00ebm [&hellip;]<\/p>\n","protected":false},"author":2,"featured_media":55555,"comment_status":"open","ping_status":"open","sticky":false,"template":"","format":"standard","meta":{"footnotes":""},"categories":[28],"tags":[],"class_list":{"0":"post-55556","1":"post","2":"type-post","3":"status-publish","4":"format-standard","5":"has-post-thumbnail","7":"category-lifestyle"},"yoast_head":"<!-- This site is optimized with the Yoast SEO plugin v27.4 - https:\/\/yoast.com\/product\/yoast-seo-wordpress\/ -->\n<title>8 Marsi, Dita Nd\u00ebrkomb\u00ebtare e Gruas. Por si lindi kjo dit\u00eb? - blogin.al<\/title>\n<meta name=\"robots\" content=\"index, follow, max-snippet:-1, max-image-preview:large, max-video-preview:-1\" \/>\n<link rel=\"canonical\" href=\"https:\/\/blogin.al\/?p=55556\" \/>\n<meta property=\"og:locale\" content=\"en_US\" \/>\n<meta property=\"og:type\" content=\"article\" \/>\n<meta property=\"og:title\" content=\"8 Marsi, Dita Nd\u00ebrkomb\u00ebtare e Gruas. Por si lindi kjo dit\u00eb? - blogin.al\" \/>\n<meta property=\"og:description\" content=\"Sot \u00ebsht\u00eb 8 Marsi, Dita Nd\u00ebrkomb\u00ebtare e Gruas, e cila festohet n\u00ebp\u00ebrmjet aktiviteteve t\u00eb shumta. N\u00eb Shqip\u00ebri kjo fest\u00eb \u00ebsht\u00eb kthyer n\u00eb nj\u00eb simbol t\u00eb ve\u00e7ant\u00eb p\u00ebr n\u00ebnat dhe vajzat, t\u00eb cilat n\u00eb k\u00ebt\u00eb dit\u00eb ndihen t\u00eb privilegjuara. Ato marrin dhurata nga f\u00ebmij\u00ebt apo bashk\u00ebshort\u00ebt, n\u00eb shenj\u00eb mir\u00ebnjohje dhe respekti. Kjo dit\u00eb sh\u00ebrben jo vet\u00ebm [&hellip;]\" \/>\n<meta property=\"og:url\" content=\"https:\/\/blogin.al\/?p=55556\" \/>\n<meta property=\"og:site_name\" content=\"blogin.al\" \/>\n<meta property=\"article:published_time\" content=\"2025-03-08T11:39:12+00:00\" \/>\n<meta property=\"article:modified_time\" content=\"2025-03-08T11:39:36+00:00\" \/>\n<meta property=\"og:image\" content=\"https:\/\/blogin.al\/wp-content\/uploads\/2025\/03\/8-march-international-womens-day-logo-design-template-c3ca5978d5fcf70d9b93d8c4de6bb77c-screen-1675852823.jpg\" \/>\n\t<meta property=\"og:image:width\" content=\"740\" \/>\n\t<meta property=\"og:image:height\" content=\"740\" \/>\n\t<meta property=\"og:image:type\" content=\"image\/jpeg\" \/>\n<meta name=\"author\" content=\"Blogin al\" \/>\n<meta name=\"twitter:card\" content=\"summary_large_image\" \/>\n<meta name=\"twitter:label1\" content=\"Written by\" \/>\n\t<meta name=\"twitter:data1\" content=\"Blogin al\" \/>\n\t<meta name=\"twitter:label2\" content=\"Est. reading time\" \/>\n\t<meta name=\"twitter:data2\" content=\"2 minutes\" \/>\n<script type=\"application\/ld+json\" class=\"yoast-schema-graph\">{\"@context\":\"https:\\\/\\\/schema.org\",\"@graph\":[{\"@type\":\"Article\",\"@id\":\"https:\\\/\\\/blogin.al\\\/?p=55556#article\",\"isPartOf\":{\"@id\":\"https:\\\/\\\/blogin.al\\\/?p=55556\"},\"author\":{\"name\":\"Blogin al\",\"@id\":\"https:\\\/\\\/blogin.al\\\/#\\\/schema\\\/person\\\/abdd56bc912cd511db877b852b115399\"},\"headline\":\"8 Marsi, Dita Nd\u00ebrkomb\u00ebtare e Gruas. Por si lindi kjo dit\u00eb?\",\"datePublished\":\"2025-03-08T11:39:12+00:00\",\"dateModified\":\"2025-03-08T11:39:36+00:00\",\"mainEntityOfPage\":{\"@id\":\"https:\\\/\\\/blogin.al\\\/?p=55556\"},\"wordCount\":426,\"commentCount\":0,\"publisher\":{\"@id\":\"https:\\\/\\\/blogin.al\\\/#organization\"},\"image\":{\"@id\":\"https:\\\/\\\/blogin.al\\\/?p=55556#primaryimage\"},\"thumbnailUrl\":\"https:\\\/\\\/blogin.al\\\/wp-content\\\/uploads\\\/2025\\\/03\\\/8-march-international-womens-day-logo-design-template-c3ca5978d5fcf70d9b93d8c4de6bb77c-screen-1675852823.jpg\",\"articleSection\":[\"LIFESTYLE\"],\"inLanguage\":\"en-US\",\"potentialAction\":[{\"@type\":\"CommentAction\",\"name\":\"Comment\",\"target\":[\"https:\\\/\\\/blogin.al\\\/?p=55556#respond\"]}]},{\"@type\":\"WebPage\",\"@id\":\"https:\\\/\\\/blogin.al\\\/?p=55556\",\"url\":\"https:\\\/\\\/blogin.al\\\/?p=55556\",\"name\":\"8 Marsi, Dita Nd\u00ebrkomb\u00ebtare e Gruas. Por si lindi kjo dit\u00eb? - blogin.al\",\"isPartOf\":{\"@id\":\"https:\\\/\\\/blogin.al\\\/#website\"},\"primaryImageOfPage\":{\"@id\":\"https:\\\/\\\/blogin.al\\\/?p=55556#primaryimage\"},\"image\":{\"@id\":\"https:\\\/\\\/blogin.al\\\/?p=55556#primaryimage\"},\"thumbnailUrl\":\"https:\\\/\\\/blogin.al\\\/wp-content\\\/uploads\\\/2025\\\/03\\\/8-march-international-womens-day-logo-design-template-c3ca5978d5fcf70d9b93d8c4de6bb77c-screen-1675852823.jpg\",\"datePublished\":\"2025-03-08T11:39:12+00:00\",\"dateModified\":\"2025-03-08T11:39:36+00:00\",\"breadcrumb\":{\"@id\":\"https:\\\/\\\/blogin.al\\\/?p=55556#breadcrumb\"},\"inLanguage\":\"en-US\",\"potentialAction\":[{\"@type\":\"ReadAction\",\"target\":[\"https:\\\/\\\/blogin.al\\\/?p=55556\"]}]},{\"@type\":\"ImageObject\",\"inLanguage\":\"en-US\",\"@id\":\"https:\\\/\\\/blogin.al\\\/?p=55556#primaryimage\",\"url\":\"https:\\\/\\\/blogin.al\\\/wp-content\\\/uploads\\\/2025\\\/03\\\/8-march-international-womens-day-logo-design-template-c3ca5978d5fcf70d9b93d8c4de6bb77c-screen-1675852823.jpg\",\"contentUrl\":\"https:\\\/\\\/blogin.al\\\/wp-content\\\/uploads\\\/2025\\\/03\\\/8-march-international-womens-day-logo-design-template-c3ca5978d5fcf70d9b93d8c4de6bb77c-screen-1675852823.jpg\",\"width\":740,\"height\":740},{\"@type\":\"BreadcrumbList\",\"@id\":\"https:\\\/\\\/blogin.al\\\/?p=55556#breadcrumb\",\"itemListElement\":[{\"@type\":\"ListItem\",\"position\":1,\"name\":\"Home\",\"item\":\"https:\\\/\\\/blogin.al\\\/\"},{\"@type\":\"ListItem\",\"position\":2,\"name\":\"8 Marsi, Dita Nd\u00ebrkomb\u00ebtare e Gruas. Por si lindi kjo dit\u00eb?\"}]},{\"@type\":\"WebSite\",\"@id\":\"https:\\\/\\\/blogin.al\\\/#website\",\"url\":\"https:\\\/\\\/blogin.al\\\/\",\"name\":\"blogin.al\",\"description\":\"\",\"publisher\":{\"@id\":\"https:\\\/\\\/blogin.al\\\/#organization\"},\"potentialAction\":[{\"@type\":\"SearchAction\",\"target\":{\"@type\":\"EntryPoint\",\"urlTemplate\":\"https:\\\/\\\/blogin.al\\\/?s={search_term_string}\"},\"query-input\":{\"@type\":\"PropertyValueSpecification\",\"valueRequired\":true,\"valueName\":\"search_term_string\"}}],\"inLanguage\":\"en-US\"},{\"@type\":\"Organization\",\"@id\":\"https:\\\/\\\/blogin.al\\\/#organization\",\"name\":\"BLOGIN.al\",\"url\":\"https:\\\/\\\/blogin.al\\\/\",\"logo\":{\"@type\":\"ImageObject\",\"inLanguage\":\"en-US\",\"@id\":\"https:\\\/\\\/blogin.al\\\/#\\\/schema\\\/logo\\\/image\\\/\",\"url\":\"https:\\\/\\\/blogin.al\\\/wp-content\\\/uploads\\\/2022\\\/05\\\/Untitled-2-01-e1652084456514.png\",\"contentUrl\":\"https:\\\/\\\/blogin.al\\\/wp-content\\\/uploads\\\/2022\\\/05\\\/Untitled-2-01-e1652084456514.png\",\"width\":3723,\"height\":1698,\"caption\":\"BLOGIN.al\"},\"image\":{\"@id\":\"https:\\\/\\\/blogin.al\\\/#\\\/schema\\\/logo\\\/image\\\/\"},\"sameAs\":[\"https:\\\/\\\/instagram.com\\\/blogin.al\\\/\"]},{\"@type\":\"Person\",\"@id\":\"https:\\\/\\\/blogin.al\\\/#\\\/schema\\\/person\\\/abdd56bc912cd511db877b852b115399\",\"name\":\"Blogin al\",\"image\":{\"@type\":\"ImageObject\",\"inLanguage\":\"en-US\",\"@id\":\"https:\\\/\\\/secure.gravatar.com\\\/avatar\\\/60d5661aee6e835fb13dc75d2204cd0c1d61bef2efd137c0083e59ef831e235e?s=96&d=mm&r=g\",\"url\":\"https:\\\/\\\/secure.gravatar.com\\\/avatar\\\/60d5661aee6e835fb13dc75d2204cd0c1d61bef2efd137c0083e59ef831e235e?s=96&d=mm&r=g\",\"contentUrl\":\"https:\\\/\\\/secure.gravatar.com\\\/avatar\\\/60d5661aee6e835fb13dc75d2204cd0c1d61bef2efd137c0083e59ef831e235e?s=96&d=mm&r=g\",\"caption\":\"Blogin al\"},\"sameAs\":[\"https:\\\/\\\/blogin.al\"],\"url\":\"https:\\\/\\\/blogin.al\\\/?author=2\"}]}<\/script>\n<!-- \/ Yoast SEO plugin. -->","yoast_head_json":{"title":"8 Marsi, Dita Nd\u00ebrkomb\u00ebtare e Gruas. Por si lindi kjo dit\u00eb? - blogin.al","robots":{"index":"index","follow":"follow","max-snippet":"max-snippet:-1","max-image-preview":"max-image-preview:large","max-video-preview":"max-video-preview:-1"},"canonical":"https:\/\/blogin.al\/?p=55556","og_locale":"en_US","og_type":"article","og_title":"8 Marsi, Dita Nd\u00ebrkomb\u00ebtare e Gruas. Por si lindi kjo dit\u00eb? - blogin.al","og_description":"Sot \u00ebsht\u00eb 8 Marsi, Dita Nd\u00ebrkomb\u00ebtare e Gruas, e cila festohet n\u00ebp\u00ebrmjet aktiviteteve t\u00eb shumta. N\u00eb Shqip\u00ebri kjo fest\u00eb \u00ebsht\u00eb kthyer n\u00eb nj\u00eb simbol t\u00eb ve\u00e7ant\u00eb p\u00ebr n\u00ebnat dhe vajzat, t\u00eb cilat n\u00eb k\u00ebt\u00eb dit\u00eb ndihen t\u00eb privilegjuara. Ato marrin dhurata nga f\u00ebmij\u00ebt apo bashk\u00ebshort\u00ebt, n\u00eb shenj\u00eb mir\u00ebnjohje dhe respekti. Kjo dit\u00eb sh\u00ebrben jo vet\u00ebm [&hellip;]","og_url":"https:\/\/blogin.al\/?p=55556","og_site_name":"blogin.al","article_published_time":"2025-03-08T11:39:12+00:00","article_modified_time":"2025-03-08T11:39:36+00:00","og_image":[{"width":740,"height":740,"url":"https:\/\/blogin.al\/wp-content\/uploads\/2025\/03\/8-march-international-womens-day-logo-design-template-c3ca5978d5fcf70d9b93d8c4de6bb77c-screen-1675852823.jpg","type":"image\/jpeg"}],"author":"Blogin al","twitter_card":"summary_large_image","twitter_misc":{"Written by":"Blogin al","Est. reading time":"2 minutes"},"schema":{"@context":"https:\/\/schema.org","@graph":[{"@type":"Article","@id":"https:\/\/blogin.al\/?p=55556#article","isPartOf":{"@id":"https:\/\/blogin.al\/?p=55556"},"author":{"name":"Blogin al","@id":"https:\/\/blogin.al\/#\/schema\/person\/abdd56bc912cd511db877b852b115399"},"headline":"8 Marsi, Dita Nd\u00ebrkomb\u00ebtare e Gruas. Por si lindi kjo dit\u00eb?","datePublished":"2025-03-08T11:39:12+00:00","dateModified":"2025-03-08T11:39:36+00:00","mainEntityOfPage":{"@id":"https:\/\/blogin.al\/?p=55556"},"wordCount":426,"commentCount":0,"publisher":{"@id":"https:\/\/blogin.al\/#organization"},"image":{"@id":"https:\/\/blogin.al\/?p=55556#primaryimage"},"thumbnailUrl":"https:\/\/blogin.al\/wp-content\/uploads\/2025\/03\/8-march-international-womens-day-logo-design-template-c3ca5978d5fcf70d9b93d8c4de6bb77c-screen-1675852823.jpg","articleSection":["LIFESTYLE"],"inLanguage":"en-US","potentialAction":[{"@type":"CommentAction","name":"Comment","target":["https:\/\/blogin.al\/?p=55556#respond"]}]},{"@type":"WebPage","@id":"https:\/\/blogin.al\/?p=55556","url":"https:\/\/blogin.al\/?p=55556","name":"8 Marsi, Dita Nd\u00ebrkomb\u00ebtare e Gruas. Por si lindi kjo dit\u00eb? - blogin.al","isPartOf":{"@id":"https:\/\/blogin.al\/#website"},"primaryImageOfPage":{"@id":"https:\/\/blogin.al\/?p=55556#primaryimage"},"image":{"@id":"https:\/\/blogin.al\/?p=55556#primaryimage"},"thumbnailUrl":"https:\/\/blogin.al\/wp-content\/uploads\/2025\/03\/8-march-international-womens-day-logo-design-template-c3ca5978d5fcf70d9b93d8c4de6bb77c-screen-1675852823.jpg","datePublished":"2025-03-08T11:39:12+00:00","dateModified":"2025-03-08T11:39:36+00:00","breadcrumb":{"@id":"https:\/\/blogin.al\/?p=55556#breadcrumb"},"inLanguage":"en-US","potentialAction":[{"@type":"ReadAction","target":["https:\/\/blogin.al\/?p=55556"]}]},{"@type":"ImageObject","inLanguage":"en-US","@id":"https:\/\/blogin.al\/?p=55556#primaryimage","url":"https:\/\/blogin.al\/wp-content\/uploads\/2025\/03\/8-march-international-womens-day-logo-design-template-c3ca5978d5fcf70d9b93d8c4de6bb77c-screen-1675852823.jpg","contentUrl":"https:\/\/blogin.al\/wp-content\/uploads\/2025\/03\/8-march-international-womens-day-logo-design-template-c3ca5978d5fcf70d9b93d8c4de6bb77c-screen-1675852823.jpg","width":740,"height":740},{"@type":"BreadcrumbList","@id":"https:\/\/blogin.al\/?p=55556#breadcrumb","itemListElement":[{"@type":"ListItem","position":1,"name":"Home","item":"https:\/\/blogin.al\/"},{"@type":"ListItem","position":2,"name":"8 Marsi, Dita Nd\u00ebrkomb\u00ebtare e Gruas. Por si lindi kjo dit\u00eb?"}]},{"@type":"WebSite","@id":"https:\/\/blogin.al\/#website","url":"https:\/\/blogin.al\/","name":"blogin.al","description":"","publisher":{"@id":"https:\/\/blogin.al\/#organization"},"potentialAction":[{"@type":"SearchAction","target":{"@type":"EntryPoint","urlTemplate":"https:\/\/blogin.al\/?s={search_term_string}"},"query-input":{"@type":"PropertyValueSpecification","valueRequired":true,"valueName":"search_term_string"}}],"inLanguage":"en-US"},{"@type":"Organization","@id":"https:\/\/blogin.al\/#organization","name":"BLOGIN.al","url":"https:\/\/blogin.al\/","logo":{"@type":"ImageObject","inLanguage":"en-US","@id":"https:\/\/blogin.al\/#\/schema\/logo\/image\/","url":"https:\/\/blogin.al\/wp-content\/uploads\/2022\/05\/Untitled-2-01-e1652084456514.png","contentUrl":"https:\/\/blogin.al\/wp-content\/uploads\/2022\/05\/Untitled-2-01-e1652084456514.png","width":3723,"height":1698,"caption":"BLOGIN.al"},"image":{"@id":"https:\/\/blogin.al\/#\/schema\/logo\/image\/"},"sameAs":["https:\/\/instagram.com\/blogin.al\/"]},{"@type":"Person","@id":"https:\/\/blogin.al\/#\/schema\/person\/abdd56bc912cd511db877b852b115399","name":"Blogin al","image":{"@type":"ImageObject","inLanguage":"en-US","@id":"https:\/\/secure.gravatar.com\/avatar\/60d5661aee6e835fb13dc75d2204cd0c1d61bef2efd137c0083e59ef831e235e?s=96&d=mm&r=g","url":"https:\/\/secure.gravatar.com\/avatar\/60d5661aee6e835fb13dc75d2204cd0c1d61bef2efd137c0083e59ef831e235e?s=96&d=mm&r=g","contentUrl":"https:\/\/secure.gravatar.com\/avatar\/60d5661aee6e835fb13dc75d2204cd0c1d61bef2efd137c0083e59ef831e235e?s=96&d=mm&r=g","caption":"Blogin al"},"sameAs":["https:\/\/blogin.al"],"url":"https:\/\/blogin.al\/?author=2"}]}},"_links":{"self":[{"href":"https:\/\/blogin.al\/index.php?rest_route=\/wp\/v2\/posts\/55556","targetHints":{"allow":["GET"]}}],"collection":[{"href":"https:\/\/blogin.al\/index.php?rest_route=\/wp\/v2\/posts"}],"about":[{"href":"https:\/\/blogin.al\/index.php?rest_route=\/wp\/v2\/types\/post"}],"author":[{"embeddable":true,"href":"https:\/\/blogin.al\/index.php?rest_route=\/wp\/v2\/users\/2"}],"replies":[{"embeddable":true,"href":"https:\/\/blogin.al\/index.php?rest_route=%2Fwp%2Fv2%2Fcomments&post=55556"}],"version-history":[{"count":1,"href":"https:\/\/blogin.al\/index.php?rest_route=\/wp\/v2\/posts\/55556\/revisions"}],"predecessor-version":[{"id":55557,"href":"https:\/\/blogin.al\/index.php?rest_route=\/wp\/v2\/posts\/55556\/revisions\/55557"}],"wp:featuredmedia":[{"embeddable":true,"href":"https:\/\/blogin.al\/index.php?rest_route=\/wp\/v2\/media\/55555"}],"wp:attachment":[{"href":"https:\/\/blogin.al\/index.php?rest_route=%2Fwp%2Fv2%2Fmedia&parent=55556"}],"wp:term":[{"taxonomy":"category","embeddable":true,"href":"https:\/\/blogin.al\/index.php?rest_route=%2Fwp%2Fv2%2Fcategories&post=55556"},{"taxonomy":"post_tag","embeddable":true,"href":"https:\/\/blogin.al\/index.php?rest_route=%2Fwp%2Fv2%2Ftags&post=55556"}],"curies":[{"name":"wp","href":"https:\/\/api.w.org\/{rel}","templated":true}]}}