{"id":56239,"date":"2025-03-20T11:34:27","date_gmt":"2025-03-20T11:34:27","guid":{"rendered":"https:\/\/blogin.al\/?p=56239"},"modified":"2025-03-20T11:34:41","modified_gmt":"2025-03-20T11:34:41","slug":"mbyllja-e-tiktok-ja-si-shprehet-kryeministri-per-kete-vendim","status":"publish","type":"post","link":"https:\/\/blogin.al\/?p=56239","title":{"rendered":"Mbyllja e TikTok\/ Ja si shprehet kryeministri p\u00ebr k\u00ebt\u00eb vendim"},"content":{"rendered":"\n<p>Kryeministri Edi Rama u shpreh se mbyllja e Tik Tok \u00ebsht\u00eb sipas tij gj\u00ebja m\u00eb e sh\u00ebndetshme q\u00eb duhet t\u00eb b\u00ebhej.<br><br>Teksa po u p\u00ebrgjigjej komentuesve n\u00eb rrjete sociale, Rama tha se qeveria po punon me kompanin\u00eb e TikTok p\u00ebr mbylljen p\u00ebrfundimtare dhe po presin nj\u00eb plan p\u00ebr filtrat q\u00eb do t\u00eb vendos\u00eb p\u00ebr t\u00eb siguruar f\u00ebmij\u00ebt dhe p\u00ebr t\u00eb minimizuar bullizmat.<\/p>\n\n\n\n<p>Rama shtoi se 95% prind\u00ebr e m\u00ebsues jan\u00eb shprehur pro mbylljes s\u00eb TikTok duke vendosur interesin e f\u00ebmij\u00ebve para tifoll\u00ebzkut partiak.<\/p>\n\n\n\n<p>&#8221; <em>Nuk \u00ebsht\u00eb \u00e7menduri por gj\u00ebja m\u00eb e sh\u00ebndetshme \u00a0q\u00eb mund t\u00eb b\u00ebhet dhe ajo q\u00eb ne po b\u00ebjm\u00eb nuk \u00ebsht\u00eb se e kemi mbyllur Tiktok nj\u00ebher\u00eb e mir\u00eb por po e mbyllin dit\u00eb p\u00ebr dit\u00eb po ngushtohet. Me kompanin\u00eb po punojm\u00eb dhe po presim nj\u00eb plan p\u00ebr filtrat q\u00eb do t\u00eb vendos\u00eb p\u00ebr t\u00eb siguruar f\u00ebmij\u00ebt, p\u00ebr t\u00eb minimizuar bullizmat, futur gjuh\u00ebn shqipe, p\u00ebr t\u00eb stimuluar me algorit\u00ebm programet e reja p\u00ebr shkenc\u00ebn dhe arg\u00ebtimin. Mos d\u00ebgjo bufin se do t\u00eb hysh n\u00eb histori k\u00ebshtu e ashtu, ai e ka kryer me histori. Le t\u00eb rrotullohet nga t\u00eb doj\u00eb n\u00eb histori, e ka vendosur veten n\u00eb nj\u00eb piedestal me kallama. Mos shko pas bufit se t\u00eb ha. Po kontribuo q\u00eb t\u00eb thajm\u00eb k\u00ebnet\u00ebn.\u00a0Kur n\u00eb b\u00ebm\u00eb k\u00ebshillimin e gjer\u00eb me 65 mij\u00eb prind\u00ebr dhe m\u00ebsues, 95% prej tyre than\u00eb t\u00eb mbyllet. Patjet\u00ebr q\u00eb 95% e prind\u00ebrve dhe m\u00ebsuesve nuk jan\u00eb socialist\u00eb. Nj\u00eb pjes\u00eb e mir\u00eb e tyre nuk votojn\u00eb p\u00ebr ne, nj\u00eb pjes\u00eb e tyre jan\u00eb akoma n\u00ebn efektin e k\u00ebnet\u00ebs, por kur erdhi puna te f\u00ebmij\u00ebt nuk pyet\u00ebn fare. Interesin e f\u00ebmij\u00ebve e vun\u00eb para tifoll\u00ebzkut partiak. Ky \u00ebsht\u00eb 11 maji, interesi i Shqip\u00ebris\u00eb \u00ebsht\u00eb para tifozll\u00ebkut partiak.\u201d<\/em><\/p>\n","protected":false},"excerpt":{"rendered":"<p>Kryeministri Edi Rama u shpreh se mbyllja e Tik Tok \u00ebsht\u00eb sipas tij gj\u00ebja m\u00eb e sh\u00ebndetshme q\u00eb duhet t\u00eb b\u00ebhej. Teksa po u p\u00ebrgjigjej komentuesve n\u00eb rrjete sociale, Rama tha se qeveria po punon me kompanin\u00eb e TikTok p\u00ebr mbylljen p\u00ebrfundimtare dhe po presin nj\u00eb plan p\u00ebr filtrat q\u00eb do t\u00eb vendos\u00eb p\u00ebr t\u00eb [&hellip;]<\/p>\n","protected":false},"author":2,"featured_media":56238,"comment_status":"open","ping_status":"open","sticky":false,"template":"","format":"standard","meta":{"footnotes":""},"categories":[39],"tags":[],"class_list":{"0":"post-56239","1":"post","2":"type-post","3":"status-publish","4":"format-standard","5":"has-post-thumbnail","7":"category-aktualitet"},"yoast_head":"<!-- This site is optimized with the Yoast SEO plugin v27.4 - https:\/\/yoast.com\/product\/yoast-seo-wordpress\/ -->\n<title>Mbyllja e TikTok\/ Ja si shprehet kryeministri p\u00ebr k\u00ebt\u00eb vendim - blogin.al<\/title>\n<meta name=\"robots\" content=\"index, follow, max-snippet:-1, max-image-preview:large, max-video-preview:-1\" \/>\n<link rel=\"canonical\" href=\"https:\/\/blogin.al\/?p=56239\" \/>\n<meta property=\"og:locale\" content=\"en_US\" \/>\n<meta property=\"og:type\" content=\"article\" \/>\n<meta property=\"og:title\" content=\"Mbyllja e TikTok\/ Ja si shprehet kryeministri p\u00ebr k\u00ebt\u00eb vendim - blogin.al\" \/>\n<meta property=\"og:description\" content=\"Kryeministri Edi Rama u shpreh se mbyllja e Tik Tok \u00ebsht\u00eb sipas tij gj\u00ebja m\u00eb e sh\u00ebndetshme q\u00eb duhet t\u00eb b\u00ebhej. Teksa po u p\u00ebrgjigjej komentuesve n\u00eb rrjete sociale, Rama tha se qeveria po punon me kompanin\u00eb e TikTok p\u00ebr mbylljen p\u00ebrfundimtare dhe po presin nj\u00eb plan p\u00ebr filtrat q\u00eb do t\u00eb vendos\u00eb p\u00ebr t\u00eb [&hellip;]\" \/>\n<meta property=\"og:url\" content=\"https:\/\/blogin.al\/?p=56239\" \/>\n<meta property=\"og:site_name\" content=\"blogin.al\" \/>\n<meta property=\"article:published_time\" content=\"2025-03-20T11:34:27+00:00\" \/>\n<meta property=\"article:modified_time\" content=\"2025-03-20T11:34:41+00:00\" \/>\n<meta property=\"og:image\" content=\"https:\/\/blogin.al\/wp-content\/uploads\/2025\/03\/Screenshot_20250320-123329_Instagram.jpg\" \/>\n\t<meta property=\"og:image:width\" content=\"1080\" \/>\n\t<meta property=\"og:image:height\" content=\"608\" \/>\n\t<meta property=\"og:image:type\" content=\"image\/jpeg\" \/>\n<meta name=\"author\" content=\"Blogin al\" \/>\n<meta name=\"twitter:card\" content=\"summary_large_image\" \/>\n<meta name=\"twitter:label1\" content=\"Written by\" \/>\n\t<meta name=\"twitter:data1\" content=\"Blogin al\" \/>\n\t<meta name=\"twitter:label2\" content=\"Est. reading time\" \/>\n\t<meta name=\"twitter:data2\" content=\"2 minutes\" \/>\n<script type=\"application\/ld+json\" class=\"yoast-schema-graph\">{\"@context\":\"https:\\\/\\\/schema.org\",\"@graph\":[{\"@type\":\"Article\",\"@id\":\"https:\\\/\\\/blogin.al\\\/?p=56239#article\",\"isPartOf\":{\"@id\":\"https:\\\/\\\/blogin.al\\\/?p=56239\"},\"author\":{\"name\":\"Blogin al\",\"@id\":\"https:\\\/\\\/blogin.al\\\/#\\\/schema\\\/person\\\/abdd56bc912cd511db877b852b115399\"},\"headline\":\"Mbyllja e TikTok\\\/ Ja si shprehet kryeministri p\u00ebr k\u00ebt\u00eb vendim\",\"datePublished\":\"2025-03-20T11:34:27+00:00\",\"dateModified\":\"2025-03-20T11:34:41+00:00\",\"mainEntityOfPage\":{\"@id\":\"https:\\\/\\\/blogin.al\\\/?p=56239\"},\"wordCount\":345,\"commentCount\":0,\"publisher\":{\"@id\":\"https:\\\/\\\/blogin.al\\\/#organization\"},\"image\":{\"@id\":\"https:\\\/\\\/blogin.al\\\/?p=56239#primaryimage\"},\"thumbnailUrl\":\"https:\\\/\\\/blogin.al\\\/wp-content\\\/uploads\\\/2025\\\/03\\\/Screenshot_20250320-123329_Instagram.jpg\",\"articleSection\":[\"AKTUALITET\"],\"inLanguage\":\"en-US\",\"potentialAction\":[{\"@type\":\"CommentAction\",\"name\":\"Comment\",\"target\":[\"https:\\\/\\\/blogin.al\\\/?p=56239#respond\"]}]},{\"@type\":\"WebPage\",\"@id\":\"https:\\\/\\\/blogin.al\\\/?p=56239\",\"url\":\"https:\\\/\\\/blogin.al\\\/?p=56239\",\"name\":\"Mbyllja e TikTok\\\/ Ja si shprehet kryeministri p\u00ebr k\u00ebt\u00eb vendim - blogin.al\",\"isPartOf\":{\"@id\":\"https:\\\/\\\/blogin.al\\\/#website\"},\"primaryImageOfPage\":{\"@id\":\"https:\\\/\\\/blogin.al\\\/?p=56239#primaryimage\"},\"image\":{\"@id\":\"https:\\\/\\\/blogin.al\\\/?p=56239#primaryimage\"},\"thumbnailUrl\":\"https:\\\/\\\/blogin.al\\\/wp-content\\\/uploads\\\/2025\\\/03\\\/Screenshot_20250320-123329_Instagram.jpg\",\"datePublished\":\"2025-03-20T11:34:27+00:00\",\"dateModified\":\"2025-03-20T11:34:41+00:00\",\"breadcrumb\":{\"@id\":\"https:\\\/\\\/blogin.al\\\/?p=56239#breadcrumb\"},\"inLanguage\":\"en-US\",\"potentialAction\":[{\"@type\":\"ReadAction\",\"target\":[\"https:\\\/\\\/blogin.al\\\/?p=56239\"]}]},{\"@type\":\"ImageObject\",\"inLanguage\":\"en-US\",\"@id\":\"https:\\\/\\\/blogin.al\\\/?p=56239#primaryimage\",\"url\":\"https:\\\/\\\/blogin.al\\\/wp-content\\\/uploads\\\/2025\\\/03\\\/Screenshot_20250320-123329_Instagram.jpg\",\"contentUrl\":\"https:\\\/\\\/blogin.al\\\/wp-content\\\/uploads\\\/2025\\\/03\\\/Screenshot_20250320-123329_Instagram.jpg\",\"width\":1080,\"height\":608},{\"@type\":\"BreadcrumbList\",\"@id\":\"https:\\\/\\\/blogin.al\\\/?p=56239#breadcrumb\",\"itemListElement\":[{\"@type\":\"ListItem\",\"position\":1,\"name\":\"Home\",\"item\":\"https:\\\/\\\/blogin.al\\\/\"},{\"@type\":\"ListItem\",\"position\":2,\"name\":\"Mbyllja e TikTok\\\/ Ja si shprehet kryeministri p\u00ebr k\u00ebt\u00eb vendim\"}]},{\"@type\":\"WebSite\",\"@id\":\"https:\\\/\\\/blogin.al\\\/#website\",\"url\":\"https:\\\/\\\/blogin.al\\\/\",\"name\":\"blogin.al\",\"description\":\"\",\"publisher\":{\"@id\":\"https:\\\/\\\/blogin.al\\\/#organization\"},\"potentialAction\":[{\"@type\":\"SearchAction\",\"target\":{\"@type\":\"EntryPoint\",\"urlTemplate\":\"https:\\\/\\\/blogin.al\\\/?s={search_term_string}\"},\"query-input\":{\"@type\":\"PropertyValueSpecification\",\"valueRequired\":true,\"valueName\":\"search_term_string\"}}],\"inLanguage\":\"en-US\"},{\"@type\":\"Organization\",\"@id\":\"https:\\\/\\\/blogin.al\\\/#organization\",\"name\":\"BLOGIN.al\",\"url\":\"https:\\\/\\\/blogin.al\\\/\",\"logo\":{\"@type\":\"ImageObject\",\"inLanguage\":\"en-US\",\"@id\":\"https:\\\/\\\/blogin.al\\\/#\\\/schema\\\/logo\\\/image\\\/\",\"url\":\"https:\\\/\\\/blogin.al\\\/wp-content\\\/uploads\\\/2022\\\/05\\\/Untitled-2-01-e1652084456514.png\",\"contentUrl\":\"https:\\\/\\\/blogin.al\\\/wp-content\\\/uploads\\\/2022\\\/05\\\/Untitled-2-01-e1652084456514.png\",\"width\":3723,\"height\":1698,\"caption\":\"BLOGIN.al\"},\"image\":{\"@id\":\"https:\\\/\\\/blogin.al\\\/#\\\/schema\\\/logo\\\/image\\\/\"},\"sameAs\":[\"https:\\\/\\\/instagram.com\\\/blogin.al\\\/\"]},{\"@type\":\"Person\",\"@id\":\"https:\\\/\\\/blogin.al\\\/#\\\/schema\\\/person\\\/abdd56bc912cd511db877b852b115399\",\"name\":\"Blogin al\",\"image\":{\"@type\":\"ImageObject\",\"inLanguage\":\"en-US\",\"@id\":\"https:\\\/\\\/secure.gravatar.com\\\/avatar\\\/60d5661aee6e835fb13dc75d2204cd0c1d61bef2efd137c0083e59ef831e235e?s=96&d=mm&r=g\",\"url\":\"https:\\\/\\\/secure.gravatar.com\\\/avatar\\\/60d5661aee6e835fb13dc75d2204cd0c1d61bef2efd137c0083e59ef831e235e?s=96&d=mm&r=g\",\"contentUrl\":\"https:\\\/\\\/secure.gravatar.com\\\/avatar\\\/60d5661aee6e835fb13dc75d2204cd0c1d61bef2efd137c0083e59ef831e235e?s=96&d=mm&r=g\",\"caption\":\"Blogin al\"},\"sameAs\":[\"https:\\\/\\\/blogin.al\"],\"url\":\"https:\\\/\\\/blogin.al\\\/?author=2\"}]}<\/script>\n<!-- \/ Yoast SEO plugin. -->","yoast_head_json":{"title":"Mbyllja e TikTok\/ Ja si shprehet kryeministri p\u00ebr k\u00ebt\u00eb vendim - blogin.al","robots":{"index":"index","follow":"follow","max-snippet":"max-snippet:-1","max-image-preview":"max-image-preview:large","max-video-preview":"max-video-preview:-1"},"canonical":"https:\/\/blogin.al\/?p=56239","og_locale":"en_US","og_type":"article","og_title":"Mbyllja e TikTok\/ Ja si shprehet kryeministri p\u00ebr k\u00ebt\u00eb vendim - blogin.al","og_description":"Kryeministri Edi Rama u shpreh se mbyllja e Tik Tok \u00ebsht\u00eb sipas tij gj\u00ebja m\u00eb e sh\u00ebndetshme q\u00eb duhet t\u00eb b\u00ebhej. Teksa po u p\u00ebrgjigjej komentuesve n\u00eb rrjete sociale, Rama tha se qeveria po punon me kompanin\u00eb e TikTok p\u00ebr mbylljen p\u00ebrfundimtare dhe po presin nj\u00eb plan p\u00ebr filtrat q\u00eb do t\u00eb vendos\u00eb p\u00ebr t\u00eb [&hellip;]","og_url":"https:\/\/blogin.al\/?p=56239","og_site_name":"blogin.al","article_published_time":"2025-03-20T11:34:27+00:00","article_modified_time":"2025-03-20T11:34:41+00:00","og_image":[{"width":1080,"height":608,"url":"https:\/\/blogin.al\/wp-content\/uploads\/2025\/03\/Screenshot_20250320-123329_Instagram.jpg","type":"image\/jpeg"}],"author":"Blogin al","twitter_card":"summary_large_image","twitter_misc":{"Written by":"Blogin al","Est. reading time":"2 minutes"},"schema":{"@context":"https:\/\/schema.org","@graph":[{"@type":"Article","@id":"https:\/\/blogin.al\/?p=56239#article","isPartOf":{"@id":"https:\/\/blogin.al\/?p=56239"},"author":{"name":"Blogin al","@id":"https:\/\/blogin.al\/#\/schema\/person\/abdd56bc912cd511db877b852b115399"},"headline":"Mbyllja e TikTok\/ Ja si shprehet kryeministri p\u00ebr k\u00ebt\u00eb vendim","datePublished":"2025-03-20T11:34:27+00:00","dateModified":"2025-03-20T11:34:41+00:00","mainEntityOfPage":{"@id":"https:\/\/blogin.al\/?p=56239"},"wordCount":345,"commentCount":0,"publisher":{"@id":"https:\/\/blogin.al\/#organization"},"image":{"@id":"https:\/\/blogin.al\/?p=56239#primaryimage"},"thumbnailUrl":"https:\/\/blogin.al\/wp-content\/uploads\/2025\/03\/Screenshot_20250320-123329_Instagram.jpg","articleSection":["AKTUALITET"],"inLanguage":"en-US","potentialAction":[{"@type":"CommentAction","name":"Comment","target":["https:\/\/blogin.al\/?p=56239#respond"]}]},{"@type":"WebPage","@id":"https:\/\/blogin.al\/?p=56239","url":"https:\/\/blogin.al\/?p=56239","name":"Mbyllja e TikTok\/ Ja si shprehet kryeministri p\u00ebr k\u00ebt\u00eb vendim - blogin.al","isPartOf":{"@id":"https:\/\/blogin.al\/#website"},"primaryImageOfPage":{"@id":"https:\/\/blogin.al\/?p=56239#primaryimage"},"image":{"@id":"https:\/\/blogin.al\/?p=56239#primaryimage"},"thumbnailUrl":"https:\/\/blogin.al\/wp-content\/uploads\/2025\/03\/Screenshot_20250320-123329_Instagram.jpg","datePublished":"2025-03-20T11:34:27+00:00","dateModified":"2025-03-20T11:34:41+00:00","breadcrumb":{"@id":"https:\/\/blogin.al\/?p=56239#breadcrumb"},"inLanguage":"en-US","potentialAction":[{"@type":"ReadAction","target":["https:\/\/blogin.al\/?p=56239"]}]},{"@type":"ImageObject","inLanguage":"en-US","@id":"https:\/\/blogin.al\/?p=56239#primaryimage","url":"https:\/\/blogin.al\/wp-content\/uploads\/2025\/03\/Screenshot_20250320-123329_Instagram.jpg","contentUrl":"https:\/\/blogin.al\/wp-content\/uploads\/2025\/03\/Screenshot_20250320-123329_Instagram.jpg","width":1080,"height":608},{"@type":"BreadcrumbList","@id":"https:\/\/blogin.al\/?p=56239#breadcrumb","itemListElement":[{"@type":"ListItem","position":1,"name":"Home","item":"https:\/\/blogin.al\/"},{"@type":"ListItem","position":2,"name":"Mbyllja e TikTok\/ Ja si shprehet kryeministri p\u00ebr k\u00ebt\u00eb vendim"}]},{"@type":"WebSite","@id":"https:\/\/blogin.al\/#website","url":"https:\/\/blogin.al\/","name":"blogin.al","description":"","publisher":{"@id":"https:\/\/blogin.al\/#organization"},"potentialAction":[{"@type":"SearchAction","target":{"@type":"EntryPoint","urlTemplate":"https:\/\/blogin.al\/?s={search_term_string}"},"query-input":{"@type":"PropertyValueSpecification","valueRequired":true,"valueName":"search_term_string"}}],"inLanguage":"en-US"},{"@type":"Organization","@id":"https:\/\/blogin.al\/#organization","name":"BLOGIN.al","url":"https:\/\/blogin.al\/","logo":{"@type":"ImageObject","inLanguage":"en-US","@id":"https:\/\/blogin.al\/#\/schema\/logo\/image\/","url":"https:\/\/blogin.al\/wp-content\/uploads\/2022\/05\/Untitled-2-01-e1652084456514.png","contentUrl":"https:\/\/blogin.al\/wp-content\/uploads\/2022\/05\/Untitled-2-01-e1652084456514.png","width":3723,"height":1698,"caption":"BLOGIN.al"},"image":{"@id":"https:\/\/blogin.al\/#\/schema\/logo\/image\/"},"sameAs":["https:\/\/instagram.com\/blogin.al\/"]},{"@type":"Person","@id":"https:\/\/blogin.al\/#\/schema\/person\/abdd56bc912cd511db877b852b115399","name":"Blogin al","image":{"@type":"ImageObject","inLanguage":"en-US","@id":"https:\/\/secure.gravatar.com\/avatar\/60d5661aee6e835fb13dc75d2204cd0c1d61bef2efd137c0083e59ef831e235e?s=96&d=mm&r=g","url":"https:\/\/secure.gravatar.com\/avatar\/60d5661aee6e835fb13dc75d2204cd0c1d61bef2efd137c0083e59ef831e235e?s=96&d=mm&r=g","contentUrl":"https:\/\/secure.gravatar.com\/avatar\/60d5661aee6e835fb13dc75d2204cd0c1d61bef2efd137c0083e59ef831e235e?s=96&d=mm&r=g","caption":"Blogin al"},"sameAs":["https:\/\/blogin.al"],"url":"https:\/\/blogin.al\/?author=2"}]}},"_links":{"self":[{"href":"https:\/\/blogin.al\/index.php?rest_route=\/wp\/v2\/posts\/56239","targetHints":{"allow":["GET"]}}],"collection":[{"href":"https:\/\/blogin.al\/index.php?rest_route=\/wp\/v2\/posts"}],"about":[{"href":"https:\/\/blogin.al\/index.php?rest_route=\/wp\/v2\/types\/post"}],"author":[{"embeddable":true,"href":"https:\/\/blogin.al\/index.php?rest_route=\/wp\/v2\/users\/2"}],"replies":[{"embeddable":true,"href":"https:\/\/blogin.al\/index.php?rest_route=%2Fwp%2Fv2%2Fcomments&post=56239"}],"version-history":[{"count":1,"href":"https:\/\/blogin.al\/index.php?rest_route=\/wp\/v2\/posts\/56239\/revisions"}],"predecessor-version":[{"id":56240,"href":"https:\/\/blogin.al\/index.php?rest_route=\/wp\/v2\/posts\/56239\/revisions\/56240"}],"wp:featuredmedia":[{"embeddable":true,"href":"https:\/\/blogin.al\/index.php?rest_route=\/wp\/v2\/media\/56238"}],"wp:attachment":[{"href":"https:\/\/blogin.al\/index.php?rest_route=%2Fwp%2Fv2%2Fmedia&parent=56239"}],"wp:term":[{"taxonomy":"category","embeddable":true,"href":"https:\/\/blogin.al\/index.php?rest_route=%2Fwp%2Fv2%2Fcategories&post=56239"},{"taxonomy":"post_tag","embeddable":true,"href":"https:\/\/blogin.al\/index.php?rest_route=%2Fwp%2Fv2%2Ftags&post=56239"}],"curies":[{"name":"wp","href":"https:\/\/api.w.org\/{rel}","templated":true}]}}