{"id":57183,"date":"2025-04-08T09:35:44","date_gmt":"2025-04-08T09:35:44","guid":{"rendered":"https:\/\/blogin.al\/?p=57183"},"modified":"2025-04-08T09:36:02","modified_gmt":"2025-04-08T09:36:02","slug":"gjendet-i-vdekur-ish-truproja-i-david-dhe-victoria-beckham","status":"publish","type":"post","link":"https:\/\/blogin.al\/?p=57183","title":{"rendered":"Gjendet i vdekur ish-truproja i David dhe Victoria Beckham"},"content":{"rendered":"\n<p>P\u00ebr disa dit\u00eb, Craig Ainsworth, i cili ishte truproja i David dhe Victoria Beckham, ishte k\u00ebrkuar nga autoritetet spanjolle midis Alicantes dhe Barcelon\u00ebs.<\/p>\n\n\n\n<p>N\u00ebna e tij, Sally Ainsworth, ka publikuar nj\u00eb deklarat\u00eb n\u00eb rrjetet sociale n\u00eb t\u00eb cil\u00ebn ka konfirmuar lajmin e hidhur p\u00ebr vdekjen e djalit t\u00eb saj, trupi i t\u00eb cilit \u00ebsht\u00eb gjetur pas nj\u00eb k\u00ebrkimi intensiv n\u00eb Spanj\u00eb.<\/p>\n\n\n\n<p>\u201cAta gjet\u00ebn Craig. Me pik\u00ebllim t\u00eb madh, bota e humbi Craig. Ai sh\u00ebrbeu n\u00eb Afganistan dhe vuante nga PTSD, \u00e7rregullimi i stresit post-traumatik. Pusho n\u00eb paqe Craig\u201d, shkroi Sally Ainsworth n\u00eb llogarin\u00eb e saj personale n\u00eb Facebook.<br><br>Kjo ishte letra e lamtumir\u00ebs e Craig Ainsworth<\/p>\n\n\n\n<p>Ish-truproja i \u00e7iftit t\u00eb famsh\u00ebm, (40-vje\u00e7ar), ka shkruar nj\u00eb mesazh enigmatik dhe shqet\u00ebsues para zhdukjes s\u00eb tij n\u00eb Spanj\u00eb.<br><br>\u201cMirupafshim, njer\u00ebz t\u00eb mir\u00eb. T\u00eb jetosh \u00ebsht\u00eb gj\u00ebja m\u00eb e rrall\u00eb n\u00eb bot\u00eb. Shumica e njer\u00ebzve ekzistojn\u00eb; kjo \u00ebsht\u00eb e gjitha. P\u00ebr shumic\u00ebn prej jush, kjo do t\u00eb jet\u00eb nj\u00eb tronditje, por un\u00eb kam vuajtur shum\u00eb gjat\u00eb kat\u00ebr viteve t\u00eb fundit, q\u00eb kur izolimi shkat\u00ebrroi gjith\u00e7ka q\u00eb kisha nd\u00ebrtuar dhe humba disa qenie njer\u00ebzore v\u00ebrtet t\u00eb mrekullueshme q\u00eb isha krenar t\u2019i quaja miq dhe koleg\u00eb\u201d, tha ai.<\/p>\n\n\n\n<p>N\u00eb let\u00ebr, Craig u k\u00ebrkoi t\u00eb gjith\u00ebve q\u00eb t\u00eb mos zem\u00ebroheshin me t\u00eb, nd\u00ebrsa n\u00eb t\u00eb nj\u00ebjt\u00ebn koh\u00eb argumentonte se ai tani ishte nj\u00eb person \u201ci lir\u00eb\u201d.<\/p>\n\n\n\n<p>Nuk isha perfekt, por e kam jetuar jet\u00ebn, kjo \u00ebsht\u00eb e sigurt\u201d, shtoi ai. \u201cN\u00ebse dikush mendon t\u00eb d\u00ebmtoj\u00eb veten, ju lutemi k\u00ebrkoni ndihm\u00eb. Mos m\u00eb imitoni, nuk e keni iden\u00eb se \u00e7far\u00eb kam kaluar. T\u00eb dashurit e mi do t\u00eb jen\u00eb t\u00eb lumtur q\u00eb kam gjetur paqen\u201d, vazhdoi ai.<br><br>\u201cUn\u00eb nuk dua funeral. Aspak. Tani jam n\u00eb paqe. Di\u00e7ka q\u00eb nuk e kam gjetur kurr\u00eb n\u00eb jet\u00eb, por \u00e7far\u00eb udh\u00ebtimi\u201d, p\u00ebrfundoi letra e ish-truproj\u00ebs s\u00eb David dhe Victoria Beckham, t\u00eb cil\u00ebn autoritetet po hetojn\u00eb me hipotez\u00ebn e nj\u00eb vet\u00ebvrasjeje t\u00eb mundshme nga Craig Ainsworth.<\/p>\n","protected":false},"excerpt":{"rendered":"<p>P\u00ebr disa dit\u00eb, Craig Ainsworth, i cili ishte truproja i David dhe Victoria Beckham, ishte k\u00ebrkuar nga autoritetet spanjolle midis Alicantes dhe Barcelon\u00ebs. N\u00ebna e tij, Sally Ainsworth, ka publikuar nj\u00eb deklarat\u00eb n\u00eb rrjetet sociale n\u00eb t\u00eb cil\u00ebn ka konfirmuar lajmin e hidhur p\u00ebr vdekjen e djalit t\u00eb saj, trupi i t\u00eb cilit \u00ebsht\u00eb gjetur [&hellip;]<\/p>\n","protected":false},"author":2,"featured_media":57182,"comment_status":"open","ping_status":"open","sticky":false,"template":"","format":"standard","meta":{"footnotes":""},"categories":[40],"tags":[],"class_list":{"0":"post-57183","1":"post","2":"type-post","3":"status-publish","4":"format-standard","5":"has-post-thumbnail","7":"category-lajmet-e-dites"},"yoast_head":"<!-- This site is optimized with the Yoast SEO plugin v27.4 - https:\/\/yoast.com\/product\/yoast-seo-wordpress\/ -->\n<title>Gjendet i vdekur ish-truproja i David dhe Victoria Beckham - blogin.al<\/title>\n<meta name=\"robots\" content=\"index, follow, max-snippet:-1, max-image-preview:large, max-video-preview:-1\" \/>\n<link rel=\"canonical\" href=\"https:\/\/blogin.al\/?p=57183\" \/>\n<meta property=\"og:locale\" content=\"en_US\" \/>\n<meta property=\"og:type\" content=\"article\" \/>\n<meta property=\"og:title\" content=\"Gjendet i vdekur ish-truproja i David dhe Victoria Beckham - blogin.al\" \/>\n<meta property=\"og:description\" content=\"P\u00ebr disa dit\u00eb, Craig Ainsworth, i cili ishte truproja i David dhe Victoria Beckham, ishte k\u00ebrkuar nga autoritetet spanjolle midis Alicantes dhe Barcelon\u00ebs. N\u00ebna e tij, Sally Ainsworth, ka publikuar nj\u00eb deklarat\u00eb n\u00eb rrjetet sociale n\u00eb t\u00eb cil\u00ebn ka konfirmuar lajmin e hidhur p\u00ebr vdekjen e djalit t\u00eb saj, trupi i t\u00eb cilit \u00ebsht\u00eb gjetur [&hellip;]\" \/>\n<meta property=\"og:url\" content=\"https:\/\/blogin.al\/?p=57183\" \/>\n<meta property=\"og:site_name\" content=\"blogin.al\" \/>\n<meta property=\"article:published_time\" content=\"2025-04-08T09:35:44+00:00\" \/>\n<meta property=\"article:modified_time\" content=\"2025-04-08T09:36:02+00:00\" \/>\n<meta property=\"og:image\" content=\"https:\/\/blogin.al\/wp-content\/uploads\/2025\/04\/Screenshot_20250408-113412_Chrome.jpg\" \/>\n\t<meta property=\"og:image:width\" content=\"959\" \/>\n\t<meta property=\"og:image:height\" content=\"499\" \/>\n\t<meta property=\"og:image:type\" content=\"image\/jpeg\" \/>\n<meta name=\"author\" content=\"Blogin al\" \/>\n<meta name=\"twitter:card\" content=\"summary_large_image\" \/>\n<meta name=\"twitter:label1\" content=\"Written by\" \/>\n\t<meta name=\"twitter:data1\" content=\"Blogin al\" \/>\n\t<meta name=\"twitter:label2\" content=\"Est. reading time\" \/>\n\t<meta name=\"twitter:data2\" content=\"2 minutes\" \/>\n<script type=\"application\/ld+json\" class=\"yoast-schema-graph\">{\"@context\":\"https:\\\/\\\/schema.org\",\"@graph\":[{\"@type\":\"Article\",\"@id\":\"https:\\\/\\\/blogin.al\\\/?p=57183#article\",\"isPartOf\":{\"@id\":\"https:\\\/\\\/blogin.al\\\/?p=57183\"},\"author\":{\"name\":\"Blogin al\",\"@id\":\"https:\\\/\\\/blogin.al\\\/#\\\/schema\\\/person\\\/abdd56bc912cd511db877b852b115399\"},\"headline\":\"Gjendet i vdekur ish-truproja i David dhe Victoria Beckham\",\"datePublished\":\"2025-04-08T09:35:44+00:00\",\"dateModified\":\"2025-04-08T09:36:02+00:00\",\"mainEntityOfPage\":{\"@id\":\"https:\\\/\\\/blogin.al\\\/?p=57183\"},\"wordCount\":367,\"commentCount\":0,\"publisher\":{\"@id\":\"https:\\\/\\\/blogin.al\\\/#organization\"},\"image\":{\"@id\":\"https:\\\/\\\/blogin.al\\\/?p=57183#primaryimage\"},\"thumbnailUrl\":\"https:\\\/\\\/blogin.al\\\/wp-content\\\/uploads\\\/2025\\\/04\\\/Screenshot_20250408-113412_Chrome.jpg\",\"articleSection\":[\"LAJMET E DITES\"],\"inLanguage\":\"en-US\",\"potentialAction\":[{\"@type\":\"CommentAction\",\"name\":\"Comment\",\"target\":[\"https:\\\/\\\/blogin.al\\\/?p=57183#respond\"]}]},{\"@type\":\"WebPage\",\"@id\":\"https:\\\/\\\/blogin.al\\\/?p=57183\",\"url\":\"https:\\\/\\\/blogin.al\\\/?p=57183\",\"name\":\"Gjendet i vdekur ish-truproja i David dhe Victoria Beckham - blogin.al\",\"isPartOf\":{\"@id\":\"https:\\\/\\\/blogin.al\\\/#website\"},\"primaryImageOfPage\":{\"@id\":\"https:\\\/\\\/blogin.al\\\/?p=57183#primaryimage\"},\"image\":{\"@id\":\"https:\\\/\\\/blogin.al\\\/?p=57183#primaryimage\"},\"thumbnailUrl\":\"https:\\\/\\\/blogin.al\\\/wp-content\\\/uploads\\\/2025\\\/04\\\/Screenshot_20250408-113412_Chrome.jpg\",\"datePublished\":\"2025-04-08T09:35:44+00:00\",\"dateModified\":\"2025-04-08T09:36:02+00:00\",\"breadcrumb\":{\"@id\":\"https:\\\/\\\/blogin.al\\\/?p=57183#breadcrumb\"},\"inLanguage\":\"en-US\",\"potentialAction\":[{\"@type\":\"ReadAction\",\"target\":[\"https:\\\/\\\/blogin.al\\\/?p=57183\"]}]},{\"@type\":\"ImageObject\",\"inLanguage\":\"en-US\",\"@id\":\"https:\\\/\\\/blogin.al\\\/?p=57183#primaryimage\",\"url\":\"https:\\\/\\\/blogin.al\\\/wp-content\\\/uploads\\\/2025\\\/04\\\/Screenshot_20250408-113412_Chrome.jpg\",\"contentUrl\":\"https:\\\/\\\/blogin.al\\\/wp-content\\\/uploads\\\/2025\\\/04\\\/Screenshot_20250408-113412_Chrome.jpg\",\"width\":959,\"height\":499},{\"@type\":\"BreadcrumbList\",\"@id\":\"https:\\\/\\\/blogin.al\\\/?p=57183#breadcrumb\",\"itemListElement\":[{\"@type\":\"ListItem\",\"position\":1,\"name\":\"Home\",\"item\":\"https:\\\/\\\/blogin.al\\\/\"},{\"@type\":\"ListItem\",\"position\":2,\"name\":\"Gjendet i vdekur ish-truproja i David dhe Victoria Beckham\"}]},{\"@type\":\"WebSite\",\"@id\":\"https:\\\/\\\/blogin.al\\\/#website\",\"url\":\"https:\\\/\\\/blogin.al\\\/\",\"name\":\"blogin.al\",\"description\":\"\",\"publisher\":{\"@id\":\"https:\\\/\\\/blogin.al\\\/#organization\"},\"potentialAction\":[{\"@type\":\"SearchAction\",\"target\":{\"@type\":\"EntryPoint\",\"urlTemplate\":\"https:\\\/\\\/blogin.al\\\/?s={search_term_string}\"},\"query-input\":{\"@type\":\"PropertyValueSpecification\",\"valueRequired\":true,\"valueName\":\"search_term_string\"}}],\"inLanguage\":\"en-US\"},{\"@type\":\"Organization\",\"@id\":\"https:\\\/\\\/blogin.al\\\/#organization\",\"name\":\"BLOGIN.al\",\"url\":\"https:\\\/\\\/blogin.al\\\/\",\"logo\":{\"@type\":\"ImageObject\",\"inLanguage\":\"en-US\",\"@id\":\"https:\\\/\\\/blogin.al\\\/#\\\/schema\\\/logo\\\/image\\\/\",\"url\":\"https:\\\/\\\/blogin.al\\\/wp-content\\\/uploads\\\/2022\\\/05\\\/Untitled-2-01-e1652084456514.png\",\"contentUrl\":\"https:\\\/\\\/blogin.al\\\/wp-content\\\/uploads\\\/2022\\\/05\\\/Untitled-2-01-e1652084456514.png\",\"width\":3723,\"height\":1698,\"caption\":\"BLOGIN.al\"},\"image\":{\"@id\":\"https:\\\/\\\/blogin.al\\\/#\\\/schema\\\/logo\\\/image\\\/\"},\"sameAs\":[\"https:\\\/\\\/instagram.com\\\/blogin.al\\\/\"]},{\"@type\":\"Person\",\"@id\":\"https:\\\/\\\/blogin.al\\\/#\\\/schema\\\/person\\\/abdd56bc912cd511db877b852b115399\",\"name\":\"Blogin al\",\"image\":{\"@type\":\"ImageObject\",\"inLanguage\":\"en-US\",\"@id\":\"https:\\\/\\\/secure.gravatar.com\\\/avatar\\\/60d5661aee6e835fb13dc75d2204cd0c1d61bef2efd137c0083e59ef831e235e?s=96&d=mm&r=g\",\"url\":\"https:\\\/\\\/secure.gravatar.com\\\/avatar\\\/60d5661aee6e835fb13dc75d2204cd0c1d61bef2efd137c0083e59ef831e235e?s=96&d=mm&r=g\",\"contentUrl\":\"https:\\\/\\\/secure.gravatar.com\\\/avatar\\\/60d5661aee6e835fb13dc75d2204cd0c1d61bef2efd137c0083e59ef831e235e?s=96&d=mm&r=g\",\"caption\":\"Blogin al\"},\"sameAs\":[\"https:\\\/\\\/blogin.al\"],\"url\":\"https:\\\/\\\/blogin.al\\\/?author=2\"}]}<\/script>\n<!-- \/ Yoast SEO plugin. -->","yoast_head_json":{"title":"Gjendet i vdekur ish-truproja i David dhe Victoria Beckham - blogin.al","robots":{"index":"index","follow":"follow","max-snippet":"max-snippet:-1","max-image-preview":"max-image-preview:large","max-video-preview":"max-video-preview:-1"},"canonical":"https:\/\/blogin.al\/?p=57183","og_locale":"en_US","og_type":"article","og_title":"Gjendet i vdekur ish-truproja i David dhe Victoria Beckham - blogin.al","og_description":"P\u00ebr disa dit\u00eb, Craig Ainsworth, i cili ishte truproja i David dhe Victoria Beckham, ishte k\u00ebrkuar nga autoritetet spanjolle midis Alicantes dhe Barcelon\u00ebs. N\u00ebna e tij, Sally Ainsworth, ka publikuar nj\u00eb deklarat\u00eb n\u00eb rrjetet sociale n\u00eb t\u00eb cil\u00ebn ka konfirmuar lajmin e hidhur p\u00ebr vdekjen e djalit t\u00eb saj, trupi i t\u00eb cilit \u00ebsht\u00eb gjetur [&hellip;]","og_url":"https:\/\/blogin.al\/?p=57183","og_site_name":"blogin.al","article_published_time":"2025-04-08T09:35:44+00:00","article_modified_time":"2025-04-08T09:36:02+00:00","og_image":[{"width":959,"height":499,"url":"https:\/\/blogin.al\/wp-content\/uploads\/2025\/04\/Screenshot_20250408-113412_Chrome.jpg","type":"image\/jpeg"}],"author":"Blogin al","twitter_card":"summary_large_image","twitter_misc":{"Written by":"Blogin al","Est. reading time":"2 minutes"},"schema":{"@context":"https:\/\/schema.org","@graph":[{"@type":"Article","@id":"https:\/\/blogin.al\/?p=57183#article","isPartOf":{"@id":"https:\/\/blogin.al\/?p=57183"},"author":{"name":"Blogin al","@id":"https:\/\/blogin.al\/#\/schema\/person\/abdd56bc912cd511db877b852b115399"},"headline":"Gjendet i vdekur ish-truproja i David dhe Victoria Beckham","datePublished":"2025-04-08T09:35:44+00:00","dateModified":"2025-04-08T09:36:02+00:00","mainEntityOfPage":{"@id":"https:\/\/blogin.al\/?p=57183"},"wordCount":367,"commentCount":0,"publisher":{"@id":"https:\/\/blogin.al\/#organization"},"image":{"@id":"https:\/\/blogin.al\/?p=57183#primaryimage"},"thumbnailUrl":"https:\/\/blogin.al\/wp-content\/uploads\/2025\/04\/Screenshot_20250408-113412_Chrome.jpg","articleSection":["LAJMET E DITES"],"inLanguage":"en-US","potentialAction":[{"@type":"CommentAction","name":"Comment","target":["https:\/\/blogin.al\/?p=57183#respond"]}]},{"@type":"WebPage","@id":"https:\/\/blogin.al\/?p=57183","url":"https:\/\/blogin.al\/?p=57183","name":"Gjendet i vdekur ish-truproja i David dhe Victoria Beckham - blogin.al","isPartOf":{"@id":"https:\/\/blogin.al\/#website"},"primaryImageOfPage":{"@id":"https:\/\/blogin.al\/?p=57183#primaryimage"},"image":{"@id":"https:\/\/blogin.al\/?p=57183#primaryimage"},"thumbnailUrl":"https:\/\/blogin.al\/wp-content\/uploads\/2025\/04\/Screenshot_20250408-113412_Chrome.jpg","datePublished":"2025-04-08T09:35:44+00:00","dateModified":"2025-04-08T09:36:02+00:00","breadcrumb":{"@id":"https:\/\/blogin.al\/?p=57183#breadcrumb"},"inLanguage":"en-US","potentialAction":[{"@type":"ReadAction","target":["https:\/\/blogin.al\/?p=57183"]}]},{"@type":"ImageObject","inLanguage":"en-US","@id":"https:\/\/blogin.al\/?p=57183#primaryimage","url":"https:\/\/blogin.al\/wp-content\/uploads\/2025\/04\/Screenshot_20250408-113412_Chrome.jpg","contentUrl":"https:\/\/blogin.al\/wp-content\/uploads\/2025\/04\/Screenshot_20250408-113412_Chrome.jpg","width":959,"height":499},{"@type":"BreadcrumbList","@id":"https:\/\/blogin.al\/?p=57183#breadcrumb","itemListElement":[{"@type":"ListItem","position":1,"name":"Home","item":"https:\/\/blogin.al\/"},{"@type":"ListItem","position":2,"name":"Gjendet i vdekur ish-truproja i David dhe Victoria Beckham"}]},{"@type":"WebSite","@id":"https:\/\/blogin.al\/#website","url":"https:\/\/blogin.al\/","name":"blogin.al","description":"","publisher":{"@id":"https:\/\/blogin.al\/#organization"},"potentialAction":[{"@type":"SearchAction","target":{"@type":"EntryPoint","urlTemplate":"https:\/\/blogin.al\/?s={search_term_string}"},"query-input":{"@type":"PropertyValueSpecification","valueRequired":true,"valueName":"search_term_string"}}],"inLanguage":"en-US"},{"@type":"Organization","@id":"https:\/\/blogin.al\/#organization","name":"BLOGIN.al","url":"https:\/\/blogin.al\/","logo":{"@type":"ImageObject","inLanguage":"en-US","@id":"https:\/\/blogin.al\/#\/schema\/logo\/image\/","url":"https:\/\/blogin.al\/wp-content\/uploads\/2022\/05\/Untitled-2-01-e1652084456514.png","contentUrl":"https:\/\/blogin.al\/wp-content\/uploads\/2022\/05\/Untitled-2-01-e1652084456514.png","width":3723,"height":1698,"caption":"BLOGIN.al"},"image":{"@id":"https:\/\/blogin.al\/#\/schema\/logo\/image\/"},"sameAs":["https:\/\/instagram.com\/blogin.al\/"]},{"@type":"Person","@id":"https:\/\/blogin.al\/#\/schema\/person\/abdd56bc912cd511db877b852b115399","name":"Blogin al","image":{"@type":"ImageObject","inLanguage":"en-US","@id":"https:\/\/secure.gravatar.com\/avatar\/60d5661aee6e835fb13dc75d2204cd0c1d61bef2efd137c0083e59ef831e235e?s=96&d=mm&r=g","url":"https:\/\/secure.gravatar.com\/avatar\/60d5661aee6e835fb13dc75d2204cd0c1d61bef2efd137c0083e59ef831e235e?s=96&d=mm&r=g","contentUrl":"https:\/\/secure.gravatar.com\/avatar\/60d5661aee6e835fb13dc75d2204cd0c1d61bef2efd137c0083e59ef831e235e?s=96&d=mm&r=g","caption":"Blogin al"},"sameAs":["https:\/\/blogin.al"],"url":"https:\/\/blogin.al\/?author=2"}]}},"_links":{"self":[{"href":"https:\/\/blogin.al\/index.php?rest_route=\/wp\/v2\/posts\/57183","targetHints":{"allow":["GET"]}}],"collection":[{"href":"https:\/\/blogin.al\/index.php?rest_route=\/wp\/v2\/posts"}],"about":[{"href":"https:\/\/blogin.al\/index.php?rest_route=\/wp\/v2\/types\/post"}],"author":[{"embeddable":true,"href":"https:\/\/blogin.al\/index.php?rest_route=\/wp\/v2\/users\/2"}],"replies":[{"embeddable":true,"href":"https:\/\/blogin.al\/index.php?rest_route=%2Fwp%2Fv2%2Fcomments&post=57183"}],"version-history":[{"count":1,"href":"https:\/\/blogin.al\/index.php?rest_route=\/wp\/v2\/posts\/57183\/revisions"}],"predecessor-version":[{"id":57184,"href":"https:\/\/blogin.al\/index.php?rest_route=\/wp\/v2\/posts\/57183\/revisions\/57184"}],"wp:featuredmedia":[{"embeddable":true,"href":"https:\/\/blogin.al\/index.php?rest_route=\/wp\/v2\/media\/57182"}],"wp:attachment":[{"href":"https:\/\/blogin.al\/index.php?rest_route=%2Fwp%2Fv2%2Fmedia&parent=57183"}],"wp:term":[{"taxonomy":"category","embeddable":true,"href":"https:\/\/blogin.al\/index.php?rest_route=%2Fwp%2Fv2%2Fcategories&post=57183"},{"taxonomy":"post_tag","embeddable":true,"href":"https:\/\/blogin.al\/index.php?rest_route=%2Fwp%2Fv2%2Ftags&post=57183"}],"curies":[{"name":"wp","href":"https:\/\/api.w.org\/{rel}","templated":true}]}}