{"id":62779,"date":"2025-10-10T07:13:52","date_gmt":"2025-10-10T07:13:52","guid":{"rendered":"https:\/\/blogin.al\/?p=62779"},"modified":"2025-10-10T07:14:16","modified_gmt":"2025-10-10T07:14:16","slug":"kiara-e-hoqi-nga-instagramireagon-dojna-mema","status":"publish","type":"post","link":"https:\/\/blogin.al\/?p=62779","title":{"rendered":"Kiara e hoqi nga Instagrami,Reagon Dojna Mema"},"content":{"rendered":"\n<p>Moderatorja Dojna Mema, ka b\u00ebr\u00eb s\u00eb fundmi nj\u00eb deklarat\u00eb q\u00eb ka ngjallur shum\u00eb reagime n\u00eb rrjetet sociale. Gjat\u00eb nj\u00eb interviste per \u2018Mirembrema Yje\u2019, ajo \u00ebsht\u00eb pyetur p\u00ebr marr\u00ebdh\u00ebniet me koleg\u00ebt e ekranit dhe nuk ka nguruar t\u00eb tregoj\u00eb nj\u00eb detaj q\u00eb ka befasuar ndjek\u00ebsit: Kiara Tito nuk e ndjek m\u00eb n\u00eb Instagram.<br><br>Me \u00e7ilt\u00ebrsin\u00eb q\u00eb e karakterizon, Dojna u shpreh se nuk e di arsyen pse Kiara e ka hequr nga lista e ndjek\u00ebsve, duke theksuar se nuk ka pasur asnj\u00eb konflikt me t\u00eb.<\/p>\n\n\n\n<p>\u201cKiara m\u00eb ka hequr nga followers dhe nuk e di pse. At\u00eb vit nuk kam b\u00ebr\u00eb as Fun Club, nuk kam ndjekur as Big Brother, nuk kam th\u00ebn\u00eb asgj\u00eb p\u00ebr ask\u00ebnd. Nuk e di, ndoshta padashje,\u201d- tha ajo me nj\u00eb buz\u00ebqeshje t\u00eb leht\u00eb, duke l\u00ebn\u00eb t\u00eb kuptohet se nuk e merr si di\u00e7ka personale.<br><br>Moderatorja shtoi se gjithmon\u00eb ka pasur nj\u00eb mendim t\u00eb mir\u00eb p\u00ebr Kiara Titon dhe se e respekton p\u00ebr rrug\u00ebtimin e saj n\u00eb ekran. \u201cNuk kam pasur kurr\u00eb asgj\u00eb p\u00ebr t\u2019i th\u00ebn\u00eb keq,\u201d- u shpreh Dojna.<br><br>Deklarata e saj ka b\u00ebr\u00eb menj\u00ebher\u00eb xhiron e mediave online, ku ndjek\u00ebsit kan\u00eb nisur t\u00eb komentojn\u00eb e t\u00eb pyesin n\u00ebse mes dy moderatoreve t\u00eb njohura ka ndodhur di\u00e7ka q\u00eb publiku nuk e di.<br><br>Nd\u00ebrkoh\u00eb, vet\u00eb Kiara nuk ka reaguar ende p\u00ebr k\u00ebt\u00eb situat\u00eb.<\/p>\n","protected":false},"excerpt":{"rendered":"<p>Moderatorja Dojna Mema, ka b\u00ebr\u00eb s\u00eb fundmi nj\u00eb deklarat\u00eb q\u00eb ka ngjallur shum\u00eb reagime n\u00eb rrjetet sociale. Gjat\u00eb nj\u00eb interviste per \u2018Mirembrema Yje\u2019, ajo \u00ebsht\u00eb pyetur p\u00ebr marr\u00ebdh\u00ebniet me koleg\u00ebt e ekranit dhe nuk ka nguruar t\u00eb tregoj\u00eb nj\u00eb detaj q\u00eb ka befasuar ndjek\u00ebsit: Kiara Tito nuk e ndjek m\u00eb n\u00eb Instagram. Me \u00e7ilt\u00ebrsin\u00eb q\u00eb [&hellip;]<\/p>\n","protected":false},"author":2,"featured_media":62778,"comment_status":"open","ping_status":"open","sticky":false,"template":"","format":"standard","meta":{"footnotes":""},"categories":[33],"tags":[],"class_list":{"0":"post-62779","1":"post","2":"type-post","3":"status-publish","4":"format-standard","5":"has-post-thumbnail","7":"category-showbiz"},"yoast_head":"<!-- This site is optimized with the Yoast SEO plugin v27.4 - https:\/\/yoast.com\/product\/yoast-seo-wordpress\/ -->\n<title>Kiara e hoqi nga Instagrami,Reagon Dojna Mema - blogin.al<\/title>\n<meta name=\"robots\" content=\"index, follow, max-snippet:-1, max-image-preview:large, max-video-preview:-1\" \/>\n<link rel=\"canonical\" href=\"https:\/\/blogin.al\/?p=62779\" \/>\n<meta property=\"og:locale\" content=\"en_US\" \/>\n<meta property=\"og:type\" content=\"article\" \/>\n<meta property=\"og:title\" content=\"Kiara e hoqi nga Instagrami,Reagon Dojna Mema - blogin.al\" \/>\n<meta property=\"og:description\" content=\"Moderatorja Dojna Mema, ka b\u00ebr\u00eb s\u00eb fundmi nj\u00eb deklarat\u00eb q\u00eb ka ngjallur shum\u00eb reagime n\u00eb rrjetet sociale. Gjat\u00eb nj\u00eb interviste per \u2018Mirembrema Yje\u2019, ajo \u00ebsht\u00eb pyetur p\u00ebr marr\u00ebdh\u00ebniet me koleg\u00ebt e ekranit dhe nuk ka nguruar t\u00eb tregoj\u00eb nj\u00eb detaj q\u00eb ka befasuar ndjek\u00ebsit: Kiara Tito nuk e ndjek m\u00eb n\u00eb Instagram. Me \u00e7ilt\u00ebrsin\u00eb q\u00eb [&hellip;]\" \/>\n<meta property=\"og:url\" content=\"https:\/\/blogin.al\/?p=62779\" \/>\n<meta property=\"og:site_name\" content=\"blogin.al\" \/>\n<meta property=\"article:published_time\" content=\"2025-10-10T07:13:52+00:00\" \/>\n<meta property=\"article:modified_time\" content=\"2025-10-10T07:14:16+00:00\" \/>\n<meta property=\"og:image\" content=\"https:\/\/blogin.al\/wp-content\/uploads\/2025\/10\/Screenshot_20251010_091329.jpg\" \/>\n\t<meta property=\"og:image:width\" content=\"933\" \/>\n\t<meta property=\"og:image:height\" content=\"553\" \/>\n\t<meta property=\"og:image:type\" content=\"image\/jpeg\" \/>\n<meta name=\"author\" content=\"Blogin al\" \/>\n<meta name=\"twitter:card\" content=\"summary_large_image\" \/>\n<meta name=\"twitter:label1\" content=\"Written by\" \/>\n\t<meta name=\"twitter:data1\" content=\"Blogin al\" \/>\n\t<meta name=\"twitter:label2\" content=\"Est. reading time\" \/>\n\t<meta name=\"twitter:data2\" content=\"1 minute\" \/>\n<script type=\"application\/ld+json\" class=\"yoast-schema-graph\">{\"@context\":\"https:\\\/\\\/schema.org\",\"@graph\":[{\"@type\":\"Article\",\"@id\":\"https:\\\/\\\/blogin.al\\\/?p=62779#article\",\"isPartOf\":{\"@id\":\"https:\\\/\\\/blogin.al\\\/?p=62779\"},\"author\":{\"name\":\"Blogin al\",\"@id\":\"https:\\\/\\\/blogin.al\\\/#\\\/schema\\\/person\\\/abdd56bc912cd511db877b852b115399\"},\"headline\":\"Kiara e hoqi nga Instagrami,Reagon Dojna Mema\",\"datePublished\":\"2025-10-10T07:13:52+00:00\",\"dateModified\":\"2025-10-10T07:14:16+00:00\",\"mainEntityOfPage\":{\"@id\":\"https:\\\/\\\/blogin.al\\\/?p=62779\"},\"wordCount\":255,\"commentCount\":0,\"publisher\":{\"@id\":\"https:\\\/\\\/blogin.al\\\/#organization\"},\"image\":{\"@id\":\"https:\\\/\\\/blogin.al\\\/?p=62779#primaryimage\"},\"thumbnailUrl\":\"https:\\\/\\\/blogin.al\\\/wp-content\\\/uploads\\\/2025\\\/10\\\/Screenshot_20251010_091329.jpg\",\"articleSection\":[\"SHOWBIZ\"],\"inLanguage\":\"en-US\",\"potentialAction\":[{\"@type\":\"CommentAction\",\"name\":\"Comment\",\"target\":[\"https:\\\/\\\/blogin.al\\\/?p=62779#respond\"]}]},{\"@type\":\"WebPage\",\"@id\":\"https:\\\/\\\/blogin.al\\\/?p=62779\",\"url\":\"https:\\\/\\\/blogin.al\\\/?p=62779\",\"name\":\"Kiara e hoqi nga Instagrami,Reagon Dojna Mema - blogin.al\",\"isPartOf\":{\"@id\":\"https:\\\/\\\/blogin.al\\\/#website\"},\"primaryImageOfPage\":{\"@id\":\"https:\\\/\\\/blogin.al\\\/?p=62779#primaryimage\"},\"image\":{\"@id\":\"https:\\\/\\\/blogin.al\\\/?p=62779#primaryimage\"},\"thumbnailUrl\":\"https:\\\/\\\/blogin.al\\\/wp-content\\\/uploads\\\/2025\\\/10\\\/Screenshot_20251010_091329.jpg\",\"datePublished\":\"2025-10-10T07:13:52+00:00\",\"dateModified\":\"2025-10-10T07:14:16+00:00\",\"breadcrumb\":{\"@id\":\"https:\\\/\\\/blogin.al\\\/?p=62779#breadcrumb\"},\"inLanguage\":\"en-US\",\"potentialAction\":[{\"@type\":\"ReadAction\",\"target\":[\"https:\\\/\\\/blogin.al\\\/?p=62779\"]}]},{\"@type\":\"ImageObject\",\"inLanguage\":\"en-US\",\"@id\":\"https:\\\/\\\/blogin.al\\\/?p=62779#primaryimage\",\"url\":\"https:\\\/\\\/blogin.al\\\/wp-content\\\/uploads\\\/2025\\\/10\\\/Screenshot_20251010_091329.jpg\",\"contentUrl\":\"https:\\\/\\\/blogin.al\\\/wp-content\\\/uploads\\\/2025\\\/10\\\/Screenshot_20251010_091329.jpg\",\"width\":933,\"height\":553},{\"@type\":\"BreadcrumbList\",\"@id\":\"https:\\\/\\\/blogin.al\\\/?p=62779#breadcrumb\",\"itemListElement\":[{\"@type\":\"ListItem\",\"position\":1,\"name\":\"Home\",\"item\":\"https:\\\/\\\/blogin.al\\\/\"},{\"@type\":\"ListItem\",\"position\":2,\"name\":\"Kiara e hoqi nga Instagrami,Reagon Dojna Mema\"}]},{\"@type\":\"WebSite\",\"@id\":\"https:\\\/\\\/blogin.al\\\/#website\",\"url\":\"https:\\\/\\\/blogin.al\\\/\",\"name\":\"blogin.al\",\"description\":\"\",\"publisher\":{\"@id\":\"https:\\\/\\\/blogin.al\\\/#organization\"},\"potentialAction\":[{\"@type\":\"SearchAction\",\"target\":{\"@type\":\"EntryPoint\",\"urlTemplate\":\"https:\\\/\\\/blogin.al\\\/?s={search_term_string}\"},\"query-input\":{\"@type\":\"PropertyValueSpecification\",\"valueRequired\":true,\"valueName\":\"search_term_string\"}}],\"inLanguage\":\"en-US\"},{\"@type\":\"Organization\",\"@id\":\"https:\\\/\\\/blogin.al\\\/#organization\",\"name\":\"BLOGIN.al\",\"url\":\"https:\\\/\\\/blogin.al\\\/\",\"logo\":{\"@type\":\"ImageObject\",\"inLanguage\":\"en-US\",\"@id\":\"https:\\\/\\\/blogin.al\\\/#\\\/schema\\\/logo\\\/image\\\/\",\"url\":\"https:\\\/\\\/blogin.al\\\/wp-content\\\/uploads\\\/2022\\\/05\\\/Untitled-2-01-e1652084456514.png\",\"contentUrl\":\"https:\\\/\\\/blogin.al\\\/wp-content\\\/uploads\\\/2022\\\/05\\\/Untitled-2-01-e1652084456514.png\",\"width\":3723,\"height\":1698,\"caption\":\"BLOGIN.al\"},\"image\":{\"@id\":\"https:\\\/\\\/blogin.al\\\/#\\\/schema\\\/logo\\\/image\\\/\"},\"sameAs\":[\"https:\\\/\\\/instagram.com\\\/blogin.al\\\/\"]},{\"@type\":\"Person\",\"@id\":\"https:\\\/\\\/blogin.al\\\/#\\\/schema\\\/person\\\/abdd56bc912cd511db877b852b115399\",\"name\":\"Blogin al\",\"image\":{\"@type\":\"ImageObject\",\"inLanguage\":\"en-US\",\"@id\":\"https:\\\/\\\/secure.gravatar.com\\\/avatar\\\/60d5661aee6e835fb13dc75d2204cd0c1d61bef2efd137c0083e59ef831e235e?s=96&d=mm&r=g\",\"url\":\"https:\\\/\\\/secure.gravatar.com\\\/avatar\\\/60d5661aee6e835fb13dc75d2204cd0c1d61bef2efd137c0083e59ef831e235e?s=96&d=mm&r=g\",\"contentUrl\":\"https:\\\/\\\/secure.gravatar.com\\\/avatar\\\/60d5661aee6e835fb13dc75d2204cd0c1d61bef2efd137c0083e59ef831e235e?s=96&d=mm&r=g\",\"caption\":\"Blogin al\"},\"sameAs\":[\"https:\\\/\\\/blogin.al\"],\"url\":\"https:\\\/\\\/blogin.al\\\/?author=2\"}]}<\/script>\n<!-- \/ Yoast SEO plugin. -->","yoast_head_json":{"title":"Kiara e hoqi nga Instagrami,Reagon Dojna Mema - blogin.al","robots":{"index":"index","follow":"follow","max-snippet":"max-snippet:-1","max-image-preview":"max-image-preview:large","max-video-preview":"max-video-preview:-1"},"canonical":"https:\/\/blogin.al\/?p=62779","og_locale":"en_US","og_type":"article","og_title":"Kiara e hoqi nga Instagrami,Reagon Dojna Mema - blogin.al","og_description":"Moderatorja Dojna Mema, ka b\u00ebr\u00eb s\u00eb fundmi nj\u00eb deklarat\u00eb q\u00eb ka ngjallur shum\u00eb reagime n\u00eb rrjetet sociale. Gjat\u00eb nj\u00eb interviste per \u2018Mirembrema Yje\u2019, ajo \u00ebsht\u00eb pyetur p\u00ebr marr\u00ebdh\u00ebniet me koleg\u00ebt e ekranit dhe nuk ka nguruar t\u00eb tregoj\u00eb nj\u00eb detaj q\u00eb ka befasuar ndjek\u00ebsit: Kiara Tito nuk e ndjek m\u00eb n\u00eb Instagram. Me \u00e7ilt\u00ebrsin\u00eb q\u00eb [&hellip;]","og_url":"https:\/\/blogin.al\/?p=62779","og_site_name":"blogin.al","article_published_time":"2025-10-10T07:13:52+00:00","article_modified_time":"2025-10-10T07:14:16+00:00","og_image":[{"width":933,"height":553,"url":"https:\/\/blogin.al\/wp-content\/uploads\/2025\/10\/Screenshot_20251010_091329.jpg","type":"image\/jpeg"}],"author":"Blogin al","twitter_card":"summary_large_image","twitter_misc":{"Written by":"Blogin al","Est. reading time":"1 minute"},"schema":{"@context":"https:\/\/schema.org","@graph":[{"@type":"Article","@id":"https:\/\/blogin.al\/?p=62779#article","isPartOf":{"@id":"https:\/\/blogin.al\/?p=62779"},"author":{"name":"Blogin al","@id":"https:\/\/blogin.al\/#\/schema\/person\/abdd56bc912cd511db877b852b115399"},"headline":"Kiara e hoqi nga Instagrami,Reagon Dojna Mema","datePublished":"2025-10-10T07:13:52+00:00","dateModified":"2025-10-10T07:14:16+00:00","mainEntityOfPage":{"@id":"https:\/\/blogin.al\/?p=62779"},"wordCount":255,"commentCount":0,"publisher":{"@id":"https:\/\/blogin.al\/#organization"},"image":{"@id":"https:\/\/blogin.al\/?p=62779#primaryimage"},"thumbnailUrl":"https:\/\/blogin.al\/wp-content\/uploads\/2025\/10\/Screenshot_20251010_091329.jpg","articleSection":["SHOWBIZ"],"inLanguage":"en-US","potentialAction":[{"@type":"CommentAction","name":"Comment","target":["https:\/\/blogin.al\/?p=62779#respond"]}]},{"@type":"WebPage","@id":"https:\/\/blogin.al\/?p=62779","url":"https:\/\/blogin.al\/?p=62779","name":"Kiara e hoqi nga Instagrami,Reagon Dojna Mema - blogin.al","isPartOf":{"@id":"https:\/\/blogin.al\/#website"},"primaryImageOfPage":{"@id":"https:\/\/blogin.al\/?p=62779#primaryimage"},"image":{"@id":"https:\/\/blogin.al\/?p=62779#primaryimage"},"thumbnailUrl":"https:\/\/blogin.al\/wp-content\/uploads\/2025\/10\/Screenshot_20251010_091329.jpg","datePublished":"2025-10-10T07:13:52+00:00","dateModified":"2025-10-10T07:14:16+00:00","breadcrumb":{"@id":"https:\/\/blogin.al\/?p=62779#breadcrumb"},"inLanguage":"en-US","potentialAction":[{"@type":"ReadAction","target":["https:\/\/blogin.al\/?p=62779"]}]},{"@type":"ImageObject","inLanguage":"en-US","@id":"https:\/\/blogin.al\/?p=62779#primaryimage","url":"https:\/\/blogin.al\/wp-content\/uploads\/2025\/10\/Screenshot_20251010_091329.jpg","contentUrl":"https:\/\/blogin.al\/wp-content\/uploads\/2025\/10\/Screenshot_20251010_091329.jpg","width":933,"height":553},{"@type":"BreadcrumbList","@id":"https:\/\/blogin.al\/?p=62779#breadcrumb","itemListElement":[{"@type":"ListItem","position":1,"name":"Home","item":"https:\/\/blogin.al\/"},{"@type":"ListItem","position":2,"name":"Kiara e hoqi nga Instagrami,Reagon Dojna Mema"}]},{"@type":"WebSite","@id":"https:\/\/blogin.al\/#website","url":"https:\/\/blogin.al\/","name":"blogin.al","description":"","publisher":{"@id":"https:\/\/blogin.al\/#organization"},"potentialAction":[{"@type":"SearchAction","target":{"@type":"EntryPoint","urlTemplate":"https:\/\/blogin.al\/?s={search_term_string}"},"query-input":{"@type":"PropertyValueSpecification","valueRequired":true,"valueName":"search_term_string"}}],"inLanguage":"en-US"},{"@type":"Organization","@id":"https:\/\/blogin.al\/#organization","name":"BLOGIN.al","url":"https:\/\/blogin.al\/","logo":{"@type":"ImageObject","inLanguage":"en-US","@id":"https:\/\/blogin.al\/#\/schema\/logo\/image\/","url":"https:\/\/blogin.al\/wp-content\/uploads\/2022\/05\/Untitled-2-01-e1652084456514.png","contentUrl":"https:\/\/blogin.al\/wp-content\/uploads\/2022\/05\/Untitled-2-01-e1652084456514.png","width":3723,"height":1698,"caption":"BLOGIN.al"},"image":{"@id":"https:\/\/blogin.al\/#\/schema\/logo\/image\/"},"sameAs":["https:\/\/instagram.com\/blogin.al\/"]},{"@type":"Person","@id":"https:\/\/blogin.al\/#\/schema\/person\/abdd56bc912cd511db877b852b115399","name":"Blogin al","image":{"@type":"ImageObject","inLanguage":"en-US","@id":"https:\/\/secure.gravatar.com\/avatar\/60d5661aee6e835fb13dc75d2204cd0c1d61bef2efd137c0083e59ef831e235e?s=96&d=mm&r=g","url":"https:\/\/secure.gravatar.com\/avatar\/60d5661aee6e835fb13dc75d2204cd0c1d61bef2efd137c0083e59ef831e235e?s=96&d=mm&r=g","contentUrl":"https:\/\/secure.gravatar.com\/avatar\/60d5661aee6e835fb13dc75d2204cd0c1d61bef2efd137c0083e59ef831e235e?s=96&d=mm&r=g","caption":"Blogin al"},"sameAs":["https:\/\/blogin.al"],"url":"https:\/\/blogin.al\/?author=2"}]}},"_links":{"self":[{"href":"https:\/\/blogin.al\/index.php?rest_route=\/wp\/v2\/posts\/62779","targetHints":{"allow":["GET"]}}],"collection":[{"href":"https:\/\/blogin.al\/index.php?rest_route=\/wp\/v2\/posts"}],"about":[{"href":"https:\/\/blogin.al\/index.php?rest_route=\/wp\/v2\/types\/post"}],"author":[{"embeddable":true,"href":"https:\/\/blogin.al\/index.php?rest_route=\/wp\/v2\/users\/2"}],"replies":[{"embeddable":true,"href":"https:\/\/blogin.al\/index.php?rest_route=%2Fwp%2Fv2%2Fcomments&post=62779"}],"version-history":[{"count":1,"href":"https:\/\/blogin.al\/index.php?rest_route=\/wp\/v2\/posts\/62779\/revisions"}],"predecessor-version":[{"id":62780,"href":"https:\/\/blogin.al\/index.php?rest_route=\/wp\/v2\/posts\/62779\/revisions\/62780"}],"wp:featuredmedia":[{"embeddable":true,"href":"https:\/\/blogin.al\/index.php?rest_route=\/wp\/v2\/media\/62778"}],"wp:attachment":[{"href":"https:\/\/blogin.al\/index.php?rest_route=%2Fwp%2Fv2%2Fmedia&parent=62779"}],"wp:term":[{"taxonomy":"category","embeddable":true,"href":"https:\/\/blogin.al\/index.php?rest_route=%2Fwp%2Fv2%2Fcategories&post=62779"},{"taxonomy":"post_tag","embeddable":true,"href":"https:\/\/blogin.al\/index.php?rest_route=%2Fwp%2Fv2%2Ftags&post=62779"}],"curies":[{"name":"wp","href":"https:\/\/api.w.org\/{rel}","templated":true}]}}