{"id":62785,"date":"2025-10-10T07:19:48","date_gmt":"2025-10-10T07:19:48","guid":{"rendered":"https:\/\/blogin.al\/?p=62785"},"modified":"2025-10-10T07:20:08","modified_gmt":"2025-10-10T07:20:08","slug":"pas-deklarates-se-xumit-per-ndarjen-me-sara-hoxhen-reagon-ledion-lico","status":"publish","type":"post","link":"https:\/\/blogin.al\/?p=62785","title":{"rendered":"Pas deklarat\u00ebs s\u00eb Xumit p\u00ebr ndarjen me Sara Hoxh\u00ebn, reagon Ledion Li\u00e7o"},"content":{"rendered":"\n<p>Ish-banori i \u201cBig Brother VIP\u201d, Xum Allushi, ka trazuar rrjetin me nj\u00eb deklarat\u00eb t\u00eb papritur dhe thumbuese ndaj moderatorit t\u00eb njohur Ledion Li\u00e7o.<br><br>N\u00eb nj\u00eb video t\u00eb postuar n\u00eb rrjetet sociale, Xumi \u00ebsht\u00eb shprehur \u201cAi q\u00eb shiste proteinat dhe q\u00eb do fikte dritat e \u2018Big Brother\u2019-it, po vazhdon pun\u00ebn p\u00ebrdit\u00eb\u2026 T\u00eb pakt\u00ebn nxjerrim nj\u00eb rrog\u00eb, e ham\u00eb nj\u00eb \u00e7ap buke. Po mua m\u00eb kan\u00eb th\u00ebn\u00eb q\u00eb ty t\u00eb ka l\u00ebn\u00eb gruaja, ku do i gjesh lek\u00ebt p\u00ebr buk\u00eb ti?\u201d<\/p>\n\n\n\n<p>P\u00ebrmes k\u00ebsaj deklarate, ai la t\u00eb kuptohet se Ledioni dhe bashk\u00ebshortja e tij, Sara Hoxha, mund t\u2019i ken\u00eb ndar\u00eb rrug\u00ebt.<br><br>Megjithat\u00eb, vet\u00eb Ledion Li\u00e7o nuk ka reaguar publikisht ndaj komenteve t\u00eb Xumit, duke zgjedhur q\u00eb p\u00ebr momentin t\u00eb q\u00ebndroj\u00eb n\u00eb heshtje, por nuk ka hequr asnj\u00eb postim n\u00eb llogarin\u00eb e tij q\u00eb ka me Sar\u00ebn.<\/p>\n","protected":false},"excerpt":{"rendered":"<p>Ish-banori i \u201cBig Brother VIP\u201d, Xum Allushi, ka trazuar rrjetin me nj\u00eb deklarat\u00eb t\u00eb papritur dhe thumbuese ndaj moderatorit t\u00eb njohur Ledion Li\u00e7o. N\u00eb nj\u00eb video t\u00eb postuar n\u00eb rrjetet sociale, Xumi \u00ebsht\u00eb shprehur \u201cAi q\u00eb shiste proteinat dhe q\u00eb do fikte dritat e \u2018Big Brother\u2019-it, po vazhdon pun\u00ebn p\u00ebrdit\u00eb\u2026 T\u00eb pakt\u00ebn nxjerrim nj\u00eb rrog\u00eb, [&hellip;]<\/p>\n","protected":false},"author":2,"featured_media":62784,"comment_status":"open","ping_status":"open","sticky":false,"template":"","format":"standard","meta":{"footnotes":""},"categories":[33],"tags":[],"class_list":{"0":"post-62785","1":"post","2":"type-post","3":"status-publish","4":"format-standard","5":"has-post-thumbnail","7":"category-showbiz"},"yoast_head":"<!-- This site is optimized with the Yoast SEO plugin v27.4 - https:\/\/yoast.com\/product\/yoast-seo-wordpress\/ -->\n<title>Pas deklarat\u00ebs s\u00eb Xumit p\u00ebr ndarjen me Sara Hoxh\u00ebn, reagon Ledion Li\u00e7o - blogin.al<\/title>\n<meta name=\"robots\" content=\"index, follow, max-snippet:-1, max-image-preview:large, max-video-preview:-1\" \/>\n<link rel=\"canonical\" href=\"https:\/\/blogin.al\/?p=62785\" \/>\n<meta property=\"og:locale\" content=\"en_US\" \/>\n<meta property=\"og:type\" content=\"article\" \/>\n<meta property=\"og:title\" content=\"Pas deklarat\u00ebs s\u00eb Xumit p\u00ebr ndarjen me Sara Hoxh\u00ebn, reagon Ledion Li\u00e7o - blogin.al\" \/>\n<meta property=\"og:description\" content=\"Ish-banori i \u201cBig Brother VIP\u201d, Xum Allushi, ka trazuar rrjetin me nj\u00eb deklarat\u00eb t\u00eb papritur dhe thumbuese ndaj moderatorit t\u00eb njohur Ledion Li\u00e7o. N\u00eb nj\u00eb video t\u00eb postuar n\u00eb rrjetet sociale, Xumi \u00ebsht\u00eb shprehur \u201cAi q\u00eb shiste proteinat dhe q\u00eb do fikte dritat e \u2018Big Brother\u2019-it, po vazhdon pun\u00ebn p\u00ebrdit\u00eb\u2026 T\u00eb pakt\u00ebn nxjerrim nj\u00eb rrog\u00eb, [&hellip;]\" \/>\n<meta property=\"og:url\" content=\"https:\/\/blogin.al\/?p=62785\" \/>\n<meta property=\"og:site_name\" content=\"blogin.al\" \/>\n<meta property=\"article:published_time\" content=\"2025-10-10T07:19:48+00:00\" \/>\n<meta property=\"article:modified_time\" content=\"2025-10-10T07:20:08+00:00\" \/>\n<meta property=\"og:image\" content=\"https:\/\/blogin.al\/wp-content\/uploads\/2025\/10\/Screenshot_20251010_091815.jpg\" \/>\n\t<meta property=\"og:image:width\" content=\"884\" \/>\n\t<meta property=\"og:image:height\" content=\"468\" \/>\n\t<meta property=\"og:image:type\" content=\"image\/jpeg\" \/>\n<meta name=\"author\" content=\"Blogin al\" \/>\n<meta name=\"twitter:card\" content=\"summary_large_image\" \/>\n<meta name=\"twitter:label1\" content=\"Written by\" \/>\n\t<meta name=\"twitter:data1\" content=\"Blogin al\" \/>\n\t<meta name=\"twitter:label2\" content=\"Est. reading time\" \/>\n\t<meta name=\"twitter:data2\" content=\"1 minute\" \/>\n<script type=\"application\/ld+json\" class=\"yoast-schema-graph\">{\"@context\":\"https:\\\/\\\/schema.org\",\"@graph\":[{\"@type\":\"Article\",\"@id\":\"https:\\\/\\\/blogin.al\\\/?p=62785#article\",\"isPartOf\":{\"@id\":\"https:\\\/\\\/blogin.al\\\/?p=62785\"},\"author\":{\"name\":\"Blogin al\",\"@id\":\"https:\\\/\\\/blogin.al\\\/#\\\/schema\\\/person\\\/abdd56bc912cd511db877b852b115399\"},\"headline\":\"Pas deklarat\u00ebs s\u00eb Xumit p\u00ebr ndarjen me Sara Hoxh\u00ebn, reagon Ledion Li\u00e7o\",\"datePublished\":\"2025-10-10T07:19:48+00:00\",\"dateModified\":\"2025-10-10T07:20:08+00:00\",\"mainEntityOfPage\":{\"@id\":\"https:\\\/\\\/blogin.al\\\/?p=62785\"},\"wordCount\":168,\"commentCount\":0,\"publisher\":{\"@id\":\"https:\\\/\\\/blogin.al\\\/#organization\"},\"image\":{\"@id\":\"https:\\\/\\\/blogin.al\\\/?p=62785#primaryimage\"},\"thumbnailUrl\":\"https:\\\/\\\/blogin.al\\\/wp-content\\\/uploads\\\/2025\\\/10\\\/Screenshot_20251010_091815.jpg\",\"articleSection\":[\"SHOWBIZ\"],\"inLanguage\":\"en-US\",\"potentialAction\":[{\"@type\":\"CommentAction\",\"name\":\"Comment\",\"target\":[\"https:\\\/\\\/blogin.al\\\/?p=62785#respond\"]}]},{\"@type\":\"WebPage\",\"@id\":\"https:\\\/\\\/blogin.al\\\/?p=62785\",\"url\":\"https:\\\/\\\/blogin.al\\\/?p=62785\",\"name\":\"Pas deklarat\u00ebs s\u00eb Xumit p\u00ebr ndarjen me Sara Hoxh\u00ebn, reagon Ledion Li\u00e7o - blogin.al\",\"isPartOf\":{\"@id\":\"https:\\\/\\\/blogin.al\\\/#website\"},\"primaryImageOfPage\":{\"@id\":\"https:\\\/\\\/blogin.al\\\/?p=62785#primaryimage\"},\"image\":{\"@id\":\"https:\\\/\\\/blogin.al\\\/?p=62785#primaryimage\"},\"thumbnailUrl\":\"https:\\\/\\\/blogin.al\\\/wp-content\\\/uploads\\\/2025\\\/10\\\/Screenshot_20251010_091815.jpg\",\"datePublished\":\"2025-10-10T07:19:48+00:00\",\"dateModified\":\"2025-10-10T07:20:08+00:00\",\"breadcrumb\":{\"@id\":\"https:\\\/\\\/blogin.al\\\/?p=62785#breadcrumb\"},\"inLanguage\":\"en-US\",\"potentialAction\":[{\"@type\":\"ReadAction\",\"target\":[\"https:\\\/\\\/blogin.al\\\/?p=62785\"]}]},{\"@type\":\"ImageObject\",\"inLanguage\":\"en-US\",\"@id\":\"https:\\\/\\\/blogin.al\\\/?p=62785#primaryimage\",\"url\":\"https:\\\/\\\/blogin.al\\\/wp-content\\\/uploads\\\/2025\\\/10\\\/Screenshot_20251010_091815.jpg\",\"contentUrl\":\"https:\\\/\\\/blogin.al\\\/wp-content\\\/uploads\\\/2025\\\/10\\\/Screenshot_20251010_091815.jpg\",\"width\":884,\"height\":468},{\"@type\":\"BreadcrumbList\",\"@id\":\"https:\\\/\\\/blogin.al\\\/?p=62785#breadcrumb\",\"itemListElement\":[{\"@type\":\"ListItem\",\"position\":1,\"name\":\"Home\",\"item\":\"https:\\\/\\\/blogin.al\\\/\"},{\"@type\":\"ListItem\",\"position\":2,\"name\":\"Pas deklarat\u00ebs s\u00eb Xumit p\u00ebr ndarjen me Sara Hoxh\u00ebn, reagon Ledion Li\u00e7o\"}]},{\"@type\":\"WebSite\",\"@id\":\"https:\\\/\\\/blogin.al\\\/#website\",\"url\":\"https:\\\/\\\/blogin.al\\\/\",\"name\":\"blogin.al\",\"description\":\"\",\"publisher\":{\"@id\":\"https:\\\/\\\/blogin.al\\\/#organization\"},\"potentialAction\":[{\"@type\":\"SearchAction\",\"target\":{\"@type\":\"EntryPoint\",\"urlTemplate\":\"https:\\\/\\\/blogin.al\\\/?s={search_term_string}\"},\"query-input\":{\"@type\":\"PropertyValueSpecification\",\"valueRequired\":true,\"valueName\":\"search_term_string\"}}],\"inLanguage\":\"en-US\"},{\"@type\":\"Organization\",\"@id\":\"https:\\\/\\\/blogin.al\\\/#organization\",\"name\":\"BLOGIN.al\",\"url\":\"https:\\\/\\\/blogin.al\\\/\",\"logo\":{\"@type\":\"ImageObject\",\"inLanguage\":\"en-US\",\"@id\":\"https:\\\/\\\/blogin.al\\\/#\\\/schema\\\/logo\\\/image\\\/\",\"url\":\"https:\\\/\\\/blogin.al\\\/wp-content\\\/uploads\\\/2022\\\/05\\\/Untitled-2-01-e1652084456514.png\",\"contentUrl\":\"https:\\\/\\\/blogin.al\\\/wp-content\\\/uploads\\\/2022\\\/05\\\/Untitled-2-01-e1652084456514.png\",\"width\":3723,\"height\":1698,\"caption\":\"BLOGIN.al\"},\"image\":{\"@id\":\"https:\\\/\\\/blogin.al\\\/#\\\/schema\\\/logo\\\/image\\\/\"},\"sameAs\":[\"https:\\\/\\\/instagram.com\\\/blogin.al\\\/\"]},{\"@type\":\"Person\",\"@id\":\"https:\\\/\\\/blogin.al\\\/#\\\/schema\\\/person\\\/abdd56bc912cd511db877b852b115399\",\"name\":\"Blogin al\",\"image\":{\"@type\":\"ImageObject\",\"inLanguage\":\"en-US\",\"@id\":\"https:\\\/\\\/secure.gravatar.com\\\/avatar\\\/60d5661aee6e835fb13dc75d2204cd0c1d61bef2efd137c0083e59ef831e235e?s=96&d=mm&r=g\",\"url\":\"https:\\\/\\\/secure.gravatar.com\\\/avatar\\\/60d5661aee6e835fb13dc75d2204cd0c1d61bef2efd137c0083e59ef831e235e?s=96&d=mm&r=g\",\"contentUrl\":\"https:\\\/\\\/secure.gravatar.com\\\/avatar\\\/60d5661aee6e835fb13dc75d2204cd0c1d61bef2efd137c0083e59ef831e235e?s=96&d=mm&r=g\",\"caption\":\"Blogin al\"},\"sameAs\":[\"https:\\\/\\\/blogin.al\"],\"url\":\"https:\\\/\\\/blogin.al\\\/?author=2\"}]}<\/script>\n<!-- \/ Yoast SEO plugin. -->","yoast_head_json":{"title":"Pas deklarat\u00ebs s\u00eb Xumit p\u00ebr ndarjen me Sara Hoxh\u00ebn, reagon Ledion Li\u00e7o - blogin.al","robots":{"index":"index","follow":"follow","max-snippet":"max-snippet:-1","max-image-preview":"max-image-preview:large","max-video-preview":"max-video-preview:-1"},"canonical":"https:\/\/blogin.al\/?p=62785","og_locale":"en_US","og_type":"article","og_title":"Pas deklarat\u00ebs s\u00eb Xumit p\u00ebr ndarjen me Sara Hoxh\u00ebn, reagon Ledion Li\u00e7o - blogin.al","og_description":"Ish-banori i \u201cBig Brother VIP\u201d, Xum Allushi, ka trazuar rrjetin me nj\u00eb deklarat\u00eb t\u00eb papritur dhe thumbuese ndaj moderatorit t\u00eb njohur Ledion Li\u00e7o. N\u00eb nj\u00eb video t\u00eb postuar n\u00eb rrjetet sociale, Xumi \u00ebsht\u00eb shprehur \u201cAi q\u00eb shiste proteinat dhe q\u00eb do fikte dritat e \u2018Big Brother\u2019-it, po vazhdon pun\u00ebn p\u00ebrdit\u00eb\u2026 T\u00eb pakt\u00ebn nxjerrim nj\u00eb rrog\u00eb, [&hellip;]","og_url":"https:\/\/blogin.al\/?p=62785","og_site_name":"blogin.al","article_published_time":"2025-10-10T07:19:48+00:00","article_modified_time":"2025-10-10T07:20:08+00:00","og_image":[{"width":884,"height":468,"url":"https:\/\/blogin.al\/wp-content\/uploads\/2025\/10\/Screenshot_20251010_091815.jpg","type":"image\/jpeg"}],"author":"Blogin al","twitter_card":"summary_large_image","twitter_misc":{"Written by":"Blogin al","Est. reading time":"1 minute"},"schema":{"@context":"https:\/\/schema.org","@graph":[{"@type":"Article","@id":"https:\/\/blogin.al\/?p=62785#article","isPartOf":{"@id":"https:\/\/blogin.al\/?p=62785"},"author":{"name":"Blogin al","@id":"https:\/\/blogin.al\/#\/schema\/person\/abdd56bc912cd511db877b852b115399"},"headline":"Pas deklarat\u00ebs s\u00eb Xumit p\u00ebr ndarjen me Sara Hoxh\u00ebn, reagon Ledion Li\u00e7o","datePublished":"2025-10-10T07:19:48+00:00","dateModified":"2025-10-10T07:20:08+00:00","mainEntityOfPage":{"@id":"https:\/\/blogin.al\/?p=62785"},"wordCount":168,"commentCount":0,"publisher":{"@id":"https:\/\/blogin.al\/#organization"},"image":{"@id":"https:\/\/blogin.al\/?p=62785#primaryimage"},"thumbnailUrl":"https:\/\/blogin.al\/wp-content\/uploads\/2025\/10\/Screenshot_20251010_091815.jpg","articleSection":["SHOWBIZ"],"inLanguage":"en-US","potentialAction":[{"@type":"CommentAction","name":"Comment","target":["https:\/\/blogin.al\/?p=62785#respond"]}]},{"@type":"WebPage","@id":"https:\/\/blogin.al\/?p=62785","url":"https:\/\/blogin.al\/?p=62785","name":"Pas deklarat\u00ebs s\u00eb Xumit p\u00ebr ndarjen me Sara Hoxh\u00ebn, reagon Ledion Li\u00e7o - blogin.al","isPartOf":{"@id":"https:\/\/blogin.al\/#website"},"primaryImageOfPage":{"@id":"https:\/\/blogin.al\/?p=62785#primaryimage"},"image":{"@id":"https:\/\/blogin.al\/?p=62785#primaryimage"},"thumbnailUrl":"https:\/\/blogin.al\/wp-content\/uploads\/2025\/10\/Screenshot_20251010_091815.jpg","datePublished":"2025-10-10T07:19:48+00:00","dateModified":"2025-10-10T07:20:08+00:00","breadcrumb":{"@id":"https:\/\/blogin.al\/?p=62785#breadcrumb"},"inLanguage":"en-US","potentialAction":[{"@type":"ReadAction","target":["https:\/\/blogin.al\/?p=62785"]}]},{"@type":"ImageObject","inLanguage":"en-US","@id":"https:\/\/blogin.al\/?p=62785#primaryimage","url":"https:\/\/blogin.al\/wp-content\/uploads\/2025\/10\/Screenshot_20251010_091815.jpg","contentUrl":"https:\/\/blogin.al\/wp-content\/uploads\/2025\/10\/Screenshot_20251010_091815.jpg","width":884,"height":468},{"@type":"BreadcrumbList","@id":"https:\/\/blogin.al\/?p=62785#breadcrumb","itemListElement":[{"@type":"ListItem","position":1,"name":"Home","item":"https:\/\/blogin.al\/"},{"@type":"ListItem","position":2,"name":"Pas deklarat\u00ebs s\u00eb Xumit p\u00ebr ndarjen me Sara Hoxh\u00ebn, reagon Ledion Li\u00e7o"}]},{"@type":"WebSite","@id":"https:\/\/blogin.al\/#website","url":"https:\/\/blogin.al\/","name":"blogin.al","description":"","publisher":{"@id":"https:\/\/blogin.al\/#organization"},"potentialAction":[{"@type":"SearchAction","target":{"@type":"EntryPoint","urlTemplate":"https:\/\/blogin.al\/?s={search_term_string}"},"query-input":{"@type":"PropertyValueSpecification","valueRequired":true,"valueName":"search_term_string"}}],"inLanguage":"en-US"},{"@type":"Organization","@id":"https:\/\/blogin.al\/#organization","name":"BLOGIN.al","url":"https:\/\/blogin.al\/","logo":{"@type":"ImageObject","inLanguage":"en-US","@id":"https:\/\/blogin.al\/#\/schema\/logo\/image\/","url":"https:\/\/blogin.al\/wp-content\/uploads\/2022\/05\/Untitled-2-01-e1652084456514.png","contentUrl":"https:\/\/blogin.al\/wp-content\/uploads\/2022\/05\/Untitled-2-01-e1652084456514.png","width":3723,"height":1698,"caption":"BLOGIN.al"},"image":{"@id":"https:\/\/blogin.al\/#\/schema\/logo\/image\/"},"sameAs":["https:\/\/instagram.com\/blogin.al\/"]},{"@type":"Person","@id":"https:\/\/blogin.al\/#\/schema\/person\/abdd56bc912cd511db877b852b115399","name":"Blogin al","image":{"@type":"ImageObject","inLanguage":"en-US","@id":"https:\/\/secure.gravatar.com\/avatar\/60d5661aee6e835fb13dc75d2204cd0c1d61bef2efd137c0083e59ef831e235e?s=96&d=mm&r=g","url":"https:\/\/secure.gravatar.com\/avatar\/60d5661aee6e835fb13dc75d2204cd0c1d61bef2efd137c0083e59ef831e235e?s=96&d=mm&r=g","contentUrl":"https:\/\/secure.gravatar.com\/avatar\/60d5661aee6e835fb13dc75d2204cd0c1d61bef2efd137c0083e59ef831e235e?s=96&d=mm&r=g","caption":"Blogin al"},"sameAs":["https:\/\/blogin.al"],"url":"https:\/\/blogin.al\/?author=2"}]}},"_links":{"self":[{"href":"https:\/\/blogin.al\/index.php?rest_route=\/wp\/v2\/posts\/62785","targetHints":{"allow":["GET"]}}],"collection":[{"href":"https:\/\/blogin.al\/index.php?rest_route=\/wp\/v2\/posts"}],"about":[{"href":"https:\/\/blogin.al\/index.php?rest_route=\/wp\/v2\/types\/post"}],"author":[{"embeddable":true,"href":"https:\/\/blogin.al\/index.php?rest_route=\/wp\/v2\/users\/2"}],"replies":[{"embeddable":true,"href":"https:\/\/blogin.al\/index.php?rest_route=%2Fwp%2Fv2%2Fcomments&post=62785"}],"version-history":[{"count":1,"href":"https:\/\/blogin.al\/index.php?rest_route=\/wp\/v2\/posts\/62785\/revisions"}],"predecessor-version":[{"id":62786,"href":"https:\/\/blogin.al\/index.php?rest_route=\/wp\/v2\/posts\/62785\/revisions\/62786"}],"wp:featuredmedia":[{"embeddable":true,"href":"https:\/\/blogin.al\/index.php?rest_route=\/wp\/v2\/media\/62784"}],"wp:attachment":[{"href":"https:\/\/blogin.al\/index.php?rest_route=%2Fwp%2Fv2%2Fmedia&parent=62785"}],"wp:term":[{"taxonomy":"category","embeddable":true,"href":"https:\/\/blogin.al\/index.php?rest_route=%2Fwp%2Fv2%2Fcategories&post=62785"},{"taxonomy":"post_tag","embeddable":true,"href":"https:\/\/blogin.al\/index.php?rest_route=%2Fwp%2Fv2%2Ftags&post=62785"}],"curies":[{"name":"wp","href":"https:\/\/api.w.org\/{rel}","templated":true}]}}