{"id":64077,"date":"2025-12-02T07:33:32","date_gmt":"2025-12-02T07:33:32","guid":{"rendered":"https:\/\/blogin.al\/?p=64077"},"modified":"2025-12-02T07:33:38","modified_gmt":"2025-12-02T07:33:38","slug":"shpat-kasapi-u-nda-nga-jeta-perplasje-e-forte-mes-dy-adelina-ve","status":"publish","type":"post","link":"https:\/\/blogin.al\/?p=64077","title":{"rendered":"Shpat Kasapi u nda nga jeta, p\u00ebrplasje e fort\u00eb mes dy Adelina-ve !"},"content":{"rendered":"<p>Vdekja e papritur e k\u00ebng\u00ebtarit t\u00eb njohur, Shpat Kasapi, ka l\u00ebn\u00eb nj\u00eb boshll\u00ebk t\u00eb madh n\u00eb sken\u00ebn muzikore shqiptare dhe ka nxitur reagime t\u00eb ndryshme nga artist\u00ebt. S\u00eb fundmi, ngjarja ka sjell\u00eb edhe nj\u00eb p\u00ebrplasje publike mes dy k\u00ebng\u00ebtareve t\u00eb njohura, Adelina Tahirit dhe Adelina Ismailit, lidhur me etik\u00ebn e sjelljes n\u00eb dit\u00eb zie.<\/p>\n<p>Adelina Tahiri, e ftuar n\u00eb emisionin e T7, kritikoi ashp\u00ebr kolegen e saj p\u00ebr faktin se ajo ka mbajtur koncert pik\u00ebrisht nat\u00ebn kur u b\u00eb i ditur lajmi tragjik p\u00ebr humbjen e Kasapit. Tahiri theksoi se, edhe pse nuk ishte e nevojshme t\u00eb anulohej koncerti, pritej nj\u00eb gjest minimal nderimi p\u00ebr artistin e ndjer\u00eb. Ajo deklaroi: \u201cUn\u00eb e p\u00ebrg\u00ebzoj p\u00ebr arritjet dhe sukseset, por at\u00eb nat\u00eb n\u00eb koncert ishte dasht\u00eb t\u00eb mbaj\u00eb t\u00eb pakt\u00ebn nj\u00eb minut\u00eb heshtje ose nj\u00eb fjalim t\u00eb shkurt\u00ebr\u2026 s\u2019po them ta anuloj\u00eb koncertin, por t\u00eb kishte vet\u00ebm di\u00e7ka aty.\u201d<\/p>\n<p>Kritika e Tahirit u ashp\u00ebrsua m\u00eb tej kur e konsideroi munges\u00ebn e reagimit si nj\u00eb veprim t\u00eb papranuesh\u00ebm moral p\u00ebr nj\u00eb artiste t\u00eb nivelit t\u00eb Adelina Ismailit. \u201cE mjerueshme q\u00eb nuk e ka kujtuar fare,\u201d p\u00ebrfundoi Tahiri, duke theksuar r\u00ebnd\u00ebsin\u00eb e respektit dhe solidaritetit n\u00eb komunitetin muzikor.<\/p>\n<p>Deri tani, Adelina Ismaili nuk ka reaguar publikisht ndaj k\u00ebtyre kritika, duke l\u00ebn\u00eb vend p\u00ebr spekulime dhe debate mes fansave dhe mediave. Ky incident ka rikthyer n\u00eb v\u00ebmendje etik\u00ebn dhe p\u00ebrgjegj\u00ebsin\u00eb e figurave publike n\u00eb momente t\u00eb dhimbshme dhe ngjarje tragjike, duke nxitur nj\u00eb diskutim t\u00eb gjer\u00eb mbi respektin dhe kujtimin e artist\u00ebve t\u00eb ndjer\u00eb.<\/p>\n","protected":false},"excerpt":{"rendered":"<p>Vdekja e papritur e k\u00ebng\u00ebtarit t\u00eb njohur, Shpat Kasapi, ka l\u00ebn\u00eb nj\u00eb boshll\u00ebk t\u00eb madh n\u00eb sken\u00ebn muzikore shqiptare dhe ka nxitur reagime t\u00eb ndryshme nga artist\u00ebt. S\u00eb fundmi, ngjarja ka sjell\u00eb edhe nj\u00eb p\u00ebrplasje publike mes dy k\u00ebng\u00ebtareve t\u00eb njohura, Adelina Tahirit dhe Adelina Ismailit, lidhur me etik\u00ebn e sjelljes n\u00eb dit\u00eb zie. Adelina [&hellip;]<\/p>\n","protected":false},"author":2,"featured_media":64076,"comment_status":"open","ping_status":"open","sticky":false,"template":"","format":"standard","meta":{"footnotes":""},"categories":[33],"tags":[],"class_list":{"0":"post-64077","1":"post","2":"type-post","3":"status-publish","4":"format-standard","5":"has-post-thumbnail","7":"category-showbiz"},"yoast_head":"<!-- This site is optimized with the Yoast SEO plugin v27.5 - https:\/\/yoast.com\/product\/yoast-seo-wordpress\/ -->\n<title>Shpat Kasapi u nda nga jeta, p\u00ebrplasje e fort\u00eb mes dy Adelina-ve ! - blogin.al<\/title>\n<meta name=\"robots\" content=\"index, follow, max-snippet:-1, max-image-preview:large, max-video-preview:-1\" \/>\n<link rel=\"canonical\" href=\"https:\/\/blogin.al\/?p=64077\" \/>\n<meta property=\"og:locale\" content=\"en_US\" \/>\n<meta property=\"og:type\" content=\"article\" \/>\n<meta property=\"og:title\" content=\"Shpat Kasapi u nda nga jeta, p\u00ebrplasje e fort\u00eb mes dy Adelina-ve ! - blogin.al\" \/>\n<meta property=\"og:description\" content=\"Vdekja e papritur e k\u00ebng\u00ebtarit t\u00eb njohur, Shpat Kasapi, ka l\u00ebn\u00eb nj\u00eb boshll\u00ebk t\u00eb madh n\u00eb sken\u00ebn muzikore shqiptare dhe ka nxitur reagime t\u00eb ndryshme nga artist\u00ebt. S\u00eb fundmi, ngjarja ka sjell\u00eb edhe nj\u00eb p\u00ebrplasje publike mes dy k\u00ebng\u00ebtareve t\u00eb njohura, Adelina Tahirit dhe Adelina Ismailit, lidhur me etik\u00ebn e sjelljes n\u00eb dit\u00eb zie. Adelina [&hellip;]\" \/>\n<meta property=\"og:url\" content=\"https:\/\/blogin.al\/?p=64077\" \/>\n<meta property=\"og:site_name\" content=\"blogin.al\" \/>\n<meta property=\"article:published_time\" content=\"2025-12-02T07:33:32+00:00\" \/>\n<meta property=\"article:modified_time\" content=\"2025-12-02T07:33:38+00:00\" \/>\n<meta property=\"og:image\" content=\"https:\/\/blogin.al\/wp-content\/uploads\/2025\/12\/Screenshot_20251202_083251.jpg\" \/>\n\t<meta property=\"og:image:width\" content=\"989\" \/>\n\t<meta property=\"og:image:height\" content=\"622\" \/>\n\t<meta property=\"og:image:type\" content=\"image\/jpeg\" \/>\n<meta name=\"author\" content=\"Blogin al\" \/>\n<meta name=\"twitter:card\" content=\"summary_large_image\" \/>\n<meta name=\"twitter:label1\" content=\"Written by\" \/>\n\t<meta name=\"twitter:data1\" content=\"Blogin al\" \/>\n\t<meta name=\"twitter:label2\" content=\"Est. reading time\" \/>\n\t<meta name=\"twitter:data2\" content=\"1 minute\" \/>\n<script type=\"application\/ld+json\" class=\"yoast-schema-graph\">{\"@context\":\"https:\\\/\\\/schema.org\",\"@graph\":[{\"@type\":\"Article\",\"@id\":\"https:\\\/\\\/blogin.al\\\/?p=64077#article\",\"isPartOf\":{\"@id\":\"https:\\\/\\\/blogin.al\\\/?p=64077\"},\"author\":{\"name\":\"Blogin al\",\"@id\":\"https:\\\/\\\/blogin.al\\\/#\\\/schema\\\/person\\\/abdd56bc912cd511db877b852b115399\"},\"headline\":\"Shpat Kasapi u nda nga jeta, p\u00ebrplasje e fort\u00eb mes dy Adelina-ve !\",\"datePublished\":\"2025-12-02T07:33:32+00:00\",\"dateModified\":\"2025-12-02T07:33:38+00:00\",\"mainEntityOfPage\":{\"@id\":\"https:\\\/\\\/blogin.al\\\/?p=64077\"},\"wordCount\":301,\"commentCount\":0,\"publisher\":{\"@id\":\"https:\\\/\\\/blogin.al\\\/#organization\"},\"image\":{\"@id\":\"https:\\\/\\\/blogin.al\\\/?p=64077#primaryimage\"},\"thumbnailUrl\":\"https:\\\/\\\/blogin.al\\\/wp-content\\\/uploads\\\/2025\\\/12\\\/Screenshot_20251202_083251.jpg\",\"articleSection\":[\"SHOWBIZ\"],\"inLanguage\":\"en-US\",\"potentialAction\":[{\"@type\":\"CommentAction\",\"name\":\"Comment\",\"target\":[\"https:\\\/\\\/blogin.al\\\/?p=64077#respond\"]}]},{\"@type\":\"WebPage\",\"@id\":\"https:\\\/\\\/blogin.al\\\/?p=64077\",\"url\":\"https:\\\/\\\/blogin.al\\\/?p=64077\",\"name\":\"Shpat Kasapi u nda nga jeta, p\u00ebrplasje e fort\u00eb mes dy Adelina-ve ! - blogin.al\",\"isPartOf\":{\"@id\":\"https:\\\/\\\/blogin.al\\\/#website\"},\"primaryImageOfPage\":{\"@id\":\"https:\\\/\\\/blogin.al\\\/?p=64077#primaryimage\"},\"image\":{\"@id\":\"https:\\\/\\\/blogin.al\\\/?p=64077#primaryimage\"},\"thumbnailUrl\":\"https:\\\/\\\/blogin.al\\\/wp-content\\\/uploads\\\/2025\\\/12\\\/Screenshot_20251202_083251.jpg\",\"datePublished\":\"2025-12-02T07:33:32+00:00\",\"dateModified\":\"2025-12-02T07:33:38+00:00\",\"breadcrumb\":{\"@id\":\"https:\\\/\\\/blogin.al\\\/?p=64077#breadcrumb\"},\"inLanguage\":\"en-US\",\"potentialAction\":[{\"@type\":\"ReadAction\",\"target\":[\"https:\\\/\\\/blogin.al\\\/?p=64077\"]}]},{\"@type\":\"ImageObject\",\"inLanguage\":\"en-US\",\"@id\":\"https:\\\/\\\/blogin.al\\\/?p=64077#primaryimage\",\"url\":\"https:\\\/\\\/blogin.al\\\/wp-content\\\/uploads\\\/2025\\\/12\\\/Screenshot_20251202_083251.jpg\",\"contentUrl\":\"https:\\\/\\\/blogin.al\\\/wp-content\\\/uploads\\\/2025\\\/12\\\/Screenshot_20251202_083251.jpg\",\"width\":989,\"height\":622},{\"@type\":\"BreadcrumbList\",\"@id\":\"https:\\\/\\\/blogin.al\\\/?p=64077#breadcrumb\",\"itemListElement\":[{\"@type\":\"ListItem\",\"position\":1,\"name\":\"Home\",\"item\":\"https:\\\/\\\/blogin.al\\\/\"},{\"@type\":\"ListItem\",\"position\":2,\"name\":\"Shpat Kasapi u nda nga jeta, p\u00ebrplasje e fort\u00eb mes dy Adelina-ve !\"}]},{\"@type\":\"WebSite\",\"@id\":\"https:\\\/\\\/blogin.al\\\/#website\",\"url\":\"https:\\\/\\\/blogin.al\\\/\",\"name\":\"blogin.al\",\"description\":\"\",\"publisher\":{\"@id\":\"https:\\\/\\\/blogin.al\\\/#organization\"},\"potentialAction\":[{\"@type\":\"SearchAction\",\"target\":{\"@type\":\"EntryPoint\",\"urlTemplate\":\"https:\\\/\\\/blogin.al\\\/?s={search_term_string}\"},\"query-input\":{\"@type\":\"PropertyValueSpecification\",\"valueRequired\":true,\"valueName\":\"search_term_string\"}}],\"inLanguage\":\"en-US\"},{\"@type\":\"Organization\",\"@id\":\"https:\\\/\\\/blogin.al\\\/#organization\",\"name\":\"BLOGIN.al\",\"url\":\"https:\\\/\\\/blogin.al\\\/\",\"logo\":{\"@type\":\"ImageObject\",\"inLanguage\":\"en-US\",\"@id\":\"https:\\\/\\\/blogin.al\\\/#\\\/schema\\\/logo\\\/image\\\/\",\"url\":\"https:\\\/\\\/blogin.al\\\/wp-content\\\/uploads\\\/2022\\\/05\\\/Untitled-2-01-e1652084456514.png\",\"contentUrl\":\"https:\\\/\\\/blogin.al\\\/wp-content\\\/uploads\\\/2022\\\/05\\\/Untitled-2-01-e1652084456514.png\",\"width\":3723,\"height\":1698,\"caption\":\"BLOGIN.al\"},\"image\":{\"@id\":\"https:\\\/\\\/blogin.al\\\/#\\\/schema\\\/logo\\\/image\\\/\"},\"sameAs\":[\"https:\\\/\\\/instagram.com\\\/blogin.al\\\/\"]},{\"@type\":\"Person\",\"@id\":\"https:\\\/\\\/blogin.al\\\/#\\\/schema\\\/person\\\/abdd56bc912cd511db877b852b115399\",\"name\":\"Blogin al\",\"image\":{\"@type\":\"ImageObject\",\"inLanguage\":\"en-US\",\"@id\":\"https:\\\/\\\/secure.gravatar.com\\\/avatar\\\/60d5661aee6e835fb13dc75d2204cd0c1d61bef2efd137c0083e59ef831e235e?s=96&d=mm&r=g\",\"url\":\"https:\\\/\\\/secure.gravatar.com\\\/avatar\\\/60d5661aee6e835fb13dc75d2204cd0c1d61bef2efd137c0083e59ef831e235e?s=96&d=mm&r=g\",\"contentUrl\":\"https:\\\/\\\/secure.gravatar.com\\\/avatar\\\/60d5661aee6e835fb13dc75d2204cd0c1d61bef2efd137c0083e59ef831e235e?s=96&d=mm&r=g\",\"caption\":\"Blogin al\"},\"sameAs\":[\"https:\\\/\\\/blogin.al\"],\"url\":\"https:\\\/\\\/blogin.al\\\/?author=2\"}]}<\/script>\n<!-- \/ Yoast SEO plugin. -->","yoast_head_json":{"title":"Shpat Kasapi u nda nga jeta, p\u00ebrplasje e fort\u00eb mes dy Adelina-ve ! - blogin.al","robots":{"index":"index","follow":"follow","max-snippet":"max-snippet:-1","max-image-preview":"max-image-preview:large","max-video-preview":"max-video-preview:-1"},"canonical":"https:\/\/blogin.al\/?p=64077","og_locale":"en_US","og_type":"article","og_title":"Shpat Kasapi u nda nga jeta, p\u00ebrplasje e fort\u00eb mes dy Adelina-ve ! - blogin.al","og_description":"Vdekja e papritur e k\u00ebng\u00ebtarit t\u00eb njohur, Shpat Kasapi, ka l\u00ebn\u00eb nj\u00eb boshll\u00ebk t\u00eb madh n\u00eb sken\u00ebn muzikore shqiptare dhe ka nxitur reagime t\u00eb ndryshme nga artist\u00ebt. S\u00eb fundmi, ngjarja ka sjell\u00eb edhe nj\u00eb p\u00ebrplasje publike mes dy k\u00ebng\u00ebtareve t\u00eb njohura, Adelina Tahirit dhe Adelina Ismailit, lidhur me etik\u00ebn e sjelljes n\u00eb dit\u00eb zie. Adelina [&hellip;]","og_url":"https:\/\/blogin.al\/?p=64077","og_site_name":"blogin.al","article_published_time":"2025-12-02T07:33:32+00:00","article_modified_time":"2025-12-02T07:33:38+00:00","og_image":[{"width":989,"height":622,"url":"https:\/\/blogin.al\/wp-content\/uploads\/2025\/12\/Screenshot_20251202_083251.jpg","type":"image\/jpeg"}],"author":"Blogin al","twitter_card":"summary_large_image","twitter_misc":{"Written by":"Blogin al","Est. reading time":"1 minute"},"schema":{"@context":"https:\/\/schema.org","@graph":[{"@type":"Article","@id":"https:\/\/blogin.al\/?p=64077#article","isPartOf":{"@id":"https:\/\/blogin.al\/?p=64077"},"author":{"name":"Blogin al","@id":"https:\/\/blogin.al\/#\/schema\/person\/abdd56bc912cd511db877b852b115399"},"headline":"Shpat Kasapi u nda nga jeta, p\u00ebrplasje e fort\u00eb mes dy Adelina-ve !","datePublished":"2025-12-02T07:33:32+00:00","dateModified":"2025-12-02T07:33:38+00:00","mainEntityOfPage":{"@id":"https:\/\/blogin.al\/?p=64077"},"wordCount":301,"commentCount":0,"publisher":{"@id":"https:\/\/blogin.al\/#organization"},"image":{"@id":"https:\/\/blogin.al\/?p=64077#primaryimage"},"thumbnailUrl":"https:\/\/blogin.al\/wp-content\/uploads\/2025\/12\/Screenshot_20251202_083251.jpg","articleSection":["SHOWBIZ"],"inLanguage":"en-US","potentialAction":[{"@type":"CommentAction","name":"Comment","target":["https:\/\/blogin.al\/?p=64077#respond"]}]},{"@type":"WebPage","@id":"https:\/\/blogin.al\/?p=64077","url":"https:\/\/blogin.al\/?p=64077","name":"Shpat Kasapi u nda nga jeta, p\u00ebrplasje e fort\u00eb mes dy Adelina-ve ! - blogin.al","isPartOf":{"@id":"https:\/\/blogin.al\/#website"},"primaryImageOfPage":{"@id":"https:\/\/blogin.al\/?p=64077#primaryimage"},"image":{"@id":"https:\/\/blogin.al\/?p=64077#primaryimage"},"thumbnailUrl":"https:\/\/blogin.al\/wp-content\/uploads\/2025\/12\/Screenshot_20251202_083251.jpg","datePublished":"2025-12-02T07:33:32+00:00","dateModified":"2025-12-02T07:33:38+00:00","breadcrumb":{"@id":"https:\/\/blogin.al\/?p=64077#breadcrumb"},"inLanguage":"en-US","potentialAction":[{"@type":"ReadAction","target":["https:\/\/blogin.al\/?p=64077"]}]},{"@type":"ImageObject","inLanguage":"en-US","@id":"https:\/\/blogin.al\/?p=64077#primaryimage","url":"https:\/\/blogin.al\/wp-content\/uploads\/2025\/12\/Screenshot_20251202_083251.jpg","contentUrl":"https:\/\/blogin.al\/wp-content\/uploads\/2025\/12\/Screenshot_20251202_083251.jpg","width":989,"height":622},{"@type":"BreadcrumbList","@id":"https:\/\/blogin.al\/?p=64077#breadcrumb","itemListElement":[{"@type":"ListItem","position":1,"name":"Home","item":"https:\/\/blogin.al\/"},{"@type":"ListItem","position":2,"name":"Shpat Kasapi u nda nga jeta, p\u00ebrplasje e fort\u00eb mes dy Adelina-ve !"}]},{"@type":"WebSite","@id":"https:\/\/blogin.al\/#website","url":"https:\/\/blogin.al\/","name":"blogin.al","description":"","publisher":{"@id":"https:\/\/blogin.al\/#organization"},"potentialAction":[{"@type":"SearchAction","target":{"@type":"EntryPoint","urlTemplate":"https:\/\/blogin.al\/?s={search_term_string}"},"query-input":{"@type":"PropertyValueSpecification","valueRequired":true,"valueName":"search_term_string"}}],"inLanguage":"en-US"},{"@type":"Organization","@id":"https:\/\/blogin.al\/#organization","name":"BLOGIN.al","url":"https:\/\/blogin.al\/","logo":{"@type":"ImageObject","inLanguage":"en-US","@id":"https:\/\/blogin.al\/#\/schema\/logo\/image\/","url":"https:\/\/blogin.al\/wp-content\/uploads\/2022\/05\/Untitled-2-01-e1652084456514.png","contentUrl":"https:\/\/blogin.al\/wp-content\/uploads\/2022\/05\/Untitled-2-01-e1652084456514.png","width":3723,"height":1698,"caption":"BLOGIN.al"},"image":{"@id":"https:\/\/blogin.al\/#\/schema\/logo\/image\/"},"sameAs":["https:\/\/instagram.com\/blogin.al\/"]},{"@type":"Person","@id":"https:\/\/blogin.al\/#\/schema\/person\/abdd56bc912cd511db877b852b115399","name":"Blogin al","image":{"@type":"ImageObject","inLanguage":"en-US","@id":"https:\/\/secure.gravatar.com\/avatar\/60d5661aee6e835fb13dc75d2204cd0c1d61bef2efd137c0083e59ef831e235e?s=96&d=mm&r=g","url":"https:\/\/secure.gravatar.com\/avatar\/60d5661aee6e835fb13dc75d2204cd0c1d61bef2efd137c0083e59ef831e235e?s=96&d=mm&r=g","contentUrl":"https:\/\/secure.gravatar.com\/avatar\/60d5661aee6e835fb13dc75d2204cd0c1d61bef2efd137c0083e59ef831e235e?s=96&d=mm&r=g","caption":"Blogin al"},"sameAs":["https:\/\/blogin.al"],"url":"https:\/\/blogin.al\/?author=2"}]}},"_links":{"self":[{"href":"https:\/\/blogin.al\/index.php?rest_route=\/wp\/v2\/posts\/64077","targetHints":{"allow":["GET"]}}],"collection":[{"href":"https:\/\/blogin.al\/index.php?rest_route=\/wp\/v2\/posts"}],"about":[{"href":"https:\/\/blogin.al\/index.php?rest_route=\/wp\/v2\/types\/post"}],"author":[{"embeddable":true,"href":"https:\/\/blogin.al\/index.php?rest_route=\/wp\/v2\/users\/2"}],"replies":[{"embeddable":true,"href":"https:\/\/blogin.al\/index.php?rest_route=%2Fwp%2Fv2%2Fcomments&post=64077"}],"version-history":[{"count":1,"href":"https:\/\/blogin.al\/index.php?rest_route=\/wp\/v2\/posts\/64077\/revisions"}],"predecessor-version":[{"id":64078,"href":"https:\/\/blogin.al\/index.php?rest_route=\/wp\/v2\/posts\/64077\/revisions\/64078"}],"wp:featuredmedia":[{"embeddable":true,"href":"https:\/\/blogin.al\/index.php?rest_route=\/wp\/v2\/media\/64076"}],"wp:attachment":[{"href":"https:\/\/blogin.al\/index.php?rest_route=%2Fwp%2Fv2%2Fmedia&parent=64077"}],"wp:term":[{"taxonomy":"category","embeddable":true,"href":"https:\/\/blogin.al\/index.php?rest_route=%2Fwp%2Fv2%2Fcategories&post=64077"},{"taxonomy":"post_tag","embeddable":true,"href":"https:\/\/blogin.al\/index.php?rest_route=%2Fwp%2Fv2%2Ftags&post=64077"}],"curies":[{"name":"wp","href":"https:\/\/api.w.org\/{rel}","templated":true}]}}