{"id":64238,"date":"2025-12-09T07:34:23","date_gmt":"2025-12-09T07:34:23","guid":{"rendered":"https:\/\/blogin.al\/?p=64238"},"modified":"2025-12-09T07:34:50","modified_gmt":"2025-12-09T07:34:50","slug":"xhemi-shehu-dhe-julian-deda-ndezin-kureshtjen-para-spak-ut","status":"publish","type":"post","link":"https:\/\/blogin.al\/?p=64238","title":{"rendered":"Xhemi Shehu dhe Julian Deda ndezin kureshtjen para SPAK-ut"},"content":{"rendered":"<p>Nj\u00eb ngjarje e pazakont\u00eb ka ndodhur t\u00eb premten para godin\u00ebs s\u00eb SPAK-ut, kur moderator\u00ebt e Fiks Fare, Xhemi Shehu dhe Julian Deda, u shfaq\u00ebn t\u00eb shoq\u00ebruar nga nj\u00eb grup sazesh, duke realizuar xhirime q\u00eb u b\u00ebn\u00eb menj\u00ebher\u00eb objekt diskutimi n\u00eb mediat online. Me muzik\u00eb tradicionale dhe nj\u00eb atmosfer\u00eb festimi p\u00ebrball\u00eb nj\u00eb institucioni t\u00eb r\u00ebnd\u00ebsish\u00ebm si Prokuroria e Posa\u00e7me, kjo sken\u00eb ka ngritur shum\u00eb pyetje.<\/p>\n<p>Pamjet jan\u00eb shp\u00ebrndar\u00eb shpejt n\u00eb internet, duke krijuar kureshtje dhe diskutime mes kalimtar\u00ebve dhe gazetar\u00ebve, q\u00eb p\u00ebrpiqeshin t\u00eb kuptonin \u00e7far\u00eb po ndodhte. Megjithat\u00eb, Xhemi dhe Julian kan\u00eb zgjedhur t\u00eb ruajn\u00eb nj\u00eb heshtje t\u00eb plot\u00eb, duke shtuar edhe m\u00eb shum\u00eb mister. \u00c7far\u00eb fshihet pas k\u00ebsaj skene? A \u00ebsht\u00eb kjo nj\u00eb satir\u00eb p\u00ebr drejt\u00ebsin\u00eb? Ose nj\u00eb tentativ\u00eb p\u00ebr t\u00eb ngjallur kureshtjen e publikut?<\/p>\n<p>Skena \u00ebsht\u00eb pjes\u00eb e edicionit special t\u00eb fundvitit t\u00eb Fiks Fare, q\u00eb do t\u00eb transmetohet m\u00eb 31 dhjetor. Duket se vendimi p\u00ebr t\u00eb realizuar k\u00ebt\u00eb xhirim p\u00ebrpara SPAK-ut, nj\u00eb institucioni ku zakonisht diskutohet p\u00ebr \u00e7\u00ebshtje serioze, ka ngritur pritshm\u00ebrit\u00eb p\u00ebr nat\u00ebn e nd\u00ebrrimit t\u00eb viteve.<\/p>\n<p>P\u00ebrgjigjja p\u00ebr k\u00ebt\u00eb mister do t\u00eb zbulohet m\u00eb 31 dhjetor, kur gjith\u00e7ka do t\u00eb dal\u00eb n\u00eb drit\u00eb.<\/p>\n<p>Pritshm\u00ebrit\u00eb p\u00ebr edicionin e fundvitit jan\u00eb t\u00eb m\u00ebdha, duke l\u00ebn\u00eb hap\u00ebsir\u00eb p\u00ebr spekulime dhe diskutime p\u00ebr k\u00ebt\u00eb sken\u00eb enigmatike.<\/p>\n","protected":false},"excerpt":{"rendered":"<p>Nj\u00eb ngjarje e pazakont\u00eb ka ndodhur t\u00eb premten para godin\u00ebs s\u00eb SPAK-ut, kur moderator\u00ebt e Fiks Fare, Xhemi Shehu dhe Julian Deda, u shfaq\u00ebn t\u00eb shoq\u00ebruar nga nj\u00eb grup sazesh, duke realizuar xhirime q\u00eb u b\u00ebn\u00eb menj\u00ebher\u00eb objekt diskutimi n\u00eb mediat online. Me muzik\u00eb tradicionale dhe nj\u00eb atmosfer\u00eb festimi p\u00ebrball\u00eb nj\u00eb institucioni t\u00eb r\u00ebnd\u00ebsish\u00ebm si [&hellip;]<\/p>\n","protected":false},"author":2,"featured_media":64237,"comment_status":"open","ping_status":"open","sticky":false,"template":"","format":"standard","meta":{"footnotes":""},"categories":[33],"tags":[],"class_list":{"0":"post-64238","1":"post","2":"type-post","3":"status-publish","4":"format-standard","5":"has-post-thumbnail","7":"category-showbiz"},"yoast_head":"<!-- This site is optimized with the Yoast SEO plugin v27.4 - https:\/\/yoast.com\/product\/yoast-seo-wordpress\/ -->\n<title>Xhemi Shehu dhe Julian Deda ndezin kureshtjen para SPAK-ut - blogin.al<\/title>\n<meta name=\"robots\" content=\"index, follow, max-snippet:-1, max-image-preview:large, max-video-preview:-1\" \/>\n<link rel=\"canonical\" href=\"https:\/\/blogin.al\/?p=64238\" \/>\n<meta property=\"og:locale\" content=\"en_US\" \/>\n<meta property=\"og:type\" content=\"article\" \/>\n<meta property=\"og:title\" content=\"Xhemi Shehu dhe Julian Deda ndezin kureshtjen para SPAK-ut - blogin.al\" \/>\n<meta property=\"og:description\" content=\"Nj\u00eb ngjarje e pazakont\u00eb ka ndodhur t\u00eb premten para godin\u00ebs s\u00eb SPAK-ut, kur moderator\u00ebt e Fiks Fare, Xhemi Shehu dhe Julian Deda, u shfaq\u00ebn t\u00eb shoq\u00ebruar nga nj\u00eb grup sazesh, duke realizuar xhirime q\u00eb u b\u00ebn\u00eb menj\u00ebher\u00eb objekt diskutimi n\u00eb mediat online. Me muzik\u00eb tradicionale dhe nj\u00eb atmosfer\u00eb festimi p\u00ebrball\u00eb nj\u00eb institucioni t\u00eb r\u00ebnd\u00ebsish\u00ebm si [&hellip;]\" \/>\n<meta property=\"og:url\" content=\"https:\/\/blogin.al\/?p=64238\" \/>\n<meta property=\"og:site_name\" content=\"blogin.al\" \/>\n<meta property=\"article:published_time\" content=\"2025-12-09T07:34:23+00:00\" \/>\n<meta property=\"article:modified_time\" content=\"2025-12-09T07:34:50+00:00\" \/>\n<meta property=\"og:image\" content=\"https:\/\/blogin.al\/wp-content\/uploads\/2025\/12\/Screenshot_20251209_083357.jpg\" \/>\n\t<meta property=\"og:image:width\" content=\"971\" \/>\n\t<meta property=\"og:image:height\" content=\"536\" \/>\n\t<meta property=\"og:image:type\" content=\"image\/jpeg\" \/>\n<meta name=\"author\" content=\"Blogin al\" \/>\n<meta name=\"twitter:card\" content=\"summary_large_image\" \/>\n<meta name=\"twitter:label1\" content=\"Written by\" \/>\n\t<meta name=\"twitter:data1\" content=\"Blogin al\" \/>\n\t<meta name=\"twitter:label2\" content=\"Est. reading time\" \/>\n\t<meta name=\"twitter:data2\" content=\"1 minute\" \/>\n<script type=\"application\/ld+json\" class=\"yoast-schema-graph\">{\"@context\":\"https:\\\/\\\/schema.org\",\"@graph\":[{\"@type\":\"Article\",\"@id\":\"https:\\\/\\\/blogin.al\\\/?p=64238#article\",\"isPartOf\":{\"@id\":\"https:\\\/\\\/blogin.al\\\/?p=64238\"},\"author\":{\"name\":\"Blogin al\",\"@id\":\"https:\\\/\\\/blogin.al\\\/#\\\/schema\\\/person\\\/abdd56bc912cd511db877b852b115399\"},\"headline\":\"Xhemi Shehu dhe Julian Deda ndezin kureshtjen para SPAK-ut\",\"datePublished\":\"2025-12-09T07:34:23+00:00\",\"dateModified\":\"2025-12-09T07:34:50+00:00\",\"mainEntityOfPage\":{\"@id\":\"https:\\\/\\\/blogin.al\\\/?p=64238\"},\"wordCount\":252,\"commentCount\":0,\"publisher\":{\"@id\":\"https:\\\/\\\/blogin.al\\\/#organization\"},\"image\":{\"@id\":\"https:\\\/\\\/blogin.al\\\/?p=64238#primaryimage\"},\"thumbnailUrl\":\"https:\\\/\\\/blogin.al\\\/wp-content\\\/uploads\\\/2025\\\/12\\\/Screenshot_20251209_083357.jpg\",\"articleSection\":[\"SHOWBIZ\"],\"inLanguage\":\"en-US\",\"potentialAction\":[{\"@type\":\"CommentAction\",\"name\":\"Comment\",\"target\":[\"https:\\\/\\\/blogin.al\\\/?p=64238#respond\"]}]},{\"@type\":\"WebPage\",\"@id\":\"https:\\\/\\\/blogin.al\\\/?p=64238\",\"url\":\"https:\\\/\\\/blogin.al\\\/?p=64238\",\"name\":\"Xhemi Shehu dhe Julian Deda ndezin kureshtjen para SPAK-ut - blogin.al\",\"isPartOf\":{\"@id\":\"https:\\\/\\\/blogin.al\\\/#website\"},\"primaryImageOfPage\":{\"@id\":\"https:\\\/\\\/blogin.al\\\/?p=64238#primaryimage\"},\"image\":{\"@id\":\"https:\\\/\\\/blogin.al\\\/?p=64238#primaryimage\"},\"thumbnailUrl\":\"https:\\\/\\\/blogin.al\\\/wp-content\\\/uploads\\\/2025\\\/12\\\/Screenshot_20251209_083357.jpg\",\"datePublished\":\"2025-12-09T07:34:23+00:00\",\"dateModified\":\"2025-12-09T07:34:50+00:00\",\"breadcrumb\":{\"@id\":\"https:\\\/\\\/blogin.al\\\/?p=64238#breadcrumb\"},\"inLanguage\":\"en-US\",\"potentialAction\":[{\"@type\":\"ReadAction\",\"target\":[\"https:\\\/\\\/blogin.al\\\/?p=64238\"]}]},{\"@type\":\"ImageObject\",\"inLanguage\":\"en-US\",\"@id\":\"https:\\\/\\\/blogin.al\\\/?p=64238#primaryimage\",\"url\":\"https:\\\/\\\/blogin.al\\\/wp-content\\\/uploads\\\/2025\\\/12\\\/Screenshot_20251209_083357.jpg\",\"contentUrl\":\"https:\\\/\\\/blogin.al\\\/wp-content\\\/uploads\\\/2025\\\/12\\\/Screenshot_20251209_083357.jpg\",\"width\":971,\"height\":536},{\"@type\":\"BreadcrumbList\",\"@id\":\"https:\\\/\\\/blogin.al\\\/?p=64238#breadcrumb\",\"itemListElement\":[{\"@type\":\"ListItem\",\"position\":1,\"name\":\"Home\",\"item\":\"https:\\\/\\\/blogin.al\\\/\"},{\"@type\":\"ListItem\",\"position\":2,\"name\":\"Xhemi Shehu dhe Julian Deda ndezin kureshtjen para SPAK-ut\"}]},{\"@type\":\"WebSite\",\"@id\":\"https:\\\/\\\/blogin.al\\\/#website\",\"url\":\"https:\\\/\\\/blogin.al\\\/\",\"name\":\"blogin.al\",\"description\":\"\",\"publisher\":{\"@id\":\"https:\\\/\\\/blogin.al\\\/#organization\"},\"potentialAction\":[{\"@type\":\"SearchAction\",\"target\":{\"@type\":\"EntryPoint\",\"urlTemplate\":\"https:\\\/\\\/blogin.al\\\/?s={search_term_string}\"},\"query-input\":{\"@type\":\"PropertyValueSpecification\",\"valueRequired\":true,\"valueName\":\"search_term_string\"}}],\"inLanguage\":\"en-US\"},{\"@type\":\"Organization\",\"@id\":\"https:\\\/\\\/blogin.al\\\/#organization\",\"name\":\"BLOGIN.al\",\"url\":\"https:\\\/\\\/blogin.al\\\/\",\"logo\":{\"@type\":\"ImageObject\",\"inLanguage\":\"en-US\",\"@id\":\"https:\\\/\\\/blogin.al\\\/#\\\/schema\\\/logo\\\/image\\\/\",\"url\":\"https:\\\/\\\/blogin.al\\\/wp-content\\\/uploads\\\/2022\\\/05\\\/Untitled-2-01-e1652084456514.png\",\"contentUrl\":\"https:\\\/\\\/blogin.al\\\/wp-content\\\/uploads\\\/2022\\\/05\\\/Untitled-2-01-e1652084456514.png\",\"width\":3723,\"height\":1698,\"caption\":\"BLOGIN.al\"},\"image\":{\"@id\":\"https:\\\/\\\/blogin.al\\\/#\\\/schema\\\/logo\\\/image\\\/\"},\"sameAs\":[\"https:\\\/\\\/instagram.com\\\/blogin.al\\\/\"]},{\"@type\":\"Person\",\"@id\":\"https:\\\/\\\/blogin.al\\\/#\\\/schema\\\/person\\\/abdd56bc912cd511db877b852b115399\",\"name\":\"Blogin al\",\"image\":{\"@type\":\"ImageObject\",\"inLanguage\":\"en-US\",\"@id\":\"https:\\\/\\\/secure.gravatar.com\\\/avatar\\\/60d5661aee6e835fb13dc75d2204cd0c1d61bef2efd137c0083e59ef831e235e?s=96&d=mm&r=g\",\"url\":\"https:\\\/\\\/secure.gravatar.com\\\/avatar\\\/60d5661aee6e835fb13dc75d2204cd0c1d61bef2efd137c0083e59ef831e235e?s=96&d=mm&r=g\",\"contentUrl\":\"https:\\\/\\\/secure.gravatar.com\\\/avatar\\\/60d5661aee6e835fb13dc75d2204cd0c1d61bef2efd137c0083e59ef831e235e?s=96&d=mm&r=g\",\"caption\":\"Blogin al\"},\"sameAs\":[\"https:\\\/\\\/blogin.al\"],\"url\":\"https:\\\/\\\/blogin.al\\\/?author=2\"}]}<\/script>\n<!-- \/ Yoast SEO plugin. -->","yoast_head_json":{"title":"Xhemi Shehu dhe Julian Deda ndezin kureshtjen para SPAK-ut - blogin.al","robots":{"index":"index","follow":"follow","max-snippet":"max-snippet:-1","max-image-preview":"max-image-preview:large","max-video-preview":"max-video-preview:-1"},"canonical":"https:\/\/blogin.al\/?p=64238","og_locale":"en_US","og_type":"article","og_title":"Xhemi Shehu dhe Julian Deda ndezin kureshtjen para SPAK-ut - blogin.al","og_description":"Nj\u00eb ngjarje e pazakont\u00eb ka ndodhur t\u00eb premten para godin\u00ebs s\u00eb SPAK-ut, kur moderator\u00ebt e Fiks Fare, Xhemi Shehu dhe Julian Deda, u shfaq\u00ebn t\u00eb shoq\u00ebruar nga nj\u00eb grup sazesh, duke realizuar xhirime q\u00eb u b\u00ebn\u00eb menj\u00ebher\u00eb objekt diskutimi n\u00eb mediat online. Me muzik\u00eb tradicionale dhe nj\u00eb atmosfer\u00eb festimi p\u00ebrball\u00eb nj\u00eb institucioni t\u00eb r\u00ebnd\u00ebsish\u00ebm si [&hellip;]","og_url":"https:\/\/blogin.al\/?p=64238","og_site_name":"blogin.al","article_published_time":"2025-12-09T07:34:23+00:00","article_modified_time":"2025-12-09T07:34:50+00:00","og_image":[{"width":971,"height":536,"url":"https:\/\/blogin.al\/wp-content\/uploads\/2025\/12\/Screenshot_20251209_083357.jpg","type":"image\/jpeg"}],"author":"Blogin al","twitter_card":"summary_large_image","twitter_misc":{"Written by":"Blogin al","Est. reading time":"1 minute"},"schema":{"@context":"https:\/\/schema.org","@graph":[{"@type":"Article","@id":"https:\/\/blogin.al\/?p=64238#article","isPartOf":{"@id":"https:\/\/blogin.al\/?p=64238"},"author":{"name":"Blogin al","@id":"https:\/\/blogin.al\/#\/schema\/person\/abdd56bc912cd511db877b852b115399"},"headline":"Xhemi Shehu dhe Julian Deda ndezin kureshtjen para SPAK-ut","datePublished":"2025-12-09T07:34:23+00:00","dateModified":"2025-12-09T07:34:50+00:00","mainEntityOfPage":{"@id":"https:\/\/blogin.al\/?p=64238"},"wordCount":252,"commentCount":0,"publisher":{"@id":"https:\/\/blogin.al\/#organization"},"image":{"@id":"https:\/\/blogin.al\/?p=64238#primaryimage"},"thumbnailUrl":"https:\/\/blogin.al\/wp-content\/uploads\/2025\/12\/Screenshot_20251209_083357.jpg","articleSection":["SHOWBIZ"],"inLanguage":"en-US","potentialAction":[{"@type":"CommentAction","name":"Comment","target":["https:\/\/blogin.al\/?p=64238#respond"]}]},{"@type":"WebPage","@id":"https:\/\/blogin.al\/?p=64238","url":"https:\/\/blogin.al\/?p=64238","name":"Xhemi Shehu dhe Julian Deda ndezin kureshtjen para SPAK-ut - blogin.al","isPartOf":{"@id":"https:\/\/blogin.al\/#website"},"primaryImageOfPage":{"@id":"https:\/\/blogin.al\/?p=64238#primaryimage"},"image":{"@id":"https:\/\/blogin.al\/?p=64238#primaryimage"},"thumbnailUrl":"https:\/\/blogin.al\/wp-content\/uploads\/2025\/12\/Screenshot_20251209_083357.jpg","datePublished":"2025-12-09T07:34:23+00:00","dateModified":"2025-12-09T07:34:50+00:00","breadcrumb":{"@id":"https:\/\/blogin.al\/?p=64238#breadcrumb"},"inLanguage":"en-US","potentialAction":[{"@type":"ReadAction","target":["https:\/\/blogin.al\/?p=64238"]}]},{"@type":"ImageObject","inLanguage":"en-US","@id":"https:\/\/blogin.al\/?p=64238#primaryimage","url":"https:\/\/blogin.al\/wp-content\/uploads\/2025\/12\/Screenshot_20251209_083357.jpg","contentUrl":"https:\/\/blogin.al\/wp-content\/uploads\/2025\/12\/Screenshot_20251209_083357.jpg","width":971,"height":536},{"@type":"BreadcrumbList","@id":"https:\/\/blogin.al\/?p=64238#breadcrumb","itemListElement":[{"@type":"ListItem","position":1,"name":"Home","item":"https:\/\/blogin.al\/"},{"@type":"ListItem","position":2,"name":"Xhemi Shehu dhe Julian Deda ndezin kureshtjen para SPAK-ut"}]},{"@type":"WebSite","@id":"https:\/\/blogin.al\/#website","url":"https:\/\/blogin.al\/","name":"blogin.al","description":"","publisher":{"@id":"https:\/\/blogin.al\/#organization"},"potentialAction":[{"@type":"SearchAction","target":{"@type":"EntryPoint","urlTemplate":"https:\/\/blogin.al\/?s={search_term_string}"},"query-input":{"@type":"PropertyValueSpecification","valueRequired":true,"valueName":"search_term_string"}}],"inLanguage":"en-US"},{"@type":"Organization","@id":"https:\/\/blogin.al\/#organization","name":"BLOGIN.al","url":"https:\/\/blogin.al\/","logo":{"@type":"ImageObject","inLanguage":"en-US","@id":"https:\/\/blogin.al\/#\/schema\/logo\/image\/","url":"https:\/\/blogin.al\/wp-content\/uploads\/2022\/05\/Untitled-2-01-e1652084456514.png","contentUrl":"https:\/\/blogin.al\/wp-content\/uploads\/2022\/05\/Untitled-2-01-e1652084456514.png","width":3723,"height":1698,"caption":"BLOGIN.al"},"image":{"@id":"https:\/\/blogin.al\/#\/schema\/logo\/image\/"},"sameAs":["https:\/\/instagram.com\/blogin.al\/"]},{"@type":"Person","@id":"https:\/\/blogin.al\/#\/schema\/person\/abdd56bc912cd511db877b852b115399","name":"Blogin al","image":{"@type":"ImageObject","inLanguage":"en-US","@id":"https:\/\/secure.gravatar.com\/avatar\/60d5661aee6e835fb13dc75d2204cd0c1d61bef2efd137c0083e59ef831e235e?s=96&d=mm&r=g","url":"https:\/\/secure.gravatar.com\/avatar\/60d5661aee6e835fb13dc75d2204cd0c1d61bef2efd137c0083e59ef831e235e?s=96&d=mm&r=g","contentUrl":"https:\/\/secure.gravatar.com\/avatar\/60d5661aee6e835fb13dc75d2204cd0c1d61bef2efd137c0083e59ef831e235e?s=96&d=mm&r=g","caption":"Blogin al"},"sameAs":["https:\/\/blogin.al"],"url":"https:\/\/blogin.al\/?author=2"}]}},"_links":{"self":[{"href":"https:\/\/blogin.al\/index.php?rest_route=\/wp\/v2\/posts\/64238","targetHints":{"allow":["GET"]}}],"collection":[{"href":"https:\/\/blogin.al\/index.php?rest_route=\/wp\/v2\/posts"}],"about":[{"href":"https:\/\/blogin.al\/index.php?rest_route=\/wp\/v2\/types\/post"}],"author":[{"embeddable":true,"href":"https:\/\/blogin.al\/index.php?rest_route=\/wp\/v2\/users\/2"}],"replies":[{"embeddable":true,"href":"https:\/\/blogin.al\/index.php?rest_route=%2Fwp%2Fv2%2Fcomments&post=64238"}],"version-history":[{"count":1,"href":"https:\/\/blogin.al\/index.php?rest_route=\/wp\/v2\/posts\/64238\/revisions"}],"predecessor-version":[{"id":64239,"href":"https:\/\/blogin.al\/index.php?rest_route=\/wp\/v2\/posts\/64238\/revisions\/64239"}],"wp:featuredmedia":[{"embeddable":true,"href":"https:\/\/blogin.al\/index.php?rest_route=\/wp\/v2\/media\/64237"}],"wp:attachment":[{"href":"https:\/\/blogin.al\/index.php?rest_route=%2Fwp%2Fv2%2Fmedia&parent=64238"}],"wp:term":[{"taxonomy":"category","embeddable":true,"href":"https:\/\/blogin.al\/index.php?rest_route=%2Fwp%2Fv2%2Fcategories&post=64238"},{"taxonomy":"post_tag","embeddable":true,"href":"https:\/\/blogin.al\/index.php?rest_route=%2Fwp%2Fv2%2Ftags&post=64238"}],"curies":[{"name":"wp","href":"https:\/\/api.w.org\/{rel}","templated":true}]}}