{"id":64285,"date":"2025-12-12T08:02:13","date_gmt":"2025-12-12T08:02:13","guid":{"rendered":"https:\/\/blogin.al\/?p=64285"},"modified":"2025-12-12T08:02:20","modified_gmt":"2025-12-12T08:02:20","slug":"gruaja-serbe-publikon-nje-tjeter-fotografi-me-labin-dhe-femijen","status":"publish","type":"post","link":"https:\/\/blogin.al\/?p=64285","title":{"rendered":"Gruaja serbe publikon nj\u00eb tjet\u00ebr fotografi me Labin dhe f\u00ebmij\u00ebn"},"content":{"rendered":"<p>Disa dit\u00eb m\u00eb par\u00eb, rrjetet sociale dhe mediat u p\u00ebrfshin\u00eb nga thashethemet se Labinot Rexha, banori i Big Brother VIP Kosova 4, mund t\u00eb ket\u00eb nj\u00eb f\u00ebmij\u00eb jasht\u00ebmartesor. N\u00eb rrjet qarkulluan foto ku ai shfaqej me nj\u00eb grua serbe dhe nj\u00eb bebe, n\u00ebn p\u00ebrshkrimin \u201cgjaku nuk b\u00ebhet uj\u00eb\u201d, gj\u00eb q\u00eb nxiti diskutime t\u00eb shumta dhe spekulime.<\/p>\n<p>P\u00ebr t\u00eb sqaruar situat\u00ebn, bashk\u00ebshortja e Labinotit, Laureta Hoxha, reagoi n\u00eb nj\u00eb intervist\u00eb p\u00ebr Kosova Today, duke mohuar \u00e7do lidhje mes burrit t\u00eb saj dhe f\u00ebmij\u00ebs. Ajo theksoi se historia ishte thjesht nj\u00eb keqkuptim. Sipas Lauret\u00ebs, n\u00ebna e foshnj\u00ebs e kishte kontaktuar Labinotin p\u00ebr ndihm\u00eb n\u00eb gjetjen e babait biologjik, i cili gjithashtu mban mbiemrin Rexha. \u201cKy f\u00ebmij\u00eb nuk ka t\u00eb b\u00ebj\u00eb asgj\u00eb me Labinotin\u201d, deklaroi Laureta, duke n\u00ebnvizuar se nuk kishte asnj\u00eb lidhje tjet\u00ebr mes tyre.<\/p>\n<p>Megjithat\u00eb, nj\u00eb zhvillim i ri ka trazuar s\u00ebrish rrjetin. Profili i n\u00ebn\u00ebs s\u00eb f\u00ebmij\u00ebs publikoi nj\u00eb foto ku Labinoti shihet duke puthur foshnj\u00ebn, shoq\u00ebruar me p\u00ebrshkrimin: \u201cVet\u00ebm familje. Ju faleminderit\u201d. Ky imazh ka ngjallur pyetje, pasi p\u00ebrdorimi i fjal\u00ebs \u201cfamilje\u201d duket se bie ndesh me versionin e dh\u00ebn\u00eb nga Laureta, duke l\u00ebn\u00eb dyshime p\u00ebr natyr\u00ebn e marr\u00ebdh\u00ebnies s\u00eb Labinotit me foshnj\u00ebn.<\/p>\n<p>Publiku tani pret zhvillimet e ardhshme p\u00ebr t\u00eb kuptuar n\u00ebse fotoja e re \u00ebsht\u00eb thjesht nj\u00eb shprehje mir\u00ebnjohjeje apo n\u00ebnkupton di\u00e7ka m\u00eb t\u00eb thell\u00eb. \u00c7\u00ebshtja ka ndezur debat n\u00eb rrjet dhe shum\u00eb ndjek\u00ebs presin sqarime shtes\u00eb p\u00ebr t\u00eb kuptuar t\u00eb v\u00ebrtet\u00ebn pas k\u00ebtyre spekulimeve.<\/p>\n<p>Kjo ngjarje ka rikthyer Labinotin n\u00eb qend\u00ebr t\u00eb mediave roz\u00eb, duke nxitur reagime t\u00eb ndryshme nga fansat dhe publiku.<\/p>\n<p><img fetchpriority=\"high\" decoding=\"async\" src=\"https:\/\/blogin.al\/wp-content\/uploads\/2025\/12\/screenshot_20251212_0901578697776319806893918.jpg\" class=\"wp-image-64283 alignnone size-full\" width=\"989\" height=\"1544\" srcset=\"https:\/\/blogin.al\/wp-content\/uploads\/2025\/12\/screenshot_20251212_0901578697776319806893918.jpg 989w, https:\/\/blogin.al\/wp-content\/uploads\/2025\/12\/screenshot_20251212_0901578697776319806893918-192x300.jpg 192w, https:\/\/blogin.al\/wp-content\/uploads\/2025\/12\/screenshot_20251212_0901578697776319806893918-656x1024.jpg 656w, https:\/\/blogin.al\/wp-content\/uploads\/2025\/12\/screenshot_20251212_0901578697776319806893918-768x1199.jpg 768w, https:\/\/blogin.al\/wp-content\/uploads\/2025\/12\/screenshot_20251212_0901578697776319806893918-984x1536.jpg 984w, https:\/\/blogin.al\/wp-content\/uploads\/2025\/12\/screenshot_20251212_0901578697776319806893918-150x234.jpg 150w, https:\/\/blogin.al\/wp-content\/uploads\/2025\/12\/screenshot_20251212_0901578697776319806893918-300x468.jpg 300w, https:\/\/blogin.al\/wp-content\/uploads\/2025\/12\/screenshot_20251212_0901578697776319806893918-696x1087.jpg 696w\" sizes=\"(max-width: 989px) 100vw, 989px\" \/><\/p>\n","protected":false},"excerpt":{"rendered":"<p>Disa dit\u00eb m\u00eb par\u00eb, rrjetet sociale dhe mediat u p\u00ebrfshin\u00eb nga thashethemet se Labinot Rexha, banori i Big Brother VIP Kosova 4, mund t\u00eb ket\u00eb nj\u00eb f\u00ebmij\u00eb jasht\u00ebmartesor. N\u00eb rrjet qarkulluan foto ku ai shfaqej me nj\u00eb grua serbe dhe nj\u00eb bebe, n\u00ebn p\u00ebrshkrimin \u201cgjaku nuk b\u00ebhet uj\u00eb\u201d, gj\u00eb q\u00eb nxiti diskutime t\u00eb shumta dhe [&hellip;]<\/p>\n","protected":false},"author":2,"featured_media":64284,"comment_status":"open","ping_status":"open","sticky":false,"template":"","format":"standard","meta":{"footnotes":""},"categories":[33],"tags":[],"class_list":{"0":"post-64285","1":"post","2":"type-post","3":"status-publish","4":"format-standard","5":"has-post-thumbnail","7":"category-showbiz"},"yoast_head":"<!-- This site is optimized with the Yoast SEO plugin v27.5 - https:\/\/yoast.com\/product\/yoast-seo-wordpress\/ -->\n<title>Gruaja serbe publikon nj\u00eb tjet\u00ebr fotografi me Labin dhe f\u00ebmij\u00ebn - blogin.al<\/title>\n<meta name=\"robots\" content=\"index, follow, max-snippet:-1, max-image-preview:large, max-video-preview:-1\" \/>\n<link rel=\"canonical\" href=\"https:\/\/blogin.al\/?p=64285\" \/>\n<meta property=\"og:locale\" content=\"en_US\" \/>\n<meta property=\"og:type\" content=\"article\" \/>\n<meta property=\"og:title\" content=\"Gruaja serbe publikon nj\u00eb tjet\u00ebr fotografi me Labin dhe f\u00ebmij\u00ebn - blogin.al\" \/>\n<meta property=\"og:description\" content=\"Disa dit\u00eb m\u00eb par\u00eb, rrjetet sociale dhe mediat u p\u00ebrfshin\u00eb nga thashethemet se Labinot Rexha, banori i Big Brother VIP Kosova 4, mund t\u00eb ket\u00eb nj\u00eb f\u00ebmij\u00eb jasht\u00ebmartesor. N\u00eb rrjet qarkulluan foto ku ai shfaqej me nj\u00eb grua serbe dhe nj\u00eb bebe, n\u00ebn p\u00ebrshkrimin \u201cgjaku nuk b\u00ebhet uj\u00eb\u201d, gj\u00eb q\u00eb nxiti diskutime t\u00eb shumta dhe [&hellip;]\" \/>\n<meta property=\"og:url\" content=\"https:\/\/blogin.al\/?p=64285\" \/>\n<meta property=\"og:site_name\" content=\"blogin.al\" \/>\n<meta property=\"article:published_time\" content=\"2025-12-12T08:02:13+00:00\" \/>\n<meta property=\"article:modified_time\" content=\"2025-12-12T08:02:20+00:00\" \/>\n<meta property=\"og:image\" content=\"https:\/\/blogin.al\/wp-content\/uploads\/2025\/12\/Screenshot_20251212_090107.jpg\" \/>\n\t<meta property=\"og:image:width\" content=\"989\" \/>\n\t<meta property=\"og:image:height\" content=\"564\" \/>\n\t<meta property=\"og:image:type\" content=\"image\/jpeg\" \/>\n<meta name=\"author\" content=\"Blogin al\" \/>\n<meta name=\"twitter:card\" content=\"summary_large_image\" \/>\n<meta name=\"twitter:label1\" content=\"Written by\" \/>\n\t<meta name=\"twitter:data1\" content=\"Blogin al\" \/>\n\t<meta name=\"twitter:label2\" content=\"Est. reading time\" \/>\n\t<meta name=\"twitter:data2\" content=\"2 minutes\" \/>\n<script type=\"application\/ld+json\" class=\"yoast-schema-graph\">{\"@context\":\"https:\\\/\\\/schema.org\",\"@graph\":[{\"@type\":\"Article\",\"@id\":\"https:\\\/\\\/blogin.al\\\/?p=64285#article\",\"isPartOf\":{\"@id\":\"https:\\\/\\\/blogin.al\\\/?p=64285\"},\"author\":{\"name\":\"Blogin al\",\"@id\":\"https:\\\/\\\/blogin.al\\\/#\\\/schema\\\/person\\\/abdd56bc912cd511db877b852b115399\"},\"headline\":\"Gruaja serbe publikon nj\u00eb tjet\u00ebr fotografi me Labin dhe f\u00ebmij\u00ebn\",\"datePublished\":\"2025-12-12T08:02:13+00:00\",\"dateModified\":\"2025-12-12T08:02:20+00:00\",\"mainEntityOfPage\":{\"@id\":\"https:\\\/\\\/blogin.al\\\/?p=64285\"},\"wordCount\":318,\"commentCount\":0,\"publisher\":{\"@id\":\"https:\\\/\\\/blogin.al\\\/#organization\"},\"image\":{\"@id\":\"https:\\\/\\\/blogin.al\\\/?p=64285#primaryimage\"},\"thumbnailUrl\":\"https:\\\/\\\/blogin.al\\\/wp-content\\\/uploads\\\/2025\\\/12\\\/Screenshot_20251212_090107.jpg\",\"articleSection\":[\"SHOWBIZ\"],\"inLanguage\":\"en-US\",\"potentialAction\":[{\"@type\":\"CommentAction\",\"name\":\"Comment\",\"target\":[\"https:\\\/\\\/blogin.al\\\/?p=64285#respond\"]}]},{\"@type\":\"WebPage\",\"@id\":\"https:\\\/\\\/blogin.al\\\/?p=64285\",\"url\":\"https:\\\/\\\/blogin.al\\\/?p=64285\",\"name\":\"Gruaja serbe publikon nj\u00eb tjet\u00ebr fotografi me Labin dhe f\u00ebmij\u00ebn - blogin.al\",\"isPartOf\":{\"@id\":\"https:\\\/\\\/blogin.al\\\/#website\"},\"primaryImageOfPage\":{\"@id\":\"https:\\\/\\\/blogin.al\\\/?p=64285#primaryimage\"},\"image\":{\"@id\":\"https:\\\/\\\/blogin.al\\\/?p=64285#primaryimage\"},\"thumbnailUrl\":\"https:\\\/\\\/blogin.al\\\/wp-content\\\/uploads\\\/2025\\\/12\\\/Screenshot_20251212_090107.jpg\",\"datePublished\":\"2025-12-12T08:02:13+00:00\",\"dateModified\":\"2025-12-12T08:02:20+00:00\",\"breadcrumb\":{\"@id\":\"https:\\\/\\\/blogin.al\\\/?p=64285#breadcrumb\"},\"inLanguage\":\"en-US\",\"potentialAction\":[{\"@type\":\"ReadAction\",\"target\":[\"https:\\\/\\\/blogin.al\\\/?p=64285\"]}]},{\"@type\":\"ImageObject\",\"inLanguage\":\"en-US\",\"@id\":\"https:\\\/\\\/blogin.al\\\/?p=64285#primaryimage\",\"url\":\"https:\\\/\\\/blogin.al\\\/wp-content\\\/uploads\\\/2025\\\/12\\\/Screenshot_20251212_090107.jpg\",\"contentUrl\":\"https:\\\/\\\/blogin.al\\\/wp-content\\\/uploads\\\/2025\\\/12\\\/Screenshot_20251212_090107.jpg\",\"width\":989,\"height\":564},{\"@type\":\"BreadcrumbList\",\"@id\":\"https:\\\/\\\/blogin.al\\\/?p=64285#breadcrumb\",\"itemListElement\":[{\"@type\":\"ListItem\",\"position\":1,\"name\":\"Home\",\"item\":\"https:\\\/\\\/blogin.al\\\/\"},{\"@type\":\"ListItem\",\"position\":2,\"name\":\"Gruaja serbe publikon nj\u00eb tjet\u00ebr fotografi me Labin dhe f\u00ebmij\u00ebn\"}]},{\"@type\":\"WebSite\",\"@id\":\"https:\\\/\\\/blogin.al\\\/#website\",\"url\":\"https:\\\/\\\/blogin.al\\\/\",\"name\":\"blogin.al\",\"description\":\"\",\"publisher\":{\"@id\":\"https:\\\/\\\/blogin.al\\\/#organization\"},\"potentialAction\":[{\"@type\":\"SearchAction\",\"target\":{\"@type\":\"EntryPoint\",\"urlTemplate\":\"https:\\\/\\\/blogin.al\\\/?s={search_term_string}\"},\"query-input\":{\"@type\":\"PropertyValueSpecification\",\"valueRequired\":true,\"valueName\":\"search_term_string\"}}],\"inLanguage\":\"en-US\"},{\"@type\":\"Organization\",\"@id\":\"https:\\\/\\\/blogin.al\\\/#organization\",\"name\":\"BLOGIN.al\",\"url\":\"https:\\\/\\\/blogin.al\\\/\",\"logo\":{\"@type\":\"ImageObject\",\"inLanguage\":\"en-US\",\"@id\":\"https:\\\/\\\/blogin.al\\\/#\\\/schema\\\/logo\\\/image\\\/\",\"url\":\"https:\\\/\\\/blogin.al\\\/wp-content\\\/uploads\\\/2022\\\/05\\\/Untitled-2-01-e1652084456514.png\",\"contentUrl\":\"https:\\\/\\\/blogin.al\\\/wp-content\\\/uploads\\\/2022\\\/05\\\/Untitled-2-01-e1652084456514.png\",\"width\":3723,\"height\":1698,\"caption\":\"BLOGIN.al\"},\"image\":{\"@id\":\"https:\\\/\\\/blogin.al\\\/#\\\/schema\\\/logo\\\/image\\\/\"},\"sameAs\":[\"https:\\\/\\\/instagram.com\\\/blogin.al\\\/\"]},{\"@type\":\"Person\",\"@id\":\"https:\\\/\\\/blogin.al\\\/#\\\/schema\\\/person\\\/abdd56bc912cd511db877b852b115399\",\"name\":\"Blogin al\",\"image\":{\"@type\":\"ImageObject\",\"inLanguage\":\"en-US\",\"@id\":\"https:\\\/\\\/secure.gravatar.com\\\/avatar\\\/60d5661aee6e835fb13dc75d2204cd0c1d61bef2efd137c0083e59ef831e235e?s=96&d=mm&r=g\",\"url\":\"https:\\\/\\\/secure.gravatar.com\\\/avatar\\\/60d5661aee6e835fb13dc75d2204cd0c1d61bef2efd137c0083e59ef831e235e?s=96&d=mm&r=g\",\"contentUrl\":\"https:\\\/\\\/secure.gravatar.com\\\/avatar\\\/60d5661aee6e835fb13dc75d2204cd0c1d61bef2efd137c0083e59ef831e235e?s=96&d=mm&r=g\",\"caption\":\"Blogin al\"},\"sameAs\":[\"https:\\\/\\\/blogin.al\"],\"url\":\"https:\\\/\\\/blogin.al\\\/?author=2\"}]}<\/script>\n<!-- \/ Yoast SEO plugin. -->","yoast_head_json":{"title":"Gruaja serbe publikon nj\u00eb tjet\u00ebr fotografi me Labin dhe f\u00ebmij\u00ebn - blogin.al","robots":{"index":"index","follow":"follow","max-snippet":"max-snippet:-1","max-image-preview":"max-image-preview:large","max-video-preview":"max-video-preview:-1"},"canonical":"https:\/\/blogin.al\/?p=64285","og_locale":"en_US","og_type":"article","og_title":"Gruaja serbe publikon nj\u00eb tjet\u00ebr fotografi me Labin dhe f\u00ebmij\u00ebn - blogin.al","og_description":"Disa dit\u00eb m\u00eb par\u00eb, rrjetet sociale dhe mediat u p\u00ebrfshin\u00eb nga thashethemet se Labinot Rexha, banori i Big Brother VIP Kosova 4, mund t\u00eb ket\u00eb nj\u00eb f\u00ebmij\u00eb jasht\u00ebmartesor. N\u00eb rrjet qarkulluan foto ku ai shfaqej me nj\u00eb grua serbe dhe nj\u00eb bebe, n\u00ebn p\u00ebrshkrimin \u201cgjaku nuk b\u00ebhet uj\u00eb\u201d, gj\u00eb q\u00eb nxiti diskutime t\u00eb shumta dhe [&hellip;]","og_url":"https:\/\/blogin.al\/?p=64285","og_site_name":"blogin.al","article_published_time":"2025-12-12T08:02:13+00:00","article_modified_time":"2025-12-12T08:02:20+00:00","og_image":[{"width":989,"height":564,"url":"https:\/\/blogin.al\/wp-content\/uploads\/2025\/12\/Screenshot_20251212_090107.jpg","type":"image\/jpeg"}],"author":"Blogin al","twitter_card":"summary_large_image","twitter_misc":{"Written by":"Blogin al","Est. reading time":"2 minutes"},"schema":{"@context":"https:\/\/schema.org","@graph":[{"@type":"Article","@id":"https:\/\/blogin.al\/?p=64285#article","isPartOf":{"@id":"https:\/\/blogin.al\/?p=64285"},"author":{"name":"Blogin al","@id":"https:\/\/blogin.al\/#\/schema\/person\/abdd56bc912cd511db877b852b115399"},"headline":"Gruaja serbe publikon nj\u00eb tjet\u00ebr fotografi me Labin dhe f\u00ebmij\u00ebn","datePublished":"2025-12-12T08:02:13+00:00","dateModified":"2025-12-12T08:02:20+00:00","mainEntityOfPage":{"@id":"https:\/\/blogin.al\/?p=64285"},"wordCount":318,"commentCount":0,"publisher":{"@id":"https:\/\/blogin.al\/#organization"},"image":{"@id":"https:\/\/blogin.al\/?p=64285#primaryimage"},"thumbnailUrl":"https:\/\/blogin.al\/wp-content\/uploads\/2025\/12\/Screenshot_20251212_090107.jpg","articleSection":["SHOWBIZ"],"inLanguage":"en-US","potentialAction":[{"@type":"CommentAction","name":"Comment","target":["https:\/\/blogin.al\/?p=64285#respond"]}]},{"@type":"WebPage","@id":"https:\/\/blogin.al\/?p=64285","url":"https:\/\/blogin.al\/?p=64285","name":"Gruaja serbe publikon nj\u00eb tjet\u00ebr fotografi me Labin dhe f\u00ebmij\u00ebn - blogin.al","isPartOf":{"@id":"https:\/\/blogin.al\/#website"},"primaryImageOfPage":{"@id":"https:\/\/blogin.al\/?p=64285#primaryimage"},"image":{"@id":"https:\/\/blogin.al\/?p=64285#primaryimage"},"thumbnailUrl":"https:\/\/blogin.al\/wp-content\/uploads\/2025\/12\/Screenshot_20251212_090107.jpg","datePublished":"2025-12-12T08:02:13+00:00","dateModified":"2025-12-12T08:02:20+00:00","breadcrumb":{"@id":"https:\/\/blogin.al\/?p=64285#breadcrumb"},"inLanguage":"en-US","potentialAction":[{"@type":"ReadAction","target":["https:\/\/blogin.al\/?p=64285"]}]},{"@type":"ImageObject","inLanguage":"en-US","@id":"https:\/\/blogin.al\/?p=64285#primaryimage","url":"https:\/\/blogin.al\/wp-content\/uploads\/2025\/12\/Screenshot_20251212_090107.jpg","contentUrl":"https:\/\/blogin.al\/wp-content\/uploads\/2025\/12\/Screenshot_20251212_090107.jpg","width":989,"height":564},{"@type":"BreadcrumbList","@id":"https:\/\/blogin.al\/?p=64285#breadcrumb","itemListElement":[{"@type":"ListItem","position":1,"name":"Home","item":"https:\/\/blogin.al\/"},{"@type":"ListItem","position":2,"name":"Gruaja serbe publikon nj\u00eb tjet\u00ebr fotografi me Labin dhe f\u00ebmij\u00ebn"}]},{"@type":"WebSite","@id":"https:\/\/blogin.al\/#website","url":"https:\/\/blogin.al\/","name":"blogin.al","description":"","publisher":{"@id":"https:\/\/blogin.al\/#organization"},"potentialAction":[{"@type":"SearchAction","target":{"@type":"EntryPoint","urlTemplate":"https:\/\/blogin.al\/?s={search_term_string}"},"query-input":{"@type":"PropertyValueSpecification","valueRequired":true,"valueName":"search_term_string"}}],"inLanguage":"en-US"},{"@type":"Organization","@id":"https:\/\/blogin.al\/#organization","name":"BLOGIN.al","url":"https:\/\/blogin.al\/","logo":{"@type":"ImageObject","inLanguage":"en-US","@id":"https:\/\/blogin.al\/#\/schema\/logo\/image\/","url":"https:\/\/blogin.al\/wp-content\/uploads\/2022\/05\/Untitled-2-01-e1652084456514.png","contentUrl":"https:\/\/blogin.al\/wp-content\/uploads\/2022\/05\/Untitled-2-01-e1652084456514.png","width":3723,"height":1698,"caption":"BLOGIN.al"},"image":{"@id":"https:\/\/blogin.al\/#\/schema\/logo\/image\/"},"sameAs":["https:\/\/instagram.com\/blogin.al\/"]},{"@type":"Person","@id":"https:\/\/blogin.al\/#\/schema\/person\/abdd56bc912cd511db877b852b115399","name":"Blogin al","image":{"@type":"ImageObject","inLanguage":"en-US","@id":"https:\/\/secure.gravatar.com\/avatar\/60d5661aee6e835fb13dc75d2204cd0c1d61bef2efd137c0083e59ef831e235e?s=96&d=mm&r=g","url":"https:\/\/secure.gravatar.com\/avatar\/60d5661aee6e835fb13dc75d2204cd0c1d61bef2efd137c0083e59ef831e235e?s=96&d=mm&r=g","contentUrl":"https:\/\/secure.gravatar.com\/avatar\/60d5661aee6e835fb13dc75d2204cd0c1d61bef2efd137c0083e59ef831e235e?s=96&d=mm&r=g","caption":"Blogin al"},"sameAs":["https:\/\/blogin.al"],"url":"https:\/\/blogin.al\/?author=2"}]}},"_links":{"self":[{"href":"https:\/\/blogin.al\/index.php?rest_route=\/wp\/v2\/posts\/64285","targetHints":{"allow":["GET"]}}],"collection":[{"href":"https:\/\/blogin.al\/index.php?rest_route=\/wp\/v2\/posts"}],"about":[{"href":"https:\/\/blogin.al\/index.php?rest_route=\/wp\/v2\/types\/post"}],"author":[{"embeddable":true,"href":"https:\/\/blogin.al\/index.php?rest_route=\/wp\/v2\/users\/2"}],"replies":[{"embeddable":true,"href":"https:\/\/blogin.al\/index.php?rest_route=%2Fwp%2Fv2%2Fcomments&post=64285"}],"version-history":[{"count":1,"href":"https:\/\/blogin.al\/index.php?rest_route=\/wp\/v2\/posts\/64285\/revisions"}],"predecessor-version":[{"id":64286,"href":"https:\/\/blogin.al\/index.php?rest_route=\/wp\/v2\/posts\/64285\/revisions\/64286"}],"wp:featuredmedia":[{"embeddable":true,"href":"https:\/\/blogin.al\/index.php?rest_route=\/wp\/v2\/media\/64284"}],"wp:attachment":[{"href":"https:\/\/blogin.al\/index.php?rest_route=%2Fwp%2Fv2%2Fmedia&parent=64285"}],"wp:term":[{"taxonomy":"category","embeddable":true,"href":"https:\/\/blogin.al\/index.php?rest_route=%2Fwp%2Fv2%2Fcategories&post=64285"},{"taxonomy":"post_tag","embeddable":true,"href":"https:\/\/blogin.al\/index.php?rest_route=%2Fwp%2Fv2%2Ftags&post=64285"}],"curies":[{"name":"wp","href":"https:\/\/api.w.org\/{rel}","templated":true}]}}