{"id":64315,"date":"2025-12-12T12:24:29","date_gmt":"2025-12-12T12:24:29","guid":{"rendered":"https:\/\/blogin.al\/?p=64315"},"modified":"2025-12-12T12:24:39","modified_gmt":"2025-12-12T12:24:39","slug":"cfare-coi-ne-perplasjen-mes-fjolles-dhe-shkurtes","status":"publish","type":"post","link":"https:\/\/blogin.al\/?p=64315","title":{"rendered":"\u00c7far\u00eb \u00e7oi n\u00eb p\u00ebrplasjen mes Fjoll\u00ebs dhe Shkurtes?"},"content":{"rendered":"<p>Nj\u00eb debat i nxeht\u00eb ka ndodhur mbr\u00ebm\u00eb n\u00eb sht\u00ebpin\u00eb e Big Brother VIP Kosova, mes dy banoreve Fjoll\u00ebs dhe Shkurtes.<\/p>\n<p>Tensionet mes tyre duket se kan\u00eb arritur kulmin gjat\u00eb k\u00ebsaj p\u00ebrplasjeje verbale.<\/p>\n<p>Gjat\u00eb debatit, Fjolla iu drejtua Shkurtes me nj\u00eb fraz\u00eb t\u00eb fort\u00eb. Ajo i tha Shkurtes: \u201c2 or\u00eb m\u00eb vyjn\u00eb me t\u00eb njoft\u00eb ty\u201d. Ky pohim thekson munges\u00ebn e respektit ose njohjes s\u00eb nd\u00ebrsjell\u00eb mes dy banoreve.<\/p>\n<p>Pika kulmore e debatit ishte p\u00ebrdorimi i fjal\u00ebs \u201cubice\u201d nga Fjolla drejtuar Shkurtes. Fjolla, e pyetur p\u00ebr k\u00ebt\u00eb fjal\u00eb, u shpreh se ajo \u00ebsht\u00eb nj\u00eb \u201cfjal\u00eb internacionale\u201d, jo e r\u00ebnd\u00eb dhe njihet n\u00eb t\u00eb gjitha vendet. Ajo shtoi se madje \u201cnjer\u00ebz pushtetsh\u00ebm e p\u00ebrdorin fjal\u00ebn serbe\u201d.<\/p>\n<p>Sipas Fjoll\u00ebs, thelbi i problemit q\u00ebndron n\u00eb pritjen q\u00eb Shkurta i ka b\u00ebr\u00eb asaj. Fjolla deklaroi se Shkurta \u201cnuk e ka mir\u00ebpritur mir\u00eb kur ka hyr\u00eb n\u00eb BBVK\u201d, duke l\u00ebn\u00eb t\u00eb kuptohet se ky \u00ebsht\u00eb burimi i acarimit mes tyre.<\/p>\n","protected":false},"excerpt":{"rendered":"<p>Nj\u00eb debat i nxeht\u00eb ka ndodhur mbr\u00ebm\u00eb n\u00eb sht\u00ebpin\u00eb e Big Brother VIP Kosova, mes dy banoreve Fjoll\u00ebs dhe Shkurtes. Tensionet mes tyre duket se kan\u00eb arritur kulmin gjat\u00eb k\u00ebsaj p\u00ebrplasjeje verbale. Gjat\u00eb debatit, Fjolla iu drejtua Shkurtes me nj\u00eb fraz\u00eb t\u00eb fort\u00eb. Ajo i tha Shkurtes: \u201c2 or\u00eb m\u00eb vyjn\u00eb me t\u00eb njoft\u00eb ty\u201d. [&hellip;]<\/p>\n","protected":false},"author":2,"featured_media":64314,"comment_status":"open","ping_status":"open","sticky":false,"template":"","format":"standard","meta":{"footnotes":""},"categories":[33],"tags":[],"class_list":{"0":"post-64315","1":"post","2":"type-post","3":"status-publish","4":"format-standard","5":"has-post-thumbnail","7":"category-showbiz"},"yoast_head":"<!-- This site is optimized with the Yoast SEO plugin v27.5 - https:\/\/yoast.com\/product\/yoast-seo-wordpress\/ -->\n<title>\u00c7far\u00eb \u00e7oi n\u00eb p\u00ebrplasjen mes Fjoll\u00ebs dhe Shkurtes? - blogin.al<\/title>\n<meta name=\"robots\" content=\"index, follow, max-snippet:-1, max-image-preview:large, max-video-preview:-1\" \/>\n<link rel=\"canonical\" href=\"https:\/\/blogin.al\/?p=64315\" \/>\n<meta property=\"og:locale\" content=\"en_US\" \/>\n<meta property=\"og:type\" content=\"article\" \/>\n<meta property=\"og:title\" content=\"\u00c7far\u00eb \u00e7oi n\u00eb p\u00ebrplasjen mes Fjoll\u00ebs dhe Shkurtes? - blogin.al\" \/>\n<meta property=\"og:description\" content=\"Nj\u00eb debat i nxeht\u00eb ka ndodhur mbr\u00ebm\u00eb n\u00eb sht\u00ebpin\u00eb e Big Brother VIP Kosova, mes dy banoreve Fjoll\u00ebs dhe Shkurtes. Tensionet mes tyre duket se kan\u00eb arritur kulmin gjat\u00eb k\u00ebsaj p\u00ebrplasjeje verbale. Gjat\u00eb debatit, Fjolla iu drejtua Shkurtes me nj\u00eb fraz\u00eb t\u00eb fort\u00eb. Ajo i tha Shkurtes: \u201c2 or\u00eb m\u00eb vyjn\u00eb me t\u00eb njoft\u00eb ty\u201d. [&hellip;]\" \/>\n<meta property=\"og:url\" content=\"https:\/\/blogin.al\/?p=64315\" \/>\n<meta property=\"og:site_name\" content=\"blogin.al\" \/>\n<meta property=\"article:published_time\" content=\"2025-12-12T12:24:29+00:00\" \/>\n<meta property=\"article:modified_time\" content=\"2025-12-12T12:24:39+00:00\" \/>\n<meta property=\"og:image\" content=\"https:\/\/blogin.al\/wp-content\/uploads\/2025\/12\/Screenshot_20251212_132312.jpg\" \/>\n\t<meta property=\"og:image:width\" content=\"959\" \/>\n\t<meta property=\"og:image:height\" content=\"552\" \/>\n\t<meta property=\"og:image:type\" content=\"image\/jpeg\" \/>\n<meta name=\"author\" content=\"Blogin al\" \/>\n<meta name=\"twitter:card\" content=\"summary_large_image\" \/>\n<meta name=\"twitter:label1\" content=\"Written by\" \/>\n\t<meta name=\"twitter:data1\" content=\"Blogin al\" \/>\n\t<meta name=\"twitter:label2\" content=\"Est. reading time\" \/>\n\t<meta name=\"twitter:data2\" content=\"1 minute\" \/>\n<script type=\"application\/ld+json\" class=\"yoast-schema-graph\">{\"@context\":\"https:\\\/\\\/schema.org\",\"@graph\":[{\"@type\":\"Article\",\"@id\":\"https:\\\/\\\/blogin.al\\\/?p=64315#article\",\"isPartOf\":{\"@id\":\"https:\\\/\\\/blogin.al\\\/?p=64315\"},\"author\":{\"name\":\"Blogin al\",\"@id\":\"https:\\\/\\\/blogin.al\\\/#\\\/schema\\\/person\\\/abdd56bc912cd511db877b852b115399\"},\"headline\":\"\u00c7far\u00eb \u00e7oi n\u00eb p\u00ebrplasjen mes Fjoll\u00ebs dhe Shkurtes?\",\"datePublished\":\"2025-12-12T12:24:29+00:00\",\"dateModified\":\"2025-12-12T12:24:39+00:00\",\"mainEntityOfPage\":{\"@id\":\"https:\\\/\\\/blogin.al\\\/?p=64315\"},\"wordCount\":184,\"commentCount\":0,\"publisher\":{\"@id\":\"https:\\\/\\\/blogin.al\\\/#organization\"},\"image\":{\"@id\":\"https:\\\/\\\/blogin.al\\\/?p=64315#primaryimage\"},\"thumbnailUrl\":\"https:\\\/\\\/blogin.al\\\/wp-content\\\/uploads\\\/2025\\\/12\\\/Screenshot_20251212_132312.jpg\",\"articleSection\":[\"SHOWBIZ\"],\"inLanguage\":\"en-US\",\"potentialAction\":[{\"@type\":\"CommentAction\",\"name\":\"Comment\",\"target\":[\"https:\\\/\\\/blogin.al\\\/?p=64315#respond\"]}]},{\"@type\":\"WebPage\",\"@id\":\"https:\\\/\\\/blogin.al\\\/?p=64315\",\"url\":\"https:\\\/\\\/blogin.al\\\/?p=64315\",\"name\":\"\u00c7far\u00eb \u00e7oi n\u00eb p\u00ebrplasjen mes Fjoll\u00ebs dhe Shkurtes? - blogin.al\",\"isPartOf\":{\"@id\":\"https:\\\/\\\/blogin.al\\\/#website\"},\"primaryImageOfPage\":{\"@id\":\"https:\\\/\\\/blogin.al\\\/?p=64315#primaryimage\"},\"image\":{\"@id\":\"https:\\\/\\\/blogin.al\\\/?p=64315#primaryimage\"},\"thumbnailUrl\":\"https:\\\/\\\/blogin.al\\\/wp-content\\\/uploads\\\/2025\\\/12\\\/Screenshot_20251212_132312.jpg\",\"datePublished\":\"2025-12-12T12:24:29+00:00\",\"dateModified\":\"2025-12-12T12:24:39+00:00\",\"breadcrumb\":{\"@id\":\"https:\\\/\\\/blogin.al\\\/?p=64315#breadcrumb\"},\"inLanguage\":\"en-US\",\"potentialAction\":[{\"@type\":\"ReadAction\",\"target\":[\"https:\\\/\\\/blogin.al\\\/?p=64315\"]}]},{\"@type\":\"ImageObject\",\"inLanguage\":\"en-US\",\"@id\":\"https:\\\/\\\/blogin.al\\\/?p=64315#primaryimage\",\"url\":\"https:\\\/\\\/blogin.al\\\/wp-content\\\/uploads\\\/2025\\\/12\\\/Screenshot_20251212_132312.jpg\",\"contentUrl\":\"https:\\\/\\\/blogin.al\\\/wp-content\\\/uploads\\\/2025\\\/12\\\/Screenshot_20251212_132312.jpg\",\"width\":959,\"height\":552},{\"@type\":\"BreadcrumbList\",\"@id\":\"https:\\\/\\\/blogin.al\\\/?p=64315#breadcrumb\",\"itemListElement\":[{\"@type\":\"ListItem\",\"position\":1,\"name\":\"Home\",\"item\":\"https:\\\/\\\/blogin.al\\\/\"},{\"@type\":\"ListItem\",\"position\":2,\"name\":\"\u00c7far\u00eb \u00e7oi n\u00eb p\u00ebrplasjen mes Fjoll\u00ebs dhe Shkurtes?\"}]},{\"@type\":\"WebSite\",\"@id\":\"https:\\\/\\\/blogin.al\\\/#website\",\"url\":\"https:\\\/\\\/blogin.al\\\/\",\"name\":\"blogin.al\",\"description\":\"\",\"publisher\":{\"@id\":\"https:\\\/\\\/blogin.al\\\/#organization\"},\"potentialAction\":[{\"@type\":\"SearchAction\",\"target\":{\"@type\":\"EntryPoint\",\"urlTemplate\":\"https:\\\/\\\/blogin.al\\\/?s={search_term_string}\"},\"query-input\":{\"@type\":\"PropertyValueSpecification\",\"valueRequired\":true,\"valueName\":\"search_term_string\"}}],\"inLanguage\":\"en-US\"},{\"@type\":\"Organization\",\"@id\":\"https:\\\/\\\/blogin.al\\\/#organization\",\"name\":\"BLOGIN.al\",\"url\":\"https:\\\/\\\/blogin.al\\\/\",\"logo\":{\"@type\":\"ImageObject\",\"inLanguage\":\"en-US\",\"@id\":\"https:\\\/\\\/blogin.al\\\/#\\\/schema\\\/logo\\\/image\\\/\",\"url\":\"https:\\\/\\\/blogin.al\\\/wp-content\\\/uploads\\\/2022\\\/05\\\/Untitled-2-01-e1652084456514.png\",\"contentUrl\":\"https:\\\/\\\/blogin.al\\\/wp-content\\\/uploads\\\/2022\\\/05\\\/Untitled-2-01-e1652084456514.png\",\"width\":3723,\"height\":1698,\"caption\":\"BLOGIN.al\"},\"image\":{\"@id\":\"https:\\\/\\\/blogin.al\\\/#\\\/schema\\\/logo\\\/image\\\/\"},\"sameAs\":[\"https:\\\/\\\/instagram.com\\\/blogin.al\\\/\"]},{\"@type\":\"Person\",\"@id\":\"https:\\\/\\\/blogin.al\\\/#\\\/schema\\\/person\\\/abdd56bc912cd511db877b852b115399\",\"name\":\"Blogin al\",\"image\":{\"@type\":\"ImageObject\",\"inLanguage\":\"en-US\",\"@id\":\"https:\\\/\\\/secure.gravatar.com\\\/avatar\\\/60d5661aee6e835fb13dc75d2204cd0c1d61bef2efd137c0083e59ef831e235e?s=96&d=mm&r=g\",\"url\":\"https:\\\/\\\/secure.gravatar.com\\\/avatar\\\/60d5661aee6e835fb13dc75d2204cd0c1d61bef2efd137c0083e59ef831e235e?s=96&d=mm&r=g\",\"contentUrl\":\"https:\\\/\\\/secure.gravatar.com\\\/avatar\\\/60d5661aee6e835fb13dc75d2204cd0c1d61bef2efd137c0083e59ef831e235e?s=96&d=mm&r=g\",\"caption\":\"Blogin al\"},\"sameAs\":[\"https:\\\/\\\/blogin.al\"],\"url\":\"https:\\\/\\\/blogin.al\\\/?author=2\"}]}<\/script>\n<!-- \/ Yoast SEO plugin. -->","yoast_head_json":{"title":"\u00c7far\u00eb \u00e7oi n\u00eb p\u00ebrplasjen mes Fjoll\u00ebs dhe Shkurtes? - blogin.al","robots":{"index":"index","follow":"follow","max-snippet":"max-snippet:-1","max-image-preview":"max-image-preview:large","max-video-preview":"max-video-preview:-1"},"canonical":"https:\/\/blogin.al\/?p=64315","og_locale":"en_US","og_type":"article","og_title":"\u00c7far\u00eb \u00e7oi n\u00eb p\u00ebrplasjen mes Fjoll\u00ebs dhe Shkurtes? - blogin.al","og_description":"Nj\u00eb debat i nxeht\u00eb ka ndodhur mbr\u00ebm\u00eb n\u00eb sht\u00ebpin\u00eb e Big Brother VIP Kosova, mes dy banoreve Fjoll\u00ebs dhe Shkurtes. Tensionet mes tyre duket se kan\u00eb arritur kulmin gjat\u00eb k\u00ebsaj p\u00ebrplasjeje verbale. Gjat\u00eb debatit, Fjolla iu drejtua Shkurtes me nj\u00eb fraz\u00eb t\u00eb fort\u00eb. Ajo i tha Shkurtes: \u201c2 or\u00eb m\u00eb vyjn\u00eb me t\u00eb njoft\u00eb ty\u201d. [&hellip;]","og_url":"https:\/\/blogin.al\/?p=64315","og_site_name":"blogin.al","article_published_time":"2025-12-12T12:24:29+00:00","article_modified_time":"2025-12-12T12:24:39+00:00","og_image":[{"width":959,"height":552,"url":"https:\/\/blogin.al\/wp-content\/uploads\/2025\/12\/Screenshot_20251212_132312.jpg","type":"image\/jpeg"}],"author":"Blogin al","twitter_card":"summary_large_image","twitter_misc":{"Written by":"Blogin al","Est. reading time":"1 minute"},"schema":{"@context":"https:\/\/schema.org","@graph":[{"@type":"Article","@id":"https:\/\/blogin.al\/?p=64315#article","isPartOf":{"@id":"https:\/\/blogin.al\/?p=64315"},"author":{"name":"Blogin al","@id":"https:\/\/blogin.al\/#\/schema\/person\/abdd56bc912cd511db877b852b115399"},"headline":"\u00c7far\u00eb \u00e7oi n\u00eb p\u00ebrplasjen mes Fjoll\u00ebs dhe Shkurtes?","datePublished":"2025-12-12T12:24:29+00:00","dateModified":"2025-12-12T12:24:39+00:00","mainEntityOfPage":{"@id":"https:\/\/blogin.al\/?p=64315"},"wordCount":184,"commentCount":0,"publisher":{"@id":"https:\/\/blogin.al\/#organization"},"image":{"@id":"https:\/\/blogin.al\/?p=64315#primaryimage"},"thumbnailUrl":"https:\/\/blogin.al\/wp-content\/uploads\/2025\/12\/Screenshot_20251212_132312.jpg","articleSection":["SHOWBIZ"],"inLanguage":"en-US","potentialAction":[{"@type":"CommentAction","name":"Comment","target":["https:\/\/blogin.al\/?p=64315#respond"]}]},{"@type":"WebPage","@id":"https:\/\/blogin.al\/?p=64315","url":"https:\/\/blogin.al\/?p=64315","name":"\u00c7far\u00eb \u00e7oi n\u00eb p\u00ebrplasjen mes Fjoll\u00ebs dhe Shkurtes? - blogin.al","isPartOf":{"@id":"https:\/\/blogin.al\/#website"},"primaryImageOfPage":{"@id":"https:\/\/blogin.al\/?p=64315#primaryimage"},"image":{"@id":"https:\/\/blogin.al\/?p=64315#primaryimage"},"thumbnailUrl":"https:\/\/blogin.al\/wp-content\/uploads\/2025\/12\/Screenshot_20251212_132312.jpg","datePublished":"2025-12-12T12:24:29+00:00","dateModified":"2025-12-12T12:24:39+00:00","breadcrumb":{"@id":"https:\/\/blogin.al\/?p=64315#breadcrumb"},"inLanguage":"en-US","potentialAction":[{"@type":"ReadAction","target":["https:\/\/blogin.al\/?p=64315"]}]},{"@type":"ImageObject","inLanguage":"en-US","@id":"https:\/\/blogin.al\/?p=64315#primaryimage","url":"https:\/\/blogin.al\/wp-content\/uploads\/2025\/12\/Screenshot_20251212_132312.jpg","contentUrl":"https:\/\/blogin.al\/wp-content\/uploads\/2025\/12\/Screenshot_20251212_132312.jpg","width":959,"height":552},{"@type":"BreadcrumbList","@id":"https:\/\/blogin.al\/?p=64315#breadcrumb","itemListElement":[{"@type":"ListItem","position":1,"name":"Home","item":"https:\/\/blogin.al\/"},{"@type":"ListItem","position":2,"name":"\u00c7far\u00eb \u00e7oi n\u00eb p\u00ebrplasjen mes Fjoll\u00ebs dhe Shkurtes?"}]},{"@type":"WebSite","@id":"https:\/\/blogin.al\/#website","url":"https:\/\/blogin.al\/","name":"blogin.al","description":"","publisher":{"@id":"https:\/\/blogin.al\/#organization"},"potentialAction":[{"@type":"SearchAction","target":{"@type":"EntryPoint","urlTemplate":"https:\/\/blogin.al\/?s={search_term_string}"},"query-input":{"@type":"PropertyValueSpecification","valueRequired":true,"valueName":"search_term_string"}}],"inLanguage":"en-US"},{"@type":"Organization","@id":"https:\/\/blogin.al\/#organization","name":"BLOGIN.al","url":"https:\/\/blogin.al\/","logo":{"@type":"ImageObject","inLanguage":"en-US","@id":"https:\/\/blogin.al\/#\/schema\/logo\/image\/","url":"https:\/\/blogin.al\/wp-content\/uploads\/2022\/05\/Untitled-2-01-e1652084456514.png","contentUrl":"https:\/\/blogin.al\/wp-content\/uploads\/2022\/05\/Untitled-2-01-e1652084456514.png","width":3723,"height":1698,"caption":"BLOGIN.al"},"image":{"@id":"https:\/\/blogin.al\/#\/schema\/logo\/image\/"},"sameAs":["https:\/\/instagram.com\/blogin.al\/"]},{"@type":"Person","@id":"https:\/\/blogin.al\/#\/schema\/person\/abdd56bc912cd511db877b852b115399","name":"Blogin al","image":{"@type":"ImageObject","inLanguage":"en-US","@id":"https:\/\/secure.gravatar.com\/avatar\/60d5661aee6e835fb13dc75d2204cd0c1d61bef2efd137c0083e59ef831e235e?s=96&d=mm&r=g","url":"https:\/\/secure.gravatar.com\/avatar\/60d5661aee6e835fb13dc75d2204cd0c1d61bef2efd137c0083e59ef831e235e?s=96&d=mm&r=g","contentUrl":"https:\/\/secure.gravatar.com\/avatar\/60d5661aee6e835fb13dc75d2204cd0c1d61bef2efd137c0083e59ef831e235e?s=96&d=mm&r=g","caption":"Blogin al"},"sameAs":["https:\/\/blogin.al"],"url":"https:\/\/blogin.al\/?author=2"}]}},"_links":{"self":[{"href":"https:\/\/blogin.al\/index.php?rest_route=\/wp\/v2\/posts\/64315","targetHints":{"allow":["GET"]}}],"collection":[{"href":"https:\/\/blogin.al\/index.php?rest_route=\/wp\/v2\/posts"}],"about":[{"href":"https:\/\/blogin.al\/index.php?rest_route=\/wp\/v2\/types\/post"}],"author":[{"embeddable":true,"href":"https:\/\/blogin.al\/index.php?rest_route=\/wp\/v2\/users\/2"}],"replies":[{"embeddable":true,"href":"https:\/\/blogin.al\/index.php?rest_route=%2Fwp%2Fv2%2Fcomments&post=64315"}],"version-history":[{"count":1,"href":"https:\/\/blogin.al\/index.php?rest_route=\/wp\/v2\/posts\/64315\/revisions"}],"predecessor-version":[{"id":64316,"href":"https:\/\/blogin.al\/index.php?rest_route=\/wp\/v2\/posts\/64315\/revisions\/64316"}],"wp:featuredmedia":[{"embeddable":true,"href":"https:\/\/blogin.al\/index.php?rest_route=\/wp\/v2\/media\/64314"}],"wp:attachment":[{"href":"https:\/\/blogin.al\/index.php?rest_route=%2Fwp%2Fv2%2Fmedia&parent=64315"}],"wp:term":[{"taxonomy":"category","embeddable":true,"href":"https:\/\/blogin.al\/index.php?rest_route=%2Fwp%2Fv2%2Fcategories&post=64315"},{"taxonomy":"post_tag","embeddable":true,"href":"https:\/\/blogin.al\/index.php?rest_route=%2Fwp%2Fv2%2Ftags&post=64315"}],"curies":[{"name":"wp","href":"https:\/\/api.w.org\/{rel}","templated":true}]}}