{"id":64343,"date":"2025-12-15T09:29:00","date_gmt":"2025-12-15T09:29:00","guid":{"rendered":"https:\/\/blogin.al\/?p=64343"},"modified":"2025-12-15T09:29:08","modified_gmt":"2025-12-15T09:29:08","slug":"perplasje-e-forte-ne-bbvk-vjen-reagimi-pas-fyerjeve-te-fjolles-ndaj-edit","status":"publish","type":"post","link":"https:\/\/blogin.al\/?p=64343","title":{"rendered":"P\u00ebrplasje e fort\u00eb n\u00eb BBVK: Vjen reagimi pas fyerjeve t\u00eb Fjoll\u00ebs ndaj Edit"},"content":{"rendered":"<p>Nj\u00eb mbr\u00ebmje q\u00eb nisi si fest\u00eb p\u00ebr dit\u00eblindjen e banores Dolce n\u00eb Big Brother VIP Kosova 4 ka degraduar n\u00eb nj\u00eb p\u00ebrplasje t\u00eb r\u00ebnd\u00eb verbale mes banor\u00ebve Edit Ku\u00e7i dhe Fjolla Morin\u00ebs. Atmosfera festive u tensionua kur tonet mes tyre u ngrit\u00ebn ndjesh\u00ebm, nd\u00ebrsa Fjolla p\u00ebrdori fjal\u00eb t\u00eb r\u00ebnda ndaj Edit, duke e quajtur at\u00eb \u201cbir k*rve\u201d. Ky ofendim ka shkaktuar revoltim te publiku dhe mb\u00ebshtet\u00ebsit e Edit.<\/p>\n<p>Pas ngjarjes, familja Ku\u00e7i ka dal\u00eb me nj\u00eb reagim zyrtar, duke d\u00ebnuar ashp\u00ebr sjelljen e Morin\u00ebs dhe duke k\u00ebrkuar nd\u00ebrhyrjen e produksionit. N\u00eb let\u00ebr, familja thekson se p\u00ebrdorimi i gjuh\u00ebs fyese p\u00ebrb\u00ebn nj\u00eb shkelje t\u00eb drejtp\u00ebrdrejt\u00eb t\u00eb dinjitetit njer\u00ebzor dhe \u00ebsht\u00eb pa asnj\u00eb provokim. Ata gjithashtu theksuan se Edit ka zgjedhur t\u00eb ruaj\u00eb p\u00ebrmbajtjen dhe t\u00eb mos reagoj\u00eb n\u00eb t\u00eb nj\u00ebjt\u00ebn m\u00ebnyr\u00eb, duke vepruar me dinjitet.<\/p>\n<p>Reagimi i familjes \u00ebsht\u00eb i qart\u00eb: k\u00ebrkohet q\u00eb produksioni i Big Brother VIP Kosova t\u00eb marr\u00eb masa t\u00eb p\u00ebrshtatshme p\u00ebr t\u00eb garantuar respektin dhe barazin\u00eb mes banor\u00ebve. Ata n\u00ebnvizojn\u00eb se sjellja e Fjolla Morin\u00ebs shkel rregullat baz\u00eb t\u00eb etik\u00ebs televizive dhe formatit.<\/p>\n<p>Aktualisht mbetet p\u00ebr t\u2019u par\u00eb n\u00ebse produksioni do t\u00eb marr\u00eb masa disiplinore ndaj Fjolla Morin\u00ebs, nd\u00ebrkoh\u00eb q\u00eb publiku dhe familjar\u00ebt e banor\u00ebve po ushtrojn\u00eb presion n\u00eb rritje p\u00ebr drejt\u00ebsi dhe respekt brenda sht\u00ebpis\u00eb m\u00eb t\u00eb famshme t\u00eb Kosov\u00ebs.<\/p>\n<p><img fetchpriority=\"high\" decoding=\"async\" src=\"https:\/\/blogin.al\/wp-content\/uploads\/2025\/12\/screenshot_20251215_1028472881233015706152425.jpg\" class=\"wp-image-64341 alignnone size-full\" width=\"945\" height=\"1475\" srcset=\"https:\/\/blogin.al\/wp-content\/uploads\/2025\/12\/screenshot_20251215_1028472881233015706152425.jpg 945w, https:\/\/blogin.al\/wp-content\/uploads\/2025\/12\/screenshot_20251215_1028472881233015706152425-192x300.jpg 192w, https:\/\/blogin.al\/wp-content\/uploads\/2025\/12\/screenshot_20251215_1028472881233015706152425-656x1024.jpg 656w, https:\/\/blogin.al\/wp-content\/uploads\/2025\/12\/screenshot_20251215_1028472881233015706152425-768x1199.jpg 768w, https:\/\/blogin.al\/wp-content\/uploads\/2025\/12\/screenshot_20251215_1028472881233015706152425-150x234.jpg 150w, https:\/\/blogin.al\/wp-content\/uploads\/2025\/12\/screenshot_20251215_1028472881233015706152425-300x468.jpg 300w, https:\/\/blogin.al\/wp-content\/uploads\/2025\/12\/screenshot_20251215_1028472881233015706152425-696x1086.jpg 696w\" sizes=\"(max-width: 945px) 100vw, 945px\" \/><\/p>\n","protected":false},"excerpt":{"rendered":"<p>Nj\u00eb mbr\u00ebmje q\u00eb nisi si fest\u00eb p\u00ebr dit\u00eblindjen e banores Dolce n\u00eb Big Brother VIP Kosova 4 ka degraduar n\u00eb nj\u00eb p\u00ebrplasje t\u00eb r\u00ebnd\u00eb verbale mes banor\u00ebve Edit Ku\u00e7i dhe Fjolla Morin\u00ebs. Atmosfera festive u tensionua kur tonet mes tyre u ngrit\u00ebn ndjesh\u00ebm, nd\u00ebrsa Fjolla p\u00ebrdori fjal\u00eb t\u00eb r\u00ebnda ndaj Edit, duke e quajtur at\u00eb [&hellip;]<\/p>\n","protected":false},"author":2,"featured_media":64342,"comment_status":"open","ping_status":"open","sticky":false,"template":"","format":"standard","meta":{"footnotes":""},"categories":[33],"tags":[],"class_list":{"0":"post-64343","1":"post","2":"type-post","3":"status-publish","4":"format-standard","5":"has-post-thumbnail","7":"category-showbiz"},"yoast_head":"<!-- This site is optimized with the Yoast SEO plugin v27.5 - https:\/\/yoast.com\/product\/yoast-seo-wordpress\/ -->\n<title>P\u00ebrplasje e fort\u00eb n\u00eb BBVK: Vjen reagimi pas fyerjeve t\u00eb Fjoll\u00ebs ndaj Edit - blogin.al<\/title>\n<meta name=\"robots\" content=\"index, follow, max-snippet:-1, max-image-preview:large, max-video-preview:-1\" \/>\n<link rel=\"canonical\" href=\"https:\/\/blogin.al\/?p=64343\" \/>\n<meta property=\"og:locale\" content=\"en_US\" \/>\n<meta property=\"og:type\" content=\"article\" \/>\n<meta property=\"og:title\" content=\"P\u00ebrplasje e fort\u00eb n\u00eb BBVK: Vjen reagimi pas fyerjeve t\u00eb Fjoll\u00ebs ndaj Edit - blogin.al\" \/>\n<meta property=\"og:description\" content=\"Nj\u00eb mbr\u00ebmje q\u00eb nisi si fest\u00eb p\u00ebr dit\u00eblindjen e banores Dolce n\u00eb Big Brother VIP Kosova 4 ka degraduar n\u00eb nj\u00eb p\u00ebrplasje t\u00eb r\u00ebnd\u00eb verbale mes banor\u00ebve Edit Ku\u00e7i dhe Fjolla Morin\u00ebs. Atmosfera festive u tensionua kur tonet mes tyre u ngrit\u00ebn ndjesh\u00ebm, nd\u00ebrsa Fjolla p\u00ebrdori fjal\u00eb t\u00eb r\u00ebnda ndaj Edit, duke e quajtur at\u00eb [&hellip;]\" \/>\n<meta property=\"og:url\" content=\"https:\/\/blogin.al\/?p=64343\" \/>\n<meta property=\"og:site_name\" content=\"blogin.al\" \/>\n<meta property=\"article:published_time\" content=\"2025-12-15T09:29:00+00:00\" \/>\n<meta property=\"article:modified_time\" content=\"2025-12-15T09:29:08+00:00\" \/>\n<meta property=\"og:image\" content=\"https:\/\/blogin.al\/wp-content\/uploads\/2025\/12\/Screenshot_20251215_102805.jpg\" \/>\n\t<meta property=\"og:image:width\" content=\"988\" \/>\n\t<meta property=\"og:image:height\" content=\"504\" \/>\n\t<meta property=\"og:image:type\" content=\"image\/jpeg\" \/>\n<meta name=\"author\" content=\"Blogin al\" \/>\n<meta name=\"twitter:card\" content=\"summary_large_image\" \/>\n<meta name=\"twitter:label1\" content=\"Written by\" \/>\n\t<meta name=\"twitter:data1\" content=\"Blogin al\" \/>\n\t<meta name=\"twitter:label2\" content=\"Est. reading time\" \/>\n\t<meta name=\"twitter:data2\" content=\"1 minute\" \/>\n<script type=\"application\/ld+json\" class=\"yoast-schema-graph\">{\"@context\":\"https:\\\/\\\/schema.org\",\"@graph\":[{\"@type\":\"Article\",\"@id\":\"https:\\\/\\\/blogin.al\\\/?p=64343#article\",\"isPartOf\":{\"@id\":\"https:\\\/\\\/blogin.al\\\/?p=64343\"},\"author\":{\"name\":\"Blogin al\",\"@id\":\"https:\\\/\\\/blogin.al\\\/#\\\/schema\\\/person\\\/abdd56bc912cd511db877b852b115399\"},\"headline\":\"P\u00ebrplasje e fort\u00eb n\u00eb BBVK: Vjen reagimi pas fyerjeve t\u00eb Fjoll\u00ebs ndaj Edit\",\"datePublished\":\"2025-12-15T09:29:00+00:00\",\"dateModified\":\"2025-12-15T09:29:08+00:00\",\"mainEntityOfPage\":{\"@id\":\"https:\\\/\\\/blogin.al\\\/?p=64343\"},\"wordCount\":279,\"commentCount\":0,\"publisher\":{\"@id\":\"https:\\\/\\\/blogin.al\\\/#organization\"},\"image\":{\"@id\":\"https:\\\/\\\/blogin.al\\\/?p=64343#primaryimage\"},\"thumbnailUrl\":\"https:\\\/\\\/blogin.al\\\/wp-content\\\/uploads\\\/2025\\\/12\\\/Screenshot_20251215_102805.jpg\",\"articleSection\":[\"SHOWBIZ\"],\"inLanguage\":\"en-US\",\"potentialAction\":[{\"@type\":\"CommentAction\",\"name\":\"Comment\",\"target\":[\"https:\\\/\\\/blogin.al\\\/?p=64343#respond\"]}]},{\"@type\":\"WebPage\",\"@id\":\"https:\\\/\\\/blogin.al\\\/?p=64343\",\"url\":\"https:\\\/\\\/blogin.al\\\/?p=64343\",\"name\":\"P\u00ebrplasje e fort\u00eb n\u00eb BBVK: Vjen reagimi pas fyerjeve t\u00eb Fjoll\u00ebs ndaj Edit - blogin.al\",\"isPartOf\":{\"@id\":\"https:\\\/\\\/blogin.al\\\/#website\"},\"primaryImageOfPage\":{\"@id\":\"https:\\\/\\\/blogin.al\\\/?p=64343#primaryimage\"},\"image\":{\"@id\":\"https:\\\/\\\/blogin.al\\\/?p=64343#primaryimage\"},\"thumbnailUrl\":\"https:\\\/\\\/blogin.al\\\/wp-content\\\/uploads\\\/2025\\\/12\\\/Screenshot_20251215_102805.jpg\",\"datePublished\":\"2025-12-15T09:29:00+00:00\",\"dateModified\":\"2025-12-15T09:29:08+00:00\",\"breadcrumb\":{\"@id\":\"https:\\\/\\\/blogin.al\\\/?p=64343#breadcrumb\"},\"inLanguage\":\"en-US\",\"potentialAction\":[{\"@type\":\"ReadAction\",\"target\":[\"https:\\\/\\\/blogin.al\\\/?p=64343\"]}]},{\"@type\":\"ImageObject\",\"inLanguage\":\"en-US\",\"@id\":\"https:\\\/\\\/blogin.al\\\/?p=64343#primaryimage\",\"url\":\"https:\\\/\\\/blogin.al\\\/wp-content\\\/uploads\\\/2025\\\/12\\\/Screenshot_20251215_102805.jpg\",\"contentUrl\":\"https:\\\/\\\/blogin.al\\\/wp-content\\\/uploads\\\/2025\\\/12\\\/Screenshot_20251215_102805.jpg\",\"width\":988,\"height\":504},{\"@type\":\"BreadcrumbList\",\"@id\":\"https:\\\/\\\/blogin.al\\\/?p=64343#breadcrumb\",\"itemListElement\":[{\"@type\":\"ListItem\",\"position\":1,\"name\":\"Home\",\"item\":\"https:\\\/\\\/blogin.al\\\/\"},{\"@type\":\"ListItem\",\"position\":2,\"name\":\"P\u00ebrplasje e fort\u00eb n\u00eb BBVK: Vjen reagimi pas fyerjeve t\u00eb Fjoll\u00ebs ndaj Edit\"}]},{\"@type\":\"WebSite\",\"@id\":\"https:\\\/\\\/blogin.al\\\/#website\",\"url\":\"https:\\\/\\\/blogin.al\\\/\",\"name\":\"blogin.al\",\"description\":\"\",\"publisher\":{\"@id\":\"https:\\\/\\\/blogin.al\\\/#organization\"},\"potentialAction\":[{\"@type\":\"SearchAction\",\"target\":{\"@type\":\"EntryPoint\",\"urlTemplate\":\"https:\\\/\\\/blogin.al\\\/?s={search_term_string}\"},\"query-input\":{\"@type\":\"PropertyValueSpecification\",\"valueRequired\":true,\"valueName\":\"search_term_string\"}}],\"inLanguage\":\"en-US\"},{\"@type\":\"Organization\",\"@id\":\"https:\\\/\\\/blogin.al\\\/#organization\",\"name\":\"BLOGIN.al\",\"url\":\"https:\\\/\\\/blogin.al\\\/\",\"logo\":{\"@type\":\"ImageObject\",\"inLanguage\":\"en-US\",\"@id\":\"https:\\\/\\\/blogin.al\\\/#\\\/schema\\\/logo\\\/image\\\/\",\"url\":\"https:\\\/\\\/blogin.al\\\/wp-content\\\/uploads\\\/2022\\\/05\\\/Untitled-2-01-e1652084456514.png\",\"contentUrl\":\"https:\\\/\\\/blogin.al\\\/wp-content\\\/uploads\\\/2022\\\/05\\\/Untitled-2-01-e1652084456514.png\",\"width\":3723,\"height\":1698,\"caption\":\"BLOGIN.al\"},\"image\":{\"@id\":\"https:\\\/\\\/blogin.al\\\/#\\\/schema\\\/logo\\\/image\\\/\"},\"sameAs\":[\"https:\\\/\\\/instagram.com\\\/blogin.al\\\/\"]},{\"@type\":\"Person\",\"@id\":\"https:\\\/\\\/blogin.al\\\/#\\\/schema\\\/person\\\/abdd56bc912cd511db877b852b115399\",\"name\":\"Blogin al\",\"image\":{\"@type\":\"ImageObject\",\"inLanguage\":\"en-US\",\"@id\":\"https:\\\/\\\/secure.gravatar.com\\\/avatar\\\/60d5661aee6e835fb13dc75d2204cd0c1d61bef2efd137c0083e59ef831e235e?s=96&d=mm&r=g\",\"url\":\"https:\\\/\\\/secure.gravatar.com\\\/avatar\\\/60d5661aee6e835fb13dc75d2204cd0c1d61bef2efd137c0083e59ef831e235e?s=96&d=mm&r=g\",\"contentUrl\":\"https:\\\/\\\/secure.gravatar.com\\\/avatar\\\/60d5661aee6e835fb13dc75d2204cd0c1d61bef2efd137c0083e59ef831e235e?s=96&d=mm&r=g\",\"caption\":\"Blogin al\"},\"sameAs\":[\"https:\\\/\\\/blogin.al\"],\"url\":\"https:\\\/\\\/blogin.al\\\/?author=2\"}]}<\/script>\n<!-- \/ Yoast SEO plugin. -->","yoast_head_json":{"title":"P\u00ebrplasje e fort\u00eb n\u00eb BBVK: Vjen reagimi pas fyerjeve t\u00eb Fjoll\u00ebs ndaj Edit - blogin.al","robots":{"index":"index","follow":"follow","max-snippet":"max-snippet:-1","max-image-preview":"max-image-preview:large","max-video-preview":"max-video-preview:-1"},"canonical":"https:\/\/blogin.al\/?p=64343","og_locale":"en_US","og_type":"article","og_title":"P\u00ebrplasje e fort\u00eb n\u00eb BBVK: Vjen reagimi pas fyerjeve t\u00eb Fjoll\u00ebs ndaj Edit - blogin.al","og_description":"Nj\u00eb mbr\u00ebmje q\u00eb nisi si fest\u00eb p\u00ebr dit\u00eblindjen e banores Dolce n\u00eb Big Brother VIP Kosova 4 ka degraduar n\u00eb nj\u00eb p\u00ebrplasje t\u00eb r\u00ebnd\u00eb verbale mes banor\u00ebve Edit Ku\u00e7i dhe Fjolla Morin\u00ebs. Atmosfera festive u tensionua kur tonet mes tyre u ngrit\u00ebn ndjesh\u00ebm, nd\u00ebrsa Fjolla p\u00ebrdori fjal\u00eb t\u00eb r\u00ebnda ndaj Edit, duke e quajtur at\u00eb [&hellip;]","og_url":"https:\/\/blogin.al\/?p=64343","og_site_name":"blogin.al","article_published_time":"2025-12-15T09:29:00+00:00","article_modified_time":"2025-12-15T09:29:08+00:00","og_image":[{"width":988,"height":504,"url":"https:\/\/blogin.al\/wp-content\/uploads\/2025\/12\/Screenshot_20251215_102805.jpg","type":"image\/jpeg"}],"author":"Blogin al","twitter_card":"summary_large_image","twitter_misc":{"Written by":"Blogin al","Est. reading time":"1 minute"},"schema":{"@context":"https:\/\/schema.org","@graph":[{"@type":"Article","@id":"https:\/\/blogin.al\/?p=64343#article","isPartOf":{"@id":"https:\/\/blogin.al\/?p=64343"},"author":{"name":"Blogin al","@id":"https:\/\/blogin.al\/#\/schema\/person\/abdd56bc912cd511db877b852b115399"},"headline":"P\u00ebrplasje e fort\u00eb n\u00eb BBVK: Vjen reagimi pas fyerjeve t\u00eb Fjoll\u00ebs ndaj Edit","datePublished":"2025-12-15T09:29:00+00:00","dateModified":"2025-12-15T09:29:08+00:00","mainEntityOfPage":{"@id":"https:\/\/blogin.al\/?p=64343"},"wordCount":279,"commentCount":0,"publisher":{"@id":"https:\/\/blogin.al\/#organization"},"image":{"@id":"https:\/\/blogin.al\/?p=64343#primaryimage"},"thumbnailUrl":"https:\/\/blogin.al\/wp-content\/uploads\/2025\/12\/Screenshot_20251215_102805.jpg","articleSection":["SHOWBIZ"],"inLanguage":"en-US","potentialAction":[{"@type":"CommentAction","name":"Comment","target":["https:\/\/blogin.al\/?p=64343#respond"]}]},{"@type":"WebPage","@id":"https:\/\/blogin.al\/?p=64343","url":"https:\/\/blogin.al\/?p=64343","name":"P\u00ebrplasje e fort\u00eb n\u00eb BBVK: Vjen reagimi pas fyerjeve t\u00eb Fjoll\u00ebs ndaj Edit - blogin.al","isPartOf":{"@id":"https:\/\/blogin.al\/#website"},"primaryImageOfPage":{"@id":"https:\/\/blogin.al\/?p=64343#primaryimage"},"image":{"@id":"https:\/\/blogin.al\/?p=64343#primaryimage"},"thumbnailUrl":"https:\/\/blogin.al\/wp-content\/uploads\/2025\/12\/Screenshot_20251215_102805.jpg","datePublished":"2025-12-15T09:29:00+00:00","dateModified":"2025-12-15T09:29:08+00:00","breadcrumb":{"@id":"https:\/\/blogin.al\/?p=64343#breadcrumb"},"inLanguage":"en-US","potentialAction":[{"@type":"ReadAction","target":["https:\/\/blogin.al\/?p=64343"]}]},{"@type":"ImageObject","inLanguage":"en-US","@id":"https:\/\/blogin.al\/?p=64343#primaryimage","url":"https:\/\/blogin.al\/wp-content\/uploads\/2025\/12\/Screenshot_20251215_102805.jpg","contentUrl":"https:\/\/blogin.al\/wp-content\/uploads\/2025\/12\/Screenshot_20251215_102805.jpg","width":988,"height":504},{"@type":"BreadcrumbList","@id":"https:\/\/blogin.al\/?p=64343#breadcrumb","itemListElement":[{"@type":"ListItem","position":1,"name":"Home","item":"https:\/\/blogin.al\/"},{"@type":"ListItem","position":2,"name":"P\u00ebrplasje e fort\u00eb n\u00eb BBVK: Vjen reagimi pas fyerjeve t\u00eb Fjoll\u00ebs ndaj Edit"}]},{"@type":"WebSite","@id":"https:\/\/blogin.al\/#website","url":"https:\/\/blogin.al\/","name":"blogin.al","description":"","publisher":{"@id":"https:\/\/blogin.al\/#organization"},"potentialAction":[{"@type":"SearchAction","target":{"@type":"EntryPoint","urlTemplate":"https:\/\/blogin.al\/?s={search_term_string}"},"query-input":{"@type":"PropertyValueSpecification","valueRequired":true,"valueName":"search_term_string"}}],"inLanguage":"en-US"},{"@type":"Organization","@id":"https:\/\/blogin.al\/#organization","name":"BLOGIN.al","url":"https:\/\/blogin.al\/","logo":{"@type":"ImageObject","inLanguage":"en-US","@id":"https:\/\/blogin.al\/#\/schema\/logo\/image\/","url":"https:\/\/blogin.al\/wp-content\/uploads\/2022\/05\/Untitled-2-01-e1652084456514.png","contentUrl":"https:\/\/blogin.al\/wp-content\/uploads\/2022\/05\/Untitled-2-01-e1652084456514.png","width":3723,"height":1698,"caption":"BLOGIN.al"},"image":{"@id":"https:\/\/blogin.al\/#\/schema\/logo\/image\/"},"sameAs":["https:\/\/instagram.com\/blogin.al\/"]},{"@type":"Person","@id":"https:\/\/blogin.al\/#\/schema\/person\/abdd56bc912cd511db877b852b115399","name":"Blogin al","image":{"@type":"ImageObject","inLanguage":"en-US","@id":"https:\/\/secure.gravatar.com\/avatar\/60d5661aee6e835fb13dc75d2204cd0c1d61bef2efd137c0083e59ef831e235e?s=96&d=mm&r=g","url":"https:\/\/secure.gravatar.com\/avatar\/60d5661aee6e835fb13dc75d2204cd0c1d61bef2efd137c0083e59ef831e235e?s=96&d=mm&r=g","contentUrl":"https:\/\/secure.gravatar.com\/avatar\/60d5661aee6e835fb13dc75d2204cd0c1d61bef2efd137c0083e59ef831e235e?s=96&d=mm&r=g","caption":"Blogin al"},"sameAs":["https:\/\/blogin.al"],"url":"https:\/\/blogin.al\/?author=2"}]}},"_links":{"self":[{"href":"https:\/\/blogin.al\/index.php?rest_route=\/wp\/v2\/posts\/64343","targetHints":{"allow":["GET"]}}],"collection":[{"href":"https:\/\/blogin.al\/index.php?rest_route=\/wp\/v2\/posts"}],"about":[{"href":"https:\/\/blogin.al\/index.php?rest_route=\/wp\/v2\/types\/post"}],"author":[{"embeddable":true,"href":"https:\/\/blogin.al\/index.php?rest_route=\/wp\/v2\/users\/2"}],"replies":[{"embeddable":true,"href":"https:\/\/blogin.al\/index.php?rest_route=%2Fwp%2Fv2%2Fcomments&post=64343"}],"version-history":[{"count":1,"href":"https:\/\/blogin.al\/index.php?rest_route=\/wp\/v2\/posts\/64343\/revisions"}],"predecessor-version":[{"id":64344,"href":"https:\/\/blogin.al\/index.php?rest_route=\/wp\/v2\/posts\/64343\/revisions\/64344"}],"wp:featuredmedia":[{"embeddable":true,"href":"https:\/\/blogin.al\/index.php?rest_route=\/wp\/v2\/media\/64342"}],"wp:attachment":[{"href":"https:\/\/blogin.al\/index.php?rest_route=%2Fwp%2Fv2%2Fmedia&parent=64343"}],"wp:term":[{"taxonomy":"category","embeddable":true,"href":"https:\/\/blogin.al\/index.php?rest_route=%2Fwp%2Fv2%2Fcategories&post=64343"},{"taxonomy":"post_tag","embeddable":true,"href":"https:\/\/blogin.al\/index.php?rest_route=%2Fwp%2Fv2%2Ftags&post=64343"}],"curies":[{"name":"wp","href":"https:\/\/api.w.org\/{rel}","templated":true}]}}