{"id":64355,"date":"2025-12-15T09:36:25","date_gmt":"2025-12-15T09:36:25","guid":{"rendered":"https:\/\/blogin.al\/?p=64355"},"modified":"2025-12-15T09:36:38","modified_gmt":"2025-12-15T09:36:38","slug":"besi-vulos-kapitullin-me-xhensilen-mes-emocionesh","status":"publish","type":"post","link":"https:\/\/blogin.al\/?p=64355","title":{"rendered":"Besi \u201cvulos\u201d kapitullin me Xhensil\u00ebn mes emocionesh"},"content":{"rendered":"<p>Aktori i njohur i humorit, Bes Kallaku, ka vendosur t\u00eb thyej\u00eb heshtjen rreth periudh\u00ebs s\u00eb v\u00ebshtir\u00eb q\u00eb po kalon pas ndarjes s\u00eb bujshme nga k\u00ebng\u00ebtarja Xhensila Myrtezaj. N\u00eb nj\u00eb intervist\u00eb ekskluzive p\u00ebr \u201cGrida Duma Podcast\u201d, Besi shfaqet ndryshe nga \u00e7\u2019jemi m\u00ebsuar ta shohim gjithmon\u00eb t\u00eb qeshur: serioz, i prekur thell\u00eb dhe me syt\u00eb e mbushur me lot.<\/p>\n<p>Nga promoja e publikuar, e cila ka ngjallur reagime t\u00eb shumta n\u00eb rrjet, kuptohet se kjo intervist\u00eb do t\u00eb jet\u00eb nj\u00eb \u201czhveshje\u201d shpirt\u00ebrore e aktorit, ku ai flet p\u00ebr tradhtin\u00eb, besimin, familjen dhe filozofin\u00eb e tij t\u00eb re p\u00ebr jet\u00ebn.<\/p>\n<p>Nj\u00eb nga pjes\u00ebt m\u00eb t\u00eb forta t\u00eb rr\u00ebfimit t\u00eb tij lidhet me zhg\u00ebnjimin nga njer\u00ebzit e af\u00ebrt. Me tone t\u00eb forta, Besi shprehet p\u00ebr ata q\u00eb i ka ndihmuar, por q\u00eb duket se i kan\u00eb kthyer shpin\u00ebn n\u00eb dit\u00eb t\u00eb v\u00ebshtira.<\/p>\n<p>\u201cP\u00ebrpos dor\u00ebn, ua kam dh\u00ebn\u00eb dhe buk\u00ebn. Sa armiq q\u00eb kemi, sa miq armiqsh kemi p\u00ebrreth,\u201d d\u00ebgjohet t\u00eb thot\u00eb ai, duke l\u00ebn\u00eb t\u00eb kuptohet se rrethi i tij shoq\u00ebror \u00ebsht\u00eb filtruar ndjesh\u00ebm pas ngjarjeve t\u00eb fundit.<\/p>\n<p>Pavar\u00ebsisht dhimbjes, Besi tregon nj\u00eb forc\u00eb t\u00eb madhe karakteri t\u00eb bazuar tek besimi. \u201cZoti \u00ebsht\u00eb me mua, kush mund t\u00eb jet\u00eb kundra meje?\u201d thot\u00eb ai, duke shtuar me optimiz\u00ebm se \u201csado t\u00eb zgjas\u00eb nata, do vij\u00eb dita.\u201d K\u00ebto fjal\u00eb d\u00ebshmojn\u00eb vendosm\u00ebrin\u00eb e tij p\u00ebr t\u00eb ecur p\u00ebrpara dhe p\u00ebr t\u00eb mos u dor\u00ebzuar p\u00ebrball\u00eb v\u00ebshtir\u00ebsive emocionale.<\/p>\n<p>N\u00eb k\u00ebt\u00eb rr\u00ebfim emocional, aktori e b\u00ebn t\u00eb qart\u00eb se prioriteti i tij absolut tashm\u00eb \u00ebsht\u00eb familja e gjakut. \u201cPasuria ime m\u00eb e madhe jan\u00eb dy f\u00ebmij\u00ebt e mi, nana me bab\u00ebn tim,\u201d shprehet ai. Kjo deklarat\u00eb vjen si nj\u00eb konfirmim se fokusi i tij kryesor \u00ebsht\u00eb mir\u00ebqenia e f\u00ebmij\u00ebve dhe raporti me prind\u00ebrit, t\u00eb cil\u00ebt mbeten shtylla e tij m\u00eb e fort\u00eb.<\/p>\n<p>Intervista prek edhe nota filozofike mbi brisht\u00ebsin\u00eb e jet\u00ebs. Duke iu referuar humbjes s\u00eb nj\u00eb personi t\u00eb af\u00ebrt (referuar n\u00eb video si \u201cShpati\u201d), Besi reflekton mbi faktin se sa t\u00eb paparashikueshme jan\u00eb planet e njeriut p\u00ebrball\u00eb vdekjes. \u201cE marrim jet\u00ebn shum\u00eb p\u00ebr t\u00eb mir\u00ebqen\u00eb. Nd\u00ebrroi jet\u00eb Shpati i shkret\u00eb. A kishte plane?\u201d<\/p>\n<p>P\u00ebr sa i p\u00ebrket marr\u00ebdh\u00ebnies me Xhensil\u00ebn dhe t\u00eb kaluar\u00ebs s\u00eb tij, Besi duket se ka marr\u00eb nj\u00eb vendim t\u00eb prer\u00eb p\u00ebr t\u00eb mos u kthyer pas.<\/p>\n<p>\u201cP\u00ebr mua, e shkuara ime \u00ebsht\u00eb e vdekur dhe po jetoj t\u00eb sotmen,\u201d thekson ai, duke mbyllur me nj\u00eb vler\u00ebsim p\u00ebr vetveten dhe ndikimin q\u00eb ka pasur tek t\u00eb tjer\u00ebt: \u201cNuk jam askushi, por prezenca ime n\u00eb jet\u00ebn e tyre ua ka b\u00ebr\u00eb m\u00eb t\u00eb bukur atyre.\u201d<\/p>\n<p>Si\u00e7 shihet edhe nga fotot e postimit n\u00eb Instagram, reagimi i publikut dhe koleg\u00ebve ka qen\u00eb i menj\u00ebhersh\u00ebm. Figura t\u00eb njohura si Arian Agushi, Albana Osmani e shum\u00eb t\u00eb tjer\u00eb kan\u00eb shprehur mb\u00ebshtetjen e tyre me komente inkurajuese si \u201cMa i miri djal\u00eb\u201d dhe \u201cZoti t\u00eb bekofte\u201d.<\/p>\n<p>Komentet vler\u00ebsojn\u00eb sinqeritetin e tij dhe faktin q\u00eb ai ka zgjedhur t\u00eb flas\u00eb hapur, duke treguar an\u00ebn e tij njer\u00ebzore p\u00ebrtej shk\u00eblqimit t\u00eb ekranit.<\/p>\n<p>Kjo intervist\u00eb pritet t\u00eb hedh\u00eb drit\u00eb mbi shum\u00eb t\u00eb path\u00ebna dhe t\u00eb tregoj\u00eb nj\u00eb dimension tjet\u00ebr t\u00eb Bes Kallakut.<\/p>\n","protected":false},"excerpt":{"rendered":"<p>Aktori i njohur i humorit, Bes Kallaku, ka vendosur t\u00eb thyej\u00eb heshtjen rreth periudh\u00ebs s\u00eb v\u00ebshtir\u00eb q\u00eb po kalon pas ndarjes s\u00eb bujshme nga k\u00ebng\u00ebtarja Xhensila Myrtezaj. N\u00eb nj\u00eb intervist\u00eb ekskluzive p\u00ebr \u201cGrida Duma Podcast\u201d, Besi shfaqet ndryshe nga \u00e7\u2019jemi m\u00ebsuar ta shohim gjithmon\u00eb t\u00eb qeshur: serioz, i prekur thell\u00eb dhe me syt\u00eb e mbushur [&hellip;]<\/p>\n","protected":false},"author":2,"featured_media":64354,"comment_status":"open","ping_status":"open","sticky":false,"template":"","format":"standard","meta":{"footnotes":""},"categories":[33],"tags":[],"class_list":{"0":"post-64355","1":"post","2":"type-post","3":"status-publish","4":"format-standard","5":"has-post-thumbnail","7":"category-showbiz"},"yoast_head":"<!-- This site is optimized with the Yoast SEO plugin v27.5 - https:\/\/yoast.com\/product\/yoast-seo-wordpress\/ -->\n<title>Besi \u201cvulos\u201d kapitullin me Xhensil\u00ebn mes emocionesh - blogin.al<\/title>\n<meta name=\"robots\" content=\"index, follow, max-snippet:-1, max-image-preview:large, max-video-preview:-1\" \/>\n<link rel=\"canonical\" href=\"https:\/\/blogin.al\/?p=64355\" \/>\n<meta property=\"og:locale\" content=\"en_US\" \/>\n<meta property=\"og:type\" content=\"article\" \/>\n<meta property=\"og:title\" content=\"Besi \u201cvulos\u201d kapitullin me Xhensil\u00ebn mes emocionesh - blogin.al\" \/>\n<meta property=\"og:description\" content=\"Aktori i njohur i humorit, Bes Kallaku, ka vendosur t\u00eb thyej\u00eb heshtjen rreth periudh\u00ebs s\u00eb v\u00ebshtir\u00eb q\u00eb po kalon pas ndarjes s\u00eb bujshme nga k\u00ebng\u00ebtarja Xhensila Myrtezaj. N\u00eb nj\u00eb intervist\u00eb ekskluzive p\u00ebr \u201cGrida Duma Podcast\u201d, Besi shfaqet ndryshe nga \u00e7\u2019jemi m\u00ebsuar ta shohim gjithmon\u00eb t\u00eb qeshur: serioz, i prekur thell\u00eb dhe me syt\u00eb e mbushur [&hellip;]\" \/>\n<meta property=\"og:url\" content=\"https:\/\/blogin.al\/?p=64355\" \/>\n<meta property=\"og:site_name\" content=\"blogin.al\" \/>\n<meta property=\"article:published_time\" content=\"2025-12-15T09:36:25+00:00\" \/>\n<meta property=\"article:modified_time\" content=\"2025-12-15T09:36:38+00:00\" \/>\n<meta property=\"og:image\" content=\"https:\/\/blogin.al\/wp-content\/uploads\/2025\/12\/Screenshot_20251215_103439.jpg\" \/>\n\t<meta property=\"og:image:width\" content=\"958\" \/>\n\t<meta property=\"og:image:height\" content=\"535\" \/>\n\t<meta property=\"og:image:type\" content=\"image\/jpeg\" \/>\n<meta name=\"author\" content=\"Blogin al\" \/>\n<meta name=\"twitter:card\" content=\"summary_large_image\" \/>\n<meta name=\"twitter:label1\" content=\"Written by\" \/>\n\t<meta name=\"twitter:data1\" content=\"Blogin al\" \/>\n\t<meta name=\"twitter:label2\" content=\"Est. reading time\" \/>\n\t<meta name=\"twitter:data2\" content=\"3 minutes\" \/>\n<script type=\"application\/ld+json\" class=\"yoast-schema-graph\">{\"@context\":\"https:\\\/\\\/schema.org\",\"@graph\":[{\"@type\":\"Article\",\"@id\":\"https:\\\/\\\/blogin.al\\\/?p=64355#article\",\"isPartOf\":{\"@id\":\"https:\\\/\\\/blogin.al\\\/?p=64355\"},\"author\":{\"name\":\"Blogin al\",\"@id\":\"https:\\\/\\\/blogin.al\\\/#\\\/schema\\\/person\\\/abdd56bc912cd511db877b852b115399\"},\"headline\":\"Besi \u201cvulos\u201d kapitullin me Xhensil\u00ebn mes emocionesh\",\"datePublished\":\"2025-12-15T09:36:25+00:00\",\"dateModified\":\"2025-12-15T09:36:38+00:00\",\"mainEntityOfPage\":{\"@id\":\"https:\\\/\\\/blogin.al\\\/?p=64355\"},\"wordCount\":599,\"commentCount\":0,\"publisher\":{\"@id\":\"https:\\\/\\\/blogin.al\\\/#organization\"},\"image\":{\"@id\":\"https:\\\/\\\/blogin.al\\\/?p=64355#primaryimage\"},\"thumbnailUrl\":\"https:\\\/\\\/blogin.al\\\/wp-content\\\/uploads\\\/2025\\\/12\\\/Screenshot_20251215_103439.jpg\",\"articleSection\":[\"SHOWBIZ\"],\"inLanguage\":\"en-US\",\"potentialAction\":[{\"@type\":\"CommentAction\",\"name\":\"Comment\",\"target\":[\"https:\\\/\\\/blogin.al\\\/?p=64355#respond\"]}]},{\"@type\":\"WebPage\",\"@id\":\"https:\\\/\\\/blogin.al\\\/?p=64355\",\"url\":\"https:\\\/\\\/blogin.al\\\/?p=64355\",\"name\":\"Besi \u201cvulos\u201d kapitullin me Xhensil\u00ebn mes emocionesh - blogin.al\",\"isPartOf\":{\"@id\":\"https:\\\/\\\/blogin.al\\\/#website\"},\"primaryImageOfPage\":{\"@id\":\"https:\\\/\\\/blogin.al\\\/?p=64355#primaryimage\"},\"image\":{\"@id\":\"https:\\\/\\\/blogin.al\\\/?p=64355#primaryimage\"},\"thumbnailUrl\":\"https:\\\/\\\/blogin.al\\\/wp-content\\\/uploads\\\/2025\\\/12\\\/Screenshot_20251215_103439.jpg\",\"datePublished\":\"2025-12-15T09:36:25+00:00\",\"dateModified\":\"2025-12-15T09:36:38+00:00\",\"breadcrumb\":{\"@id\":\"https:\\\/\\\/blogin.al\\\/?p=64355#breadcrumb\"},\"inLanguage\":\"en-US\",\"potentialAction\":[{\"@type\":\"ReadAction\",\"target\":[\"https:\\\/\\\/blogin.al\\\/?p=64355\"]}]},{\"@type\":\"ImageObject\",\"inLanguage\":\"en-US\",\"@id\":\"https:\\\/\\\/blogin.al\\\/?p=64355#primaryimage\",\"url\":\"https:\\\/\\\/blogin.al\\\/wp-content\\\/uploads\\\/2025\\\/12\\\/Screenshot_20251215_103439.jpg\",\"contentUrl\":\"https:\\\/\\\/blogin.al\\\/wp-content\\\/uploads\\\/2025\\\/12\\\/Screenshot_20251215_103439.jpg\",\"width\":958,\"height\":535},{\"@type\":\"BreadcrumbList\",\"@id\":\"https:\\\/\\\/blogin.al\\\/?p=64355#breadcrumb\",\"itemListElement\":[{\"@type\":\"ListItem\",\"position\":1,\"name\":\"Home\",\"item\":\"https:\\\/\\\/blogin.al\\\/\"},{\"@type\":\"ListItem\",\"position\":2,\"name\":\"Besi \u201cvulos\u201d kapitullin me Xhensil\u00ebn mes emocionesh\"}]},{\"@type\":\"WebSite\",\"@id\":\"https:\\\/\\\/blogin.al\\\/#website\",\"url\":\"https:\\\/\\\/blogin.al\\\/\",\"name\":\"blogin.al\",\"description\":\"\",\"publisher\":{\"@id\":\"https:\\\/\\\/blogin.al\\\/#organization\"},\"potentialAction\":[{\"@type\":\"SearchAction\",\"target\":{\"@type\":\"EntryPoint\",\"urlTemplate\":\"https:\\\/\\\/blogin.al\\\/?s={search_term_string}\"},\"query-input\":{\"@type\":\"PropertyValueSpecification\",\"valueRequired\":true,\"valueName\":\"search_term_string\"}}],\"inLanguage\":\"en-US\"},{\"@type\":\"Organization\",\"@id\":\"https:\\\/\\\/blogin.al\\\/#organization\",\"name\":\"BLOGIN.al\",\"url\":\"https:\\\/\\\/blogin.al\\\/\",\"logo\":{\"@type\":\"ImageObject\",\"inLanguage\":\"en-US\",\"@id\":\"https:\\\/\\\/blogin.al\\\/#\\\/schema\\\/logo\\\/image\\\/\",\"url\":\"https:\\\/\\\/blogin.al\\\/wp-content\\\/uploads\\\/2022\\\/05\\\/Untitled-2-01-e1652084456514.png\",\"contentUrl\":\"https:\\\/\\\/blogin.al\\\/wp-content\\\/uploads\\\/2022\\\/05\\\/Untitled-2-01-e1652084456514.png\",\"width\":3723,\"height\":1698,\"caption\":\"BLOGIN.al\"},\"image\":{\"@id\":\"https:\\\/\\\/blogin.al\\\/#\\\/schema\\\/logo\\\/image\\\/\"},\"sameAs\":[\"https:\\\/\\\/instagram.com\\\/blogin.al\\\/\"]},{\"@type\":\"Person\",\"@id\":\"https:\\\/\\\/blogin.al\\\/#\\\/schema\\\/person\\\/abdd56bc912cd511db877b852b115399\",\"name\":\"Blogin al\",\"image\":{\"@type\":\"ImageObject\",\"inLanguage\":\"en-US\",\"@id\":\"https:\\\/\\\/secure.gravatar.com\\\/avatar\\\/60d5661aee6e835fb13dc75d2204cd0c1d61bef2efd137c0083e59ef831e235e?s=96&d=mm&r=g\",\"url\":\"https:\\\/\\\/secure.gravatar.com\\\/avatar\\\/60d5661aee6e835fb13dc75d2204cd0c1d61bef2efd137c0083e59ef831e235e?s=96&d=mm&r=g\",\"contentUrl\":\"https:\\\/\\\/secure.gravatar.com\\\/avatar\\\/60d5661aee6e835fb13dc75d2204cd0c1d61bef2efd137c0083e59ef831e235e?s=96&d=mm&r=g\",\"caption\":\"Blogin al\"},\"sameAs\":[\"https:\\\/\\\/blogin.al\"],\"url\":\"https:\\\/\\\/blogin.al\\\/?author=2\"}]}<\/script>\n<!-- \/ Yoast SEO plugin. -->","yoast_head_json":{"title":"Besi \u201cvulos\u201d kapitullin me Xhensil\u00ebn mes emocionesh - blogin.al","robots":{"index":"index","follow":"follow","max-snippet":"max-snippet:-1","max-image-preview":"max-image-preview:large","max-video-preview":"max-video-preview:-1"},"canonical":"https:\/\/blogin.al\/?p=64355","og_locale":"en_US","og_type":"article","og_title":"Besi \u201cvulos\u201d kapitullin me Xhensil\u00ebn mes emocionesh - blogin.al","og_description":"Aktori i njohur i humorit, Bes Kallaku, ka vendosur t\u00eb thyej\u00eb heshtjen rreth periudh\u00ebs s\u00eb v\u00ebshtir\u00eb q\u00eb po kalon pas ndarjes s\u00eb bujshme nga k\u00ebng\u00ebtarja Xhensila Myrtezaj. N\u00eb nj\u00eb intervist\u00eb ekskluzive p\u00ebr \u201cGrida Duma Podcast\u201d, Besi shfaqet ndryshe nga \u00e7\u2019jemi m\u00ebsuar ta shohim gjithmon\u00eb t\u00eb qeshur: serioz, i prekur thell\u00eb dhe me syt\u00eb e mbushur [&hellip;]","og_url":"https:\/\/blogin.al\/?p=64355","og_site_name":"blogin.al","article_published_time":"2025-12-15T09:36:25+00:00","article_modified_time":"2025-12-15T09:36:38+00:00","og_image":[{"width":958,"height":535,"url":"https:\/\/blogin.al\/wp-content\/uploads\/2025\/12\/Screenshot_20251215_103439.jpg","type":"image\/jpeg"}],"author":"Blogin al","twitter_card":"summary_large_image","twitter_misc":{"Written by":"Blogin al","Est. reading time":"3 minutes"},"schema":{"@context":"https:\/\/schema.org","@graph":[{"@type":"Article","@id":"https:\/\/blogin.al\/?p=64355#article","isPartOf":{"@id":"https:\/\/blogin.al\/?p=64355"},"author":{"name":"Blogin al","@id":"https:\/\/blogin.al\/#\/schema\/person\/abdd56bc912cd511db877b852b115399"},"headline":"Besi \u201cvulos\u201d kapitullin me Xhensil\u00ebn mes emocionesh","datePublished":"2025-12-15T09:36:25+00:00","dateModified":"2025-12-15T09:36:38+00:00","mainEntityOfPage":{"@id":"https:\/\/blogin.al\/?p=64355"},"wordCount":599,"commentCount":0,"publisher":{"@id":"https:\/\/blogin.al\/#organization"},"image":{"@id":"https:\/\/blogin.al\/?p=64355#primaryimage"},"thumbnailUrl":"https:\/\/blogin.al\/wp-content\/uploads\/2025\/12\/Screenshot_20251215_103439.jpg","articleSection":["SHOWBIZ"],"inLanguage":"en-US","potentialAction":[{"@type":"CommentAction","name":"Comment","target":["https:\/\/blogin.al\/?p=64355#respond"]}]},{"@type":"WebPage","@id":"https:\/\/blogin.al\/?p=64355","url":"https:\/\/blogin.al\/?p=64355","name":"Besi \u201cvulos\u201d kapitullin me Xhensil\u00ebn mes emocionesh - blogin.al","isPartOf":{"@id":"https:\/\/blogin.al\/#website"},"primaryImageOfPage":{"@id":"https:\/\/blogin.al\/?p=64355#primaryimage"},"image":{"@id":"https:\/\/blogin.al\/?p=64355#primaryimage"},"thumbnailUrl":"https:\/\/blogin.al\/wp-content\/uploads\/2025\/12\/Screenshot_20251215_103439.jpg","datePublished":"2025-12-15T09:36:25+00:00","dateModified":"2025-12-15T09:36:38+00:00","breadcrumb":{"@id":"https:\/\/blogin.al\/?p=64355#breadcrumb"},"inLanguage":"en-US","potentialAction":[{"@type":"ReadAction","target":["https:\/\/blogin.al\/?p=64355"]}]},{"@type":"ImageObject","inLanguage":"en-US","@id":"https:\/\/blogin.al\/?p=64355#primaryimage","url":"https:\/\/blogin.al\/wp-content\/uploads\/2025\/12\/Screenshot_20251215_103439.jpg","contentUrl":"https:\/\/blogin.al\/wp-content\/uploads\/2025\/12\/Screenshot_20251215_103439.jpg","width":958,"height":535},{"@type":"BreadcrumbList","@id":"https:\/\/blogin.al\/?p=64355#breadcrumb","itemListElement":[{"@type":"ListItem","position":1,"name":"Home","item":"https:\/\/blogin.al\/"},{"@type":"ListItem","position":2,"name":"Besi \u201cvulos\u201d kapitullin me Xhensil\u00ebn mes emocionesh"}]},{"@type":"WebSite","@id":"https:\/\/blogin.al\/#website","url":"https:\/\/blogin.al\/","name":"blogin.al","description":"","publisher":{"@id":"https:\/\/blogin.al\/#organization"},"potentialAction":[{"@type":"SearchAction","target":{"@type":"EntryPoint","urlTemplate":"https:\/\/blogin.al\/?s={search_term_string}"},"query-input":{"@type":"PropertyValueSpecification","valueRequired":true,"valueName":"search_term_string"}}],"inLanguage":"en-US"},{"@type":"Organization","@id":"https:\/\/blogin.al\/#organization","name":"BLOGIN.al","url":"https:\/\/blogin.al\/","logo":{"@type":"ImageObject","inLanguage":"en-US","@id":"https:\/\/blogin.al\/#\/schema\/logo\/image\/","url":"https:\/\/blogin.al\/wp-content\/uploads\/2022\/05\/Untitled-2-01-e1652084456514.png","contentUrl":"https:\/\/blogin.al\/wp-content\/uploads\/2022\/05\/Untitled-2-01-e1652084456514.png","width":3723,"height":1698,"caption":"BLOGIN.al"},"image":{"@id":"https:\/\/blogin.al\/#\/schema\/logo\/image\/"},"sameAs":["https:\/\/instagram.com\/blogin.al\/"]},{"@type":"Person","@id":"https:\/\/blogin.al\/#\/schema\/person\/abdd56bc912cd511db877b852b115399","name":"Blogin al","image":{"@type":"ImageObject","inLanguage":"en-US","@id":"https:\/\/secure.gravatar.com\/avatar\/60d5661aee6e835fb13dc75d2204cd0c1d61bef2efd137c0083e59ef831e235e?s=96&d=mm&r=g","url":"https:\/\/secure.gravatar.com\/avatar\/60d5661aee6e835fb13dc75d2204cd0c1d61bef2efd137c0083e59ef831e235e?s=96&d=mm&r=g","contentUrl":"https:\/\/secure.gravatar.com\/avatar\/60d5661aee6e835fb13dc75d2204cd0c1d61bef2efd137c0083e59ef831e235e?s=96&d=mm&r=g","caption":"Blogin al"},"sameAs":["https:\/\/blogin.al"],"url":"https:\/\/blogin.al\/?author=2"}]}},"_links":{"self":[{"href":"https:\/\/blogin.al\/index.php?rest_route=\/wp\/v2\/posts\/64355","targetHints":{"allow":["GET"]}}],"collection":[{"href":"https:\/\/blogin.al\/index.php?rest_route=\/wp\/v2\/posts"}],"about":[{"href":"https:\/\/blogin.al\/index.php?rest_route=\/wp\/v2\/types\/post"}],"author":[{"embeddable":true,"href":"https:\/\/blogin.al\/index.php?rest_route=\/wp\/v2\/users\/2"}],"replies":[{"embeddable":true,"href":"https:\/\/blogin.al\/index.php?rest_route=%2Fwp%2Fv2%2Fcomments&post=64355"}],"version-history":[{"count":1,"href":"https:\/\/blogin.al\/index.php?rest_route=\/wp\/v2\/posts\/64355\/revisions"}],"predecessor-version":[{"id":64356,"href":"https:\/\/blogin.al\/index.php?rest_route=\/wp\/v2\/posts\/64355\/revisions\/64356"}],"wp:featuredmedia":[{"embeddable":true,"href":"https:\/\/blogin.al\/index.php?rest_route=\/wp\/v2\/media\/64354"}],"wp:attachment":[{"href":"https:\/\/blogin.al\/index.php?rest_route=%2Fwp%2Fv2%2Fmedia&parent=64355"}],"wp:term":[{"taxonomy":"category","embeddable":true,"href":"https:\/\/blogin.al\/index.php?rest_route=%2Fwp%2Fv2%2Fcategories&post=64355"},{"taxonomy":"post_tag","embeddable":true,"href":"https:\/\/blogin.al\/index.php?rest_route=%2Fwp%2Fv2%2Ftags&post=64355"}],"curies":[{"name":"wp","href":"https:\/\/api.w.org\/{rel}","templated":true}]}}