{"id":64361,"date":"2025-12-15T09:43:05","date_gmt":"2025-12-15T09:43:05","guid":{"rendered":"https:\/\/blogin.al\/?p=64361"},"modified":"2025-12-15T09:43:30","modified_gmt":"2025-12-15T09:43:30","slug":"bes-kallaku-thumbon-xhensila-myrtezajn","status":"publish","type":"post","link":"https:\/\/blogin.al\/?p=64361","title":{"rendered":"Bes Kallaku \u201cthumbon\u201d Xhensila Myrtezajn"},"content":{"rendered":"<p>Bes Kallaku \u00ebsht\u00eb rikthyer s\u00ebrish n\u00eb qend\u00ebr t\u00eb v\u00ebmendjes publike, k\u00ebt\u00eb her\u00eb p\u00ebrmes nj\u00eb rr\u00ebfimi. I ftuar n\u00eb nj\u00eb intervist\u00eb me Grida Dum\u00ebn, aktori foli hapur p\u00ebr kapitujt e mbyllur t\u00eb jet\u00ebs s\u00eb tij, p\u00ebrfshir\u00eb edhe divorcin me Xhensila Myrtezajn, nj\u00eb tem\u00eb q\u00eb vijon t\u00eb ngjall\u00eb interes.<\/p>\n<p>Pa hyr\u00eb n\u00eb detaje personale, Kallaku u shpreh se e shkuara p\u00ebr t\u00eb \u00ebsht\u00eb nj\u00eb histori e mbyllur. Ai theksoi se \u00ebsht\u00eb i p\u00ebrqendruar te e tashmja dhe te rruga q\u00eb po nd\u00ebrton sot, larg ngarkesave emocionale t\u00eb s\u00eb kaluar\u00ebs.<\/p>\n<p>\u201cE shkuara ime \u00ebsht\u00eb e vdekur. Un\u00eb po jetoj t\u00eb sotmen\u201d, tha ai, duke n\u00ebnvizuar se nuk e sheh veten si dik\u00eb t\u00eb jasht\u00ebzakonsh\u00ebm, por si nj\u00eb njeri q\u00eb ka l\u00ebn\u00eb gjurm\u00eb pozitive n\u00eb jet\u00ebn e t\u00eb tjer\u00ebve.<\/p>\n<p>Gjat\u00eb bised\u00ebs, aktori ndau edhe mendimet e tij mbi zhg\u00ebnjimet q\u00eb ka p\u00ebrjetuar nga njer\u00ebzit q\u00eb dikur i kishte pran\u00eb. Ai foli edhe p\u00ebr sakrificat dhe ndihm\u00ebn q\u00eb u ka dh\u00ebn\u00eb njer\u00ebzve nd\u00ebr vite, duke shtuar se jo gjithmon\u00eb mir\u00ebsia kthehet n\u00eb t\u00eb nj\u00ebjt\u00ebn form\u00eb. Megjithat\u00eb, mesazhi i tij ishte i qart\u00eb: \u00e7do nat\u00eb, sado e gjat\u00eb t\u00eb jet\u00eb, p\u00ebrfundon me lindjen e diellit.<\/p>\n<p>\u201cE shkuara ime \u00ebsht\u00eb e vdekur. Un\u00eb po jetoj t\u00eb sotmen. Un\u00eb nuk jam askushi por prezenca ime n\u00eb jet\u00ebn e disa njer\u00ebzve ua ka b\u00ebr\u00eb jet\u00ebn m\u00eb t\u00eb bukur atyre.\u201d-tha Kallaku.<\/p>\n<p>Grida Duma: Je zhg\u00ebnjyer nga ata q\u00eb ke pasur af\u00ebr p\u00ebrgith\u00ebsisht?<\/p>\n<p>Bes Kallaku: Zoti \u00ebsht\u00eb me mua, kush mund t\u00eb jet\u00eb kund\u00ebr meje?! P\u00ebrve\u00e7se ju kam dh\u00ebn\u00eb dor\u00ebn, ju kam dh\u00ebn\u00eb edhe buk\u00ebn. Sado t\u00eb zgjas\u00eb nata, do lind\u00eb dielli, do t\u00eb vij\u00eb dita. Sa armiq q\u00eb kemi, dhe sa \u201cmiq\u201d armiq q\u00eb kemi p\u00ebrreth. Pasuria ime m\u00eb e madhe jan\u00eb dy f\u00ebmij\u00ebt e mi, n\u00ebna dhe babai im.<\/p>\n","protected":false},"excerpt":{"rendered":"<p>Bes Kallaku \u00ebsht\u00eb rikthyer s\u00ebrish n\u00eb qend\u00ebr t\u00eb v\u00ebmendjes publike, k\u00ebt\u00eb her\u00eb p\u00ebrmes nj\u00eb rr\u00ebfimi. I ftuar n\u00eb nj\u00eb intervist\u00eb me Grida Dum\u00ebn, aktori foli hapur p\u00ebr kapitujt e mbyllur t\u00eb jet\u00ebs s\u00eb tij, p\u00ebrfshir\u00eb edhe divorcin me Xhensila Myrtezajn, nj\u00eb tem\u00eb q\u00eb vijon t\u00eb ngjall\u00eb interes. Pa hyr\u00eb n\u00eb detaje personale, Kallaku u shpreh [&hellip;]<\/p>\n","protected":false},"author":2,"featured_media":64360,"comment_status":"open","ping_status":"open","sticky":false,"template":"","format":"standard","meta":{"footnotes":""},"categories":[33],"tags":[],"class_list":{"0":"post-64361","1":"post","2":"type-post","3":"status-publish","4":"format-standard","5":"has-post-thumbnail","7":"category-showbiz"},"yoast_head":"<!-- This site is optimized with the Yoast SEO plugin v27.5 - https:\/\/yoast.com\/product\/yoast-seo-wordpress\/ -->\n<title>Bes Kallaku \u201cthumbon\u201d Xhensila Myrtezajn - blogin.al<\/title>\n<meta name=\"robots\" content=\"index, follow, max-snippet:-1, max-image-preview:large, max-video-preview:-1\" \/>\n<link rel=\"canonical\" href=\"https:\/\/blogin.al\/?p=64361\" \/>\n<meta property=\"og:locale\" content=\"en_US\" \/>\n<meta property=\"og:type\" content=\"article\" \/>\n<meta property=\"og:title\" content=\"Bes Kallaku \u201cthumbon\u201d Xhensila Myrtezajn - blogin.al\" \/>\n<meta property=\"og:description\" content=\"Bes Kallaku \u00ebsht\u00eb rikthyer s\u00ebrish n\u00eb qend\u00ebr t\u00eb v\u00ebmendjes publike, k\u00ebt\u00eb her\u00eb p\u00ebrmes nj\u00eb rr\u00ebfimi. I ftuar n\u00eb nj\u00eb intervist\u00eb me Grida Dum\u00ebn, aktori foli hapur p\u00ebr kapitujt e mbyllur t\u00eb jet\u00ebs s\u00eb tij, p\u00ebrfshir\u00eb edhe divorcin me Xhensila Myrtezajn, nj\u00eb tem\u00eb q\u00eb vijon t\u00eb ngjall\u00eb interes. Pa hyr\u00eb n\u00eb detaje personale, Kallaku u shpreh [&hellip;]\" \/>\n<meta property=\"og:url\" content=\"https:\/\/blogin.al\/?p=64361\" \/>\n<meta property=\"og:site_name\" content=\"blogin.al\" \/>\n<meta property=\"article:published_time\" content=\"2025-12-15T09:43:05+00:00\" \/>\n<meta property=\"article:modified_time\" content=\"2025-12-15T09:43:30+00:00\" \/>\n<meta property=\"og:image\" content=\"https:\/\/blogin.al\/wp-content\/uploads\/2025\/12\/Screenshot_20251215_104156.jpg\" \/>\n\t<meta property=\"og:image:width\" content=\"961\" \/>\n\t<meta property=\"og:image:height\" content=\"538\" \/>\n\t<meta property=\"og:image:type\" content=\"image\/jpeg\" \/>\n<meta name=\"author\" content=\"Blogin al\" \/>\n<meta name=\"twitter:card\" content=\"summary_large_image\" \/>\n<meta name=\"twitter:label1\" content=\"Written by\" \/>\n\t<meta name=\"twitter:data1\" content=\"Blogin al\" \/>\n\t<meta name=\"twitter:label2\" content=\"Est. reading time\" \/>\n\t<meta name=\"twitter:data2\" content=\"2 minutes\" \/>\n<script type=\"application\/ld+json\" class=\"yoast-schema-graph\">{\"@context\":\"https:\\\/\\\/schema.org\",\"@graph\":[{\"@type\":\"Article\",\"@id\":\"https:\\\/\\\/blogin.al\\\/?p=64361#article\",\"isPartOf\":{\"@id\":\"https:\\\/\\\/blogin.al\\\/?p=64361\"},\"author\":{\"name\":\"Blogin al\",\"@id\":\"https:\\\/\\\/blogin.al\\\/#\\\/schema\\\/person\\\/abdd56bc912cd511db877b852b115399\"},\"headline\":\"Bes Kallaku \u201cthumbon\u201d Xhensila Myrtezajn\",\"datePublished\":\"2025-12-15T09:43:05+00:00\",\"dateModified\":\"2025-12-15T09:43:30+00:00\",\"mainEntityOfPage\":{\"@id\":\"https:\\\/\\\/blogin.al\\\/?p=64361\"},\"wordCount\":348,\"commentCount\":0,\"publisher\":{\"@id\":\"https:\\\/\\\/blogin.al\\\/#organization\"},\"image\":{\"@id\":\"https:\\\/\\\/blogin.al\\\/?p=64361#primaryimage\"},\"thumbnailUrl\":\"https:\\\/\\\/blogin.al\\\/wp-content\\\/uploads\\\/2025\\\/12\\\/Screenshot_20251215_104156.jpg\",\"articleSection\":[\"SHOWBIZ\"],\"inLanguage\":\"en-US\",\"potentialAction\":[{\"@type\":\"CommentAction\",\"name\":\"Comment\",\"target\":[\"https:\\\/\\\/blogin.al\\\/?p=64361#respond\"]}]},{\"@type\":\"WebPage\",\"@id\":\"https:\\\/\\\/blogin.al\\\/?p=64361\",\"url\":\"https:\\\/\\\/blogin.al\\\/?p=64361\",\"name\":\"Bes Kallaku \u201cthumbon\u201d Xhensila Myrtezajn - blogin.al\",\"isPartOf\":{\"@id\":\"https:\\\/\\\/blogin.al\\\/#website\"},\"primaryImageOfPage\":{\"@id\":\"https:\\\/\\\/blogin.al\\\/?p=64361#primaryimage\"},\"image\":{\"@id\":\"https:\\\/\\\/blogin.al\\\/?p=64361#primaryimage\"},\"thumbnailUrl\":\"https:\\\/\\\/blogin.al\\\/wp-content\\\/uploads\\\/2025\\\/12\\\/Screenshot_20251215_104156.jpg\",\"datePublished\":\"2025-12-15T09:43:05+00:00\",\"dateModified\":\"2025-12-15T09:43:30+00:00\",\"breadcrumb\":{\"@id\":\"https:\\\/\\\/blogin.al\\\/?p=64361#breadcrumb\"},\"inLanguage\":\"en-US\",\"potentialAction\":[{\"@type\":\"ReadAction\",\"target\":[\"https:\\\/\\\/blogin.al\\\/?p=64361\"]}]},{\"@type\":\"ImageObject\",\"inLanguage\":\"en-US\",\"@id\":\"https:\\\/\\\/blogin.al\\\/?p=64361#primaryimage\",\"url\":\"https:\\\/\\\/blogin.al\\\/wp-content\\\/uploads\\\/2025\\\/12\\\/Screenshot_20251215_104156.jpg\",\"contentUrl\":\"https:\\\/\\\/blogin.al\\\/wp-content\\\/uploads\\\/2025\\\/12\\\/Screenshot_20251215_104156.jpg\",\"width\":961,\"height\":538},{\"@type\":\"BreadcrumbList\",\"@id\":\"https:\\\/\\\/blogin.al\\\/?p=64361#breadcrumb\",\"itemListElement\":[{\"@type\":\"ListItem\",\"position\":1,\"name\":\"Home\",\"item\":\"https:\\\/\\\/blogin.al\\\/\"},{\"@type\":\"ListItem\",\"position\":2,\"name\":\"Bes Kallaku \u201cthumbon\u201d Xhensila Myrtezajn\"}]},{\"@type\":\"WebSite\",\"@id\":\"https:\\\/\\\/blogin.al\\\/#website\",\"url\":\"https:\\\/\\\/blogin.al\\\/\",\"name\":\"blogin.al\",\"description\":\"\",\"publisher\":{\"@id\":\"https:\\\/\\\/blogin.al\\\/#organization\"},\"potentialAction\":[{\"@type\":\"SearchAction\",\"target\":{\"@type\":\"EntryPoint\",\"urlTemplate\":\"https:\\\/\\\/blogin.al\\\/?s={search_term_string}\"},\"query-input\":{\"@type\":\"PropertyValueSpecification\",\"valueRequired\":true,\"valueName\":\"search_term_string\"}}],\"inLanguage\":\"en-US\"},{\"@type\":\"Organization\",\"@id\":\"https:\\\/\\\/blogin.al\\\/#organization\",\"name\":\"BLOGIN.al\",\"url\":\"https:\\\/\\\/blogin.al\\\/\",\"logo\":{\"@type\":\"ImageObject\",\"inLanguage\":\"en-US\",\"@id\":\"https:\\\/\\\/blogin.al\\\/#\\\/schema\\\/logo\\\/image\\\/\",\"url\":\"https:\\\/\\\/blogin.al\\\/wp-content\\\/uploads\\\/2022\\\/05\\\/Untitled-2-01-e1652084456514.png\",\"contentUrl\":\"https:\\\/\\\/blogin.al\\\/wp-content\\\/uploads\\\/2022\\\/05\\\/Untitled-2-01-e1652084456514.png\",\"width\":3723,\"height\":1698,\"caption\":\"BLOGIN.al\"},\"image\":{\"@id\":\"https:\\\/\\\/blogin.al\\\/#\\\/schema\\\/logo\\\/image\\\/\"},\"sameAs\":[\"https:\\\/\\\/instagram.com\\\/blogin.al\\\/\"]},{\"@type\":\"Person\",\"@id\":\"https:\\\/\\\/blogin.al\\\/#\\\/schema\\\/person\\\/abdd56bc912cd511db877b852b115399\",\"name\":\"Blogin al\",\"image\":{\"@type\":\"ImageObject\",\"inLanguage\":\"en-US\",\"@id\":\"https:\\\/\\\/secure.gravatar.com\\\/avatar\\\/60d5661aee6e835fb13dc75d2204cd0c1d61bef2efd137c0083e59ef831e235e?s=96&d=mm&r=g\",\"url\":\"https:\\\/\\\/secure.gravatar.com\\\/avatar\\\/60d5661aee6e835fb13dc75d2204cd0c1d61bef2efd137c0083e59ef831e235e?s=96&d=mm&r=g\",\"contentUrl\":\"https:\\\/\\\/secure.gravatar.com\\\/avatar\\\/60d5661aee6e835fb13dc75d2204cd0c1d61bef2efd137c0083e59ef831e235e?s=96&d=mm&r=g\",\"caption\":\"Blogin al\"},\"sameAs\":[\"https:\\\/\\\/blogin.al\"],\"url\":\"https:\\\/\\\/blogin.al\\\/?author=2\"}]}<\/script>\n<!-- \/ Yoast SEO plugin. -->","yoast_head_json":{"title":"Bes Kallaku \u201cthumbon\u201d Xhensila Myrtezajn - blogin.al","robots":{"index":"index","follow":"follow","max-snippet":"max-snippet:-1","max-image-preview":"max-image-preview:large","max-video-preview":"max-video-preview:-1"},"canonical":"https:\/\/blogin.al\/?p=64361","og_locale":"en_US","og_type":"article","og_title":"Bes Kallaku \u201cthumbon\u201d Xhensila Myrtezajn - blogin.al","og_description":"Bes Kallaku \u00ebsht\u00eb rikthyer s\u00ebrish n\u00eb qend\u00ebr t\u00eb v\u00ebmendjes publike, k\u00ebt\u00eb her\u00eb p\u00ebrmes nj\u00eb rr\u00ebfimi. I ftuar n\u00eb nj\u00eb intervist\u00eb me Grida Dum\u00ebn, aktori foli hapur p\u00ebr kapitujt e mbyllur t\u00eb jet\u00ebs s\u00eb tij, p\u00ebrfshir\u00eb edhe divorcin me Xhensila Myrtezajn, nj\u00eb tem\u00eb q\u00eb vijon t\u00eb ngjall\u00eb interes. Pa hyr\u00eb n\u00eb detaje personale, Kallaku u shpreh [&hellip;]","og_url":"https:\/\/blogin.al\/?p=64361","og_site_name":"blogin.al","article_published_time":"2025-12-15T09:43:05+00:00","article_modified_time":"2025-12-15T09:43:30+00:00","og_image":[{"width":961,"height":538,"url":"https:\/\/blogin.al\/wp-content\/uploads\/2025\/12\/Screenshot_20251215_104156.jpg","type":"image\/jpeg"}],"author":"Blogin al","twitter_card":"summary_large_image","twitter_misc":{"Written by":"Blogin al","Est. reading time":"2 minutes"},"schema":{"@context":"https:\/\/schema.org","@graph":[{"@type":"Article","@id":"https:\/\/blogin.al\/?p=64361#article","isPartOf":{"@id":"https:\/\/blogin.al\/?p=64361"},"author":{"name":"Blogin al","@id":"https:\/\/blogin.al\/#\/schema\/person\/abdd56bc912cd511db877b852b115399"},"headline":"Bes Kallaku \u201cthumbon\u201d Xhensila Myrtezajn","datePublished":"2025-12-15T09:43:05+00:00","dateModified":"2025-12-15T09:43:30+00:00","mainEntityOfPage":{"@id":"https:\/\/blogin.al\/?p=64361"},"wordCount":348,"commentCount":0,"publisher":{"@id":"https:\/\/blogin.al\/#organization"},"image":{"@id":"https:\/\/blogin.al\/?p=64361#primaryimage"},"thumbnailUrl":"https:\/\/blogin.al\/wp-content\/uploads\/2025\/12\/Screenshot_20251215_104156.jpg","articleSection":["SHOWBIZ"],"inLanguage":"en-US","potentialAction":[{"@type":"CommentAction","name":"Comment","target":["https:\/\/blogin.al\/?p=64361#respond"]}]},{"@type":"WebPage","@id":"https:\/\/blogin.al\/?p=64361","url":"https:\/\/blogin.al\/?p=64361","name":"Bes Kallaku \u201cthumbon\u201d Xhensila Myrtezajn - blogin.al","isPartOf":{"@id":"https:\/\/blogin.al\/#website"},"primaryImageOfPage":{"@id":"https:\/\/blogin.al\/?p=64361#primaryimage"},"image":{"@id":"https:\/\/blogin.al\/?p=64361#primaryimage"},"thumbnailUrl":"https:\/\/blogin.al\/wp-content\/uploads\/2025\/12\/Screenshot_20251215_104156.jpg","datePublished":"2025-12-15T09:43:05+00:00","dateModified":"2025-12-15T09:43:30+00:00","breadcrumb":{"@id":"https:\/\/blogin.al\/?p=64361#breadcrumb"},"inLanguage":"en-US","potentialAction":[{"@type":"ReadAction","target":["https:\/\/blogin.al\/?p=64361"]}]},{"@type":"ImageObject","inLanguage":"en-US","@id":"https:\/\/blogin.al\/?p=64361#primaryimage","url":"https:\/\/blogin.al\/wp-content\/uploads\/2025\/12\/Screenshot_20251215_104156.jpg","contentUrl":"https:\/\/blogin.al\/wp-content\/uploads\/2025\/12\/Screenshot_20251215_104156.jpg","width":961,"height":538},{"@type":"BreadcrumbList","@id":"https:\/\/blogin.al\/?p=64361#breadcrumb","itemListElement":[{"@type":"ListItem","position":1,"name":"Home","item":"https:\/\/blogin.al\/"},{"@type":"ListItem","position":2,"name":"Bes Kallaku \u201cthumbon\u201d Xhensila Myrtezajn"}]},{"@type":"WebSite","@id":"https:\/\/blogin.al\/#website","url":"https:\/\/blogin.al\/","name":"blogin.al","description":"","publisher":{"@id":"https:\/\/blogin.al\/#organization"},"potentialAction":[{"@type":"SearchAction","target":{"@type":"EntryPoint","urlTemplate":"https:\/\/blogin.al\/?s={search_term_string}"},"query-input":{"@type":"PropertyValueSpecification","valueRequired":true,"valueName":"search_term_string"}}],"inLanguage":"en-US"},{"@type":"Organization","@id":"https:\/\/blogin.al\/#organization","name":"BLOGIN.al","url":"https:\/\/blogin.al\/","logo":{"@type":"ImageObject","inLanguage":"en-US","@id":"https:\/\/blogin.al\/#\/schema\/logo\/image\/","url":"https:\/\/blogin.al\/wp-content\/uploads\/2022\/05\/Untitled-2-01-e1652084456514.png","contentUrl":"https:\/\/blogin.al\/wp-content\/uploads\/2022\/05\/Untitled-2-01-e1652084456514.png","width":3723,"height":1698,"caption":"BLOGIN.al"},"image":{"@id":"https:\/\/blogin.al\/#\/schema\/logo\/image\/"},"sameAs":["https:\/\/instagram.com\/blogin.al\/"]},{"@type":"Person","@id":"https:\/\/blogin.al\/#\/schema\/person\/abdd56bc912cd511db877b852b115399","name":"Blogin al","image":{"@type":"ImageObject","inLanguage":"en-US","@id":"https:\/\/secure.gravatar.com\/avatar\/60d5661aee6e835fb13dc75d2204cd0c1d61bef2efd137c0083e59ef831e235e?s=96&d=mm&r=g","url":"https:\/\/secure.gravatar.com\/avatar\/60d5661aee6e835fb13dc75d2204cd0c1d61bef2efd137c0083e59ef831e235e?s=96&d=mm&r=g","contentUrl":"https:\/\/secure.gravatar.com\/avatar\/60d5661aee6e835fb13dc75d2204cd0c1d61bef2efd137c0083e59ef831e235e?s=96&d=mm&r=g","caption":"Blogin al"},"sameAs":["https:\/\/blogin.al"],"url":"https:\/\/blogin.al\/?author=2"}]}},"_links":{"self":[{"href":"https:\/\/blogin.al\/index.php?rest_route=\/wp\/v2\/posts\/64361","targetHints":{"allow":["GET"]}}],"collection":[{"href":"https:\/\/blogin.al\/index.php?rest_route=\/wp\/v2\/posts"}],"about":[{"href":"https:\/\/blogin.al\/index.php?rest_route=\/wp\/v2\/types\/post"}],"author":[{"embeddable":true,"href":"https:\/\/blogin.al\/index.php?rest_route=\/wp\/v2\/users\/2"}],"replies":[{"embeddable":true,"href":"https:\/\/blogin.al\/index.php?rest_route=%2Fwp%2Fv2%2Fcomments&post=64361"}],"version-history":[{"count":1,"href":"https:\/\/blogin.al\/index.php?rest_route=\/wp\/v2\/posts\/64361\/revisions"}],"predecessor-version":[{"id":64362,"href":"https:\/\/blogin.al\/index.php?rest_route=\/wp\/v2\/posts\/64361\/revisions\/64362"}],"wp:featuredmedia":[{"embeddable":true,"href":"https:\/\/blogin.al\/index.php?rest_route=\/wp\/v2\/media\/64360"}],"wp:attachment":[{"href":"https:\/\/blogin.al\/index.php?rest_route=%2Fwp%2Fv2%2Fmedia&parent=64361"}],"wp:term":[{"taxonomy":"category","embeddable":true,"href":"https:\/\/blogin.al\/index.php?rest_route=%2Fwp%2Fv2%2Fcategories&post=64361"},{"taxonomy":"post_tag","embeddable":true,"href":"https:\/\/blogin.al\/index.php?rest_route=%2Fwp%2Fv2%2Ftags&post=64361"}],"curies":[{"name":"wp","href":"https:\/\/api.w.org\/{rel}","templated":true}]}}