{"id":64379,"date":"2025-12-16T07:21:04","date_gmt":"2025-12-16T07:21:04","guid":{"rendered":"https:\/\/blogin.al\/?p=64379"},"modified":"2025-12-16T07:21:18","modified_gmt":"2025-12-16T07:21:18","slug":"jul-deda-flet-per-bes-kallakun-pas-intervistes-me-grida-duma","status":"publish","type":"post","link":"https:\/\/blogin.al\/?p=64379","title":{"rendered":"Jul Deda flet p\u00ebr Bes Kallakun pas intervist\u00ebs me Grida Duma"},"content":{"rendered":"<p>Aktori i njohur Jul Deda ka reaguar s\u00eb fundmi n\u00eb rrjete sociale, duke ndar\u00eb nj\u00eb mesazh t\u00eb ndjer\u00eb p\u00ebr kolegun e tij, aktorin Bes Kallaku, pas deklaratave emocionale q\u00eb ky i fundit ka b\u00ebr\u00eb p\u00ebr jet\u00ebn, familjen dhe vlerat q\u00eb e udh\u00ebheqin sot.<\/p>\n<p>N\u00eb nj\u00eb postim t\u00eb shkurt\u00ebr te ndare ne story n\u00eb Instagram, Deda thekson se fjal\u00ebt e tij jan\u00eb p\u00ebr ata q\u00eb nuk e njohin v\u00ebrtet Besin, pasi, sipas tij, ata q\u00eb e kan\u00eb njohur nga af\u00ebr nuk kan\u00eb nevoj\u00eb p\u00ebr shpjegime.<\/p>\n<p>\u201cP\u00ebrtej pun\u00ebs, karrier\u00ebs dhe publikut, Bes Kallaku \u00ebsht\u00eb nj\u00eb nga djemt\u00eb me zem\u00ebr m\u00eb t\u00eb bardh\u00eb q\u00eb kam njohur n\u00eb jet\u00eb. N\u00ebse ka mund\u00ebsi t\u00eb b\u00ebj\u00eb p\u00ebr ty di\u00e7ka t\u00eb vog\u00ebl, ai b\u00ebn maksimumin,\u201d shkruan Jul Deda krahas videos se podcastit t\u00eb Grida Dum\u00ebs, ku i ftuar ishte Besi.<\/p>\n<p>Mesazhi mbyllet me nj\u00eb fjali t\u00eb thjesht\u00eb, por shum\u00eb dometh\u00ebn\u00ebse:<\/p>\n<p>\u201cBes, p\u00ebrqafime loku.\u201d<\/p>\n<p>Ky reagim vjen n\u00eb nj\u00eb moment kur aktori Bes Kallaku po komentohet gjer\u00ebsisht p\u00ebr an\u00ebn e tij m\u00eb t\u00eb ndjeshme dhe reflektuese, duke treguar se pas humorit q\u00eb e ka shoq\u00ebruar p\u00ebr vite me radh\u00eb, fshihet nj\u00eb njeri me vlera t\u00eb forta njer\u00ebzore dhe familjare. Kujtojm\u00eb se Besi \u00ebsht\u00eb ndar\u00eb nga Xhensila Myrtezaj, me t\u00eb cil\u00ebn ka dy f\u00ebmij\u00eb.<\/p>\n","protected":false},"excerpt":{"rendered":"<p>Aktori i njohur Jul Deda ka reaguar s\u00eb fundmi n\u00eb rrjete sociale, duke ndar\u00eb nj\u00eb mesazh t\u00eb ndjer\u00eb p\u00ebr kolegun e tij, aktorin Bes Kallaku, pas deklaratave emocionale q\u00eb ky i fundit ka b\u00ebr\u00eb p\u00ebr jet\u00ebn, familjen dhe vlerat q\u00eb e udh\u00ebheqin sot. N\u00eb nj\u00eb postim t\u00eb shkurt\u00ebr te ndare ne story n\u00eb Instagram, Deda [&hellip;]<\/p>\n","protected":false},"author":2,"featured_media":64378,"comment_status":"open","ping_status":"open","sticky":false,"template":"","format":"standard","meta":{"footnotes":""},"categories":[33],"tags":[],"class_list":{"0":"post-64379","1":"post","2":"type-post","3":"status-publish","4":"format-standard","5":"has-post-thumbnail","7":"category-showbiz"},"yoast_head":"<!-- This site is optimized with the Yoast SEO plugin v27.5 - https:\/\/yoast.com\/product\/yoast-seo-wordpress\/ -->\n<title>Jul Deda flet p\u00ebr Bes Kallakun pas intervist\u00ebs me Grida Duma - blogin.al<\/title>\n<meta name=\"robots\" content=\"index, follow, max-snippet:-1, max-image-preview:large, max-video-preview:-1\" \/>\n<link rel=\"canonical\" href=\"https:\/\/blogin.al\/?p=64379\" \/>\n<meta property=\"og:locale\" content=\"en_US\" \/>\n<meta property=\"og:type\" content=\"article\" \/>\n<meta property=\"og:title\" content=\"Jul Deda flet p\u00ebr Bes Kallakun pas intervist\u00ebs me Grida Duma - blogin.al\" \/>\n<meta property=\"og:description\" content=\"Aktori i njohur Jul Deda ka reaguar s\u00eb fundmi n\u00eb rrjete sociale, duke ndar\u00eb nj\u00eb mesazh t\u00eb ndjer\u00eb p\u00ebr kolegun e tij, aktorin Bes Kallaku, pas deklaratave emocionale q\u00eb ky i fundit ka b\u00ebr\u00eb p\u00ebr jet\u00ebn, familjen dhe vlerat q\u00eb e udh\u00ebheqin sot. N\u00eb nj\u00eb postim t\u00eb shkurt\u00ebr te ndare ne story n\u00eb Instagram, Deda [&hellip;]\" \/>\n<meta property=\"og:url\" content=\"https:\/\/blogin.al\/?p=64379\" \/>\n<meta property=\"og:site_name\" content=\"blogin.al\" \/>\n<meta property=\"article:published_time\" content=\"2025-12-16T07:21:04+00:00\" \/>\n<meta property=\"article:modified_time\" content=\"2025-12-16T07:21:18+00:00\" \/>\n<meta property=\"og:image\" content=\"https:\/\/blogin.al\/wp-content\/uploads\/2025\/12\/Screenshot_20251216_082003.jpg\" \/>\n\t<meta property=\"og:image:width\" content=\"932\" \/>\n\t<meta property=\"og:image:height\" content=\"528\" \/>\n\t<meta property=\"og:image:type\" content=\"image\/jpeg\" \/>\n<meta name=\"author\" content=\"Blogin al\" \/>\n<meta name=\"twitter:card\" content=\"summary_large_image\" \/>\n<meta name=\"twitter:label1\" content=\"Written by\" \/>\n\t<meta name=\"twitter:data1\" content=\"Blogin al\" \/>\n\t<meta name=\"twitter:label2\" content=\"Est. reading time\" \/>\n\t<meta name=\"twitter:data2\" content=\"1 minute\" \/>\n<script type=\"application\/ld+json\" class=\"yoast-schema-graph\">{\"@context\":\"https:\\\/\\\/schema.org\",\"@graph\":[{\"@type\":\"Article\",\"@id\":\"https:\\\/\\\/blogin.al\\\/?p=64379#article\",\"isPartOf\":{\"@id\":\"https:\\\/\\\/blogin.al\\\/?p=64379\"},\"author\":{\"name\":\"Blogin al\",\"@id\":\"https:\\\/\\\/blogin.al\\\/#\\\/schema\\\/person\\\/abdd56bc912cd511db877b852b115399\"},\"headline\":\"Jul Deda flet p\u00ebr Bes Kallakun pas intervist\u00ebs me Grida Duma\",\"datePublished\":\"2025-12-16T07:21:04+00:00\",\"dateModified\":\"2025-12-16T07:21:18+00:00\",\"mainEntityOfPage\":{\"@id\":\"https:\\\/\\\/blogin.al\\\/?p=64379\"},\"wordCount\":252,\"commentCount\":0,\"publisher\":{\"@id\":\"https:\\\/\\\/blogin.al\\\/#organization\"},\"image\":{\"@id\":\"https:\\\/\\\/blogin.al\\\/?p=64379#primaryimage\"},\"thumbnailUrl\":\"https:\\\/\\\/blogin.al\\\/wp-content\\\/uploads\\\/2025\\\/12\\\/Screenshot_20251216_082003.jpg\",\"articleSection\":[\"SHOWBIZ\"],\"inLanguage\":\"en-US\",\"potentialAction\":[{\"@type\":\"CommentAction\",\"name\":\"Comment\",\"target\":[\"https:\\\/\\\/blogin.al\\\/?p=64379#respond\"]}]},{\"@type\":\"WebPage\",\"@id\":\"https:\\\/\\\/blogin.al\\\/?p=64379\",\"url\":\"https:\\\/\\\/blogin.al\\\/?p=64379\",\"name\":\"Jul Deda flet p\u00ebr Bes Kallakun pas intervist\u00ebs me Grida Duma - blogin.al\",\"isPartOf\":{\"@id\":\"https:\\\/\\\/blogin.al\\\/#website\"},\"primaryImageOfPage\":{\"@id\":\"https:\\\/\\\/blogin.al\\\/?p=64379#primaryimage\"},\"image\":{\"@id\":\"https:\\\/\\\/blogin.al\\\/?p=64379#primaryimage\"},\"thumbnailUrl\":\"https:\\\/\\\/blogin.al\\\/wp-content\\\/uploads\\\/2025\\\/12\\\/Screenshot_20251216_082003.jpg\",\"datePublished\":\"2025-12-16T07:21:04+00:00\",\"dateModified\":\"2025-12-16T07:21:18+00:00\",\"breadcrumb\":{\"@id\":\"https:\\\/\\\/blogin.al\\\/?p=64379#breadcrumb\"},\"inLanguage\":\"en-US\",\"potentialAction\":[{\"@type\":\"ReadAction\",\"target\":[\"https:\\\/\\\/blogin.al\\\/?p=64379\"]}]},{\"@type\":\"ImageObject\",\"inLanguage\":\"en-US\",\"@id\":\"https:\\\/\\\/blogin.al\\\/?p=64379#primaryimage\",\"url\":\"https:\\\/\\\/blogin.al\\\/wp-content\\\/uploads\\\/2025\\\/12\\\/Screenshot_20251216_082003.jpg\",\"contentUrl\":\"https:\\\/\\\/blogin.al\\\/wp-content\\\/uploads\\\/2025\\\/12\\\/Screenshot_20251216_082003.jpg\",\"width\":932,\"height\":528},{\"@type\":\"BreadcrumbList\",\"@id\":\"https:\\\/\\\/blogin.al\\\/?p=64379#breadcrumb\",\"itemListElement\":[{\"@type\":\"ListItem\",\"position\":1,\"name\":\"Home\",\"item\":\"https:\\\/\\\/blogin.al\\\/\"},{\"@type\":\"ListItem\",\"position\":2,\"name\":\"Jul Deda flet p\u00ebr Bes Kallakun pas intervist\u00ebs me Grida Duma\"}]},{\"@type\":\"WebSite\",\"@id\":\"https:\\\/\\\/blogin.al\\\/#website\",\"url\":\"https:\\\/\\\/blogin.al\\\/\",\"name\":\"blogin.al\",\"description\":\"\",\"publisher\":{\"@id\":\"https:\\\/\\\/blogin.al\\\/#organization\"},\"potentialAction\":[{\"@type\":\"SearchAction\",\"target\":{\"@type\":\"EntryPoint\",\"urlTemplate\":\"https:\\\/\\\/blogin.al\\\/?s={search_term_string}\"},\"query-input\":{\"@type\":\"PropertyValueSpecification\",\"valueRequired\":true,\"valueName\":\"search_term_string\"}}],\"inLanguage\":\"en-US\"},{\"@type\":\"Organization\",\"@id\":\"https:\\\/\\\/blogin.al\\\/#organization\",\"name\":\"BLOGIN.al\",\"url\":\"https:\\\/\\\/blogin.al\\\/\",\"logo\":{\"@type\":\"ImageObject\",\"inLanguage\":\"en-US\",\"@id\":\"https:\\\/\\\/blogin.al\\\/#\\\/schema\\\/logo\\\/image\\\/\",\"url\":\"https:\\\/\\\/blogin.al\\\/wp-content\\\/uploads\\\/2022\\\/05\\\/Untitled-2-01-e1652084456514.png\",\"contentUrl\":\"https:\\\/\\\/blogin.al\\\/wp-content\\\/uploads\\\/2022\\\/05\\\/Untitled-2-01-e1652084456514.png\",\"width\":3723,\"height\":1698,\"caption\":\"BLOGIN.al\"},\"image\":{\"@id\":\"https:\\\/\\\/blogin.al\\\/#\\\/schema\\\/logo\\\/image\\\/\"},\"sameAs\":[\"https:\\\/\\\/instagram.com\\\/blogin.al\\\/\"]},{\"@type\":\"Person\",\"@id\":\"https:\\\/\\\/blogin.al\\\/#\\\/schema\\\/person\\\/abdd56bc912cd511db877b852b115399\",\"name\":\"Blogin al\",\"image\":{\"@type\":\"ImageObject\",\"inLanguage\":\"en-US\",\"@id\":\"https:\\\/\\\/secure.gravatar.com\\\/avatar\\\/60d5661aee6e835fb13dc75d2204cd0c1d61bef2efd137c0083e59ef831e235e?s=96&d=mm&r=g\",\"url\":\"https:\\\/\\\/secure.gravatar.com\\\/avatar\\\/60d5661aee6e835fb13dc75d2204cd0c1d61bef2efd137c0083e59ef831e235e?s=96&d=mm&r=g\",\"contentUrl\":\"https:\\\/\\\/secure.gravatar.com\\\/avatar\\\/60d5661aee6e835fb13dc75d2204cd0c1d61bef2efd137c0083e59ef831e235e?s=96&d=mm&r=g\",\"caption\":\"Blogin al\"},\"sameAs\":[\"https:\\\/\\\/blogin.al\"],\"url\":\"https:\\\/\\\/blogin.al\\\/?author=2\"}]}<\/script>\n<!-- \/ Yoast SEO plugin. -->","yoast_head_json":{"title":"Jul Deda flet p\u00ebr Bes Kallakun pas intervist\u00ebs me Grida Duma - blogin.al","robots":{"index":"index","follow":"follow","max-snippet":"max-snippet:-1","max-image-preview":"max-image-preview:large","max-video-preview":"max-video-preview:-1"},"canonical":"https:\/\/blogin.al\/?p=64379","og_locale":"en_US","og_type":"article","og_title":"Jul Deda flet p\u00ebr Bes Kallakun pas intervist\u00ebs me Grida Duma - blogin.al","og_description":"Aktori i njohur Jul Deda ka reaguar s\u00eb fundmi n\u00eb rrjete sociale, duke ndar\u00eb nj\u00eb mesazh t\u00eb ndjer\u00eb p\u00ebr kolegun e tij, aktorin Bes Kallaku, pas deklaratave emocionale q\u00eb ky i fundit ka b\u00ebr\u00eb p\u00ebr jet\u00ebn, familjen dhe vlerat q\u00eb e udh\u00ebheqin sot. N\u00eb nj\u00eb postim t\u00eb shkurt\u00ebr te ndare ne story n\u00eb Instagram, Deda [&hellip;]","og_url":"https:\/\/blogin.al\/?p=64379","og_site_name":"blogin.al","article_published_time":"2025-12-16T07:21:04+00:00","article_modified_time":"2025-12-16T07:21:18+00:00","og_image":[{"width":932,"height":528,"url":"https:\/\/blogin.al\/wp-content\/uploads\/2025\/12\/Screenshot_20251216_082003.jpg","type":"image\/jpeg"}],"author":"Blogin al","twitter_card":"summary_large_image","twitter_misc":{"Written by":"Blogin al","Est. reading time":"1 minute"},"schema":{"@context":"https:\/\/schema.org","@graph":[{"@type":"Article","@id":"https:\/\/blogin.al\/?p=64379#article","isPartOf":{"@id":"https:\/\/blogin.al\/?p=64379"},"author":{"name":"Blogin al","@id":"https:\/\/blogin.al\/#\/schema\/person\/abdd56bc912cd511db877b852b115399"},"headline":"Jul Deda flet p\u00ebr Bes Kallakun pas intervist\u00ebs me Grida Duma","datePublished":"2025-12-16T07:21:04+00:00","dateModified":"2025-12-16T07:21:18+00:00","mainEntityOfPage":{"@id":"https:\/\/blogin.al\/?p=64379"},"wordCount":252,"commentCount":0,"publisher":{"@id":"https:\/\/blogin.al\/#organization"},"image":{"@id":"https:\/\/blogin.al\/?p=64379#primaryimage"},"thumbnailUrl":"https:\/\/blogin.al\/wp-content\/uploads\/2025\/12\/Screenshot_20251216_082003.jpg","articleSection":["SHOWBIZ"],"inLanguage":"en-US","potentialAction":[{"@type":"CommentAction","name":"Comment","target":["https:\/\/blogin.al\/?p=64379#respond"]}]},{"@type":"WebPage","@id":"https:\/\/blogin.al\/?p=64379","url":"https:\/\/blogin.al\/?p=64379","name":"Jul Deda flet p\u00ebr Bes Kallakun pas intervist\u00ebs me Grida Duma - blogin.al","isPartOf":{"@id":"https:\/\/blogin.al\/#website"},"primaryImageOfPage":{"@id":"https:\/\/blogin.al\/?p=64379#primaryimage"},"image":{"@id":"https:\/\/blogin.al\/?p=64379#primaryimage"},"thumbnailUrl":"https:\/\/blogin.al\/wp-content\/uploads\/2025\/12\/Screenshot_20251216_082003.jpg","datePublished":"2025-12-16T07:21:04+00:00","dateModified":"2025-12-16T07:21:18+00:00","breadcrumb":{"@id":"https:\/\/blogin.al\/?p=64379#breadcrumb"},"inLanguage":"en-US","potentialAction":[{"@type":"ReadAction","target":["https:\/\/blogin.al\/?p=64379"]}]},{"@type":"ImageObject","inLanguage":"en-US","@id":"https:\/\/blogin.al\/?p=64379#primaryimage","url":"https:\/\/blogin.al\/wp-content\/uploads\/2025\/12\/Screenshot_20251216_082003.jpg","contentUrl":"https:\/\/blogin.al\/wp-content\/uploads\/2025\/12\/Screenshot_20251216_082003.jpg","width":932,"height":528},{"@type":"BreadcrumbList","@id":"https:\/\/blogin.al\/?p=64379#breadcrumb","itemListElement":[{"@type":"ListItem","position":1,"name":"Home","item":"https:\/\/blogin.al\/"},{"@type":"ListItem","position":2,"name":"Jul Deda flet p\u00ebr Bes Kallakun pas intervist\u00ebs me Grida Duma"}]},{"@type":"WebSite","@id":"https:\/\/blogin.al\/#website","url":"https:\/\/blogin.al\/","name":"blogin.al","description":"","publisher":{"@id":"https:\/\/blogin.al\/#organization"},"potentialAction":[{"@type":"SearchAction","target":{"@type":"EntryPoint","urlTemplate":"https:\/\/blogin.al\/?s={search_term_string}"},"query-input":{"@type":"PropertyValueSpecification","valueRequired":true,"valueName":"search_term_string"}}],"inLanguage":"en-US"},{"@type":"Organization","@id":"https:\/\/blogin.al\/#organization","name":"BLOGIN.al","url":"https:\/\/blogin.al\/","logo":{"@type":"ImageObject","inLanguage":"en-US","@id":"https:\/\/blogin.al\/#\/schema\/logo\/image\/","url":"https:\/\/blogin.al\/wp-content\/uploads\/2022\/05\/Untitled-2-01-e1652084456514.png","contentUrl":"https:\/\/blogin.al\/wp-content\/uploads\/2022\/05\/Untitled-2-01-e1652084456514.png","width":3723,"height":1698,"caption":"BLOGIN.al"},"image":{"@id":"https:\/\/blogin.al\/#\/schema\/logo\/image\/"},"sameAs":["https:\/\/instagram.com\/blogin.al\/"]},{"@type":"Person","@id":"https:\/\/blogin.al\/#\/schema\/person\/abdd56bc912cd511db877b852b115399","name":"Blogin al","image":{"@type":"ImageObject","inLanguage":"en-US","@id":"https:\/\/secure.gravatar.com\/avatar\/60d5661aee6e835fb13dc75d2204cd0c1d61bef2efd137c0083e59ef831e235e?s=96&d=mm&r=g","url":"https:\/\/secure.gravatar.com\/avatar\/60d5661aee6e835fb13dc75d2204cd0c1d61bef2efd137c0083e59ef831e235e?s=96&d=mm&r=g","contentUrl":"https:\/\/secure.gravatar.com\/avatar\/60d5661aee6e835fb13dc75d2204cd0c1d61bef2efd137c0083e59ef831e235e?s=96&d=mm&r=g","caption":"Blogin al"},"sameAs":["https:\/\/blogin.al"],"url":"https:\/\/blogin.al\/?author=2"}]}},"_links":{"self":[{"href":"https:\/\/blogin.al\/index.php?rest_route=\/wp\/v2\/posts\/64379","targetHints":{"allow":["GET"]}}],"collection":[{"href":"https:\/\/blogin.al\/index.php?rest_route=\/wp\/v2\/posts"}],"about":[{"href":"https:\/\/blogin.al\/index.php?rest_route=\/wp\/v2\/types\/post"}],"author":[{"embeddable":true,"href":"https:\/\/blogin.al\/index.php?rest_route=\/wp\/v2\/users\/2"}],"replies":[{"embeddable":true,"href":"https:\/\/blogin.al\/index.php?rest_route=%2Fwp%2Fv2%2Fcomments&post=64379"}],"version-history":[{"count":1,"href":"https:\/\/blogin.al\/index.php?rest_route=\/wp\/v2\/posts\/64379\/revisions"}],"predecessor-version":[{"id":64380,"href":"https:\/\/blogin.al\/index.php?rest_route=\/wp\/v2\/posts\/64379\/revisions\/64380"}],"wp:featuredmedia":[{"embeddable":true,"href":"https:\/\/blogin.al\/index.php?rest_route=\/wp\/v2\/media\/64378"}],"wp:attachment":[{"href":"https:\/\/blogin.al\/index.php?rest_route=%2Fwp%2Fv2%2Fmedia&parent=64379"}],"wp:term":[{"taxonomy":"category","embeddable":true,"href":"https:\/\/blogin.al\/index.php?rest_route=%2Fwp%2Fv2%2Fcategories&post=64379"},{"taxonomy":"post_tag","embeddable":true,"href":"https:\/\/blogin.al\/index.php?rest_route=%2Fwp%2Fv2%2Ftags&post=64379"}],"curies":[{"name":"wp","href":"https:\/\/api.w.org\/{rel}","templated":true}]}}