{"id":64403,"date":"2025-12-17T08:21:56","date_gmt":"2025-12-17T08:21:56","guid":{"rendered":"https:\/\/blogin.al\/?p=64403"},"modified":"2025-12-17T08:22:11","modified_gmt":"2025-12-17T08:22:11","slug":"plagosja-e-gucci-t-dalin-detaje-te-reja","status":"publish","type":"post","link":"https:\/\/blogin.al\/?p=64403","title":{"rendered":"Plagosja e Gucci-t, dalin detaje t\u00eb reja"},"content":{"rendered":"<p>Dal\u00ebngadal\u00eb po zbulohen detaje t\u00eb reja lidhur me plagosjen e Fabion Ku\u00e7it, i njohur n\u00eb rrjetet sociale si \u2018Gucci\u2019. Sipas raportimeve t\u00eb fundit, konflikti q\u00eb \u00e7oi n\u00eb ngjarjen e dhunshme ka nisur fillimisht n\u00eb rrjetet sociale dhe m\u00eb pas \u00ebsht\u00eb p\u00ebrshkall\u00ebzuar n\u00eb nj\u00eb p\u00ebrplasje live.<\/p>\n<p>Gazetarja Xhensila Kodra, n\u00eb nj\u00eb lidhje direkte p\u00ebr News24, raportoi se gjat\u00eb d\u00ebshmis\u00eb s\u00eb tij para policis\u00eb, Ku\u00e7i ka pohuar se konflikti me autorin e plagosjes, i cili tashm\u00eb \u00ebsht\u00eb identifikuar dhe shpallur n\u00eb k\u00ebrkim, ka nisur pas nj\u00eb debati dhe sharjesh n\u00eb TikTok.<\/p>\n<p>Sipas burimeve, Fabion Ku\u00e7i ka nj\u00eb histori kriminale jasht\u00eb vendit, duke qen\u00eb i d\u00ebnuar n\u00eb Angli dhe i ka kryer disa vite burg atje. Ai ka qen\u00eb gjithashtu aktiv n\u00eb rrjetet sociale, ku shpesh p\u00ebrfshihej n\u00eb debate dhe p\u00ebrplasje me figura t\u00eb njohura si Kozak Bra\u00e7i dhe Xhemal Uka, i cili njihet si \u2018Fire\u2019 online.<\/p>\n<p>Xhemal Uka gjithashtu \u00ebsht\u00eb shpallur n\u00eb k\u00ebrkim prej disa dit\u00ebsh p\u00ebr nj\u00eb ngjarje t\u00eb dhunshme q\u00eb ndodhi n\u00eb zon\u00ebn e Freskut, ku nj\u00eb 26-vje\u00e7ar u dhunua brutalisht me sende t\u00eb forta dhe \u00e7eki\u00e7. Pas k\u00ebtij incidenti, Uka u shpall n\u00eb k\u00ebrkim, nd\u00ebrsa personi q\u00eb kreu dhun\u00ebn u arrestua.<\/p>\n<p>Policia vijon hetimet p\u00ebr t\u00eb zbardhur t\u00eb gjitha rrethanat dhe p\u00ebr t\u00eb identifikuar t\u00eb gjith\u00eb personat e p\u00ebrfshir\u00eb. Autoritetet b\u00ebjn\u00eb thirrje p\u00ebr bashk\u00ebpunim nga d\u00ebshmitar\u00ebt q\u00eb mund t\u00eb ken\u00eb par\u00eb ngjarjet q\u00eb \u00e7uan n\u00eb plagosjen e Ku\u00e7it.<\/p>\n<p>Ky zhvillim tregon se konflikti fillimisht virtual mund t\u00eb ket\u00eb pasoja serioze n\u00eb jet\u00ebn reale, duke rikthyer v\u00ebmendjen tek rreziqet e p\u00ebrfshirjes n\u00eb debate dhe sharje online.<\/p>\n","protected":false},"excerpt":{"rendered":"<p>Dal\u00ebngadal\u00eb po zbulohen detaje t\u00eb reja lidhur me plagosjen e Fabion Ku\u00e7it, i njohur n\u00eb rrjetet sociale si \u2018Gucci\u2019. Sipas raportimeve t\u00eb fundit, konflikti q\u00eb \u00e7oi n\u00eb ngjarjen e dhunshme ka nisur fillimisht n\u00eb rrjetet sociale dhe m\u00eb pas \u00ebsht\u00eb p\u00ebrshkall\u00ebzuar n\u00eb nj\u00eb p\u00ebrplasje live. Gazetarja Xhensila Kodra, n\u00eb nj\u00eb lidhje direkte p\u00ebr News24, raportoi [&hellip;]<\/p>\n","protected":false},"author":2,"featured_media":64402,"comment_status":"open","ping_status":"open","sticky":false,"template":"","format":"standard","meta":{"footnotes":""},"categories":[39],"tags":[],"class_list":{"0":"post-64403","1":"post","2":"type-post","3":"status-publish","4":"format-standard","5":"has-post-thumbnail","7":"category-aktualitet"},"yoast_head":"<!-- This site is optimized with the Yoast SEO plugin v27.5 - https:\/\/yoast.com\/product\/yoast-seo-wordpress\/ -->\n<title>Plagosja e Gucci-t, dalin detaje t\u00eb reja - blogin.al<\/title>\n<meta name=\"robots\" content=\"index, follow, max-snippet:-1, max-image-preview:large, max-video-preview:-1\" \/>\n<link rel=\"canonical\" href=\"https:\/\/blogin.al\/?p=64403\" \/>\n<meta property=\"og:locale\" content=\"en_US\" \/>\n<meta property=\"og:type\" content=\"article\" \/>\n<meta property=\"og:title\" content=\"Plagosja e Gucci-t, dalin detaje t\u00eb reja - blogin.al\" \/>\n<meta property=\"og:description\" content=\"Dal\u00ebngadal\u00eb po zbulohen detaje t\u00eb reja lidhur me plagosjen e Fabion Ku\u00e7it, i njohur n\u00eb rrjetet sociale si \u2018Gucci\u2019. Sipas raportimeve t\u00eb fundit, konflikti q\u00eb \u00e7oi n\u00eb ngjarjen e dhunshme ka nisur fillimisht n\u00eb rrjetet sociale dhe m\u00eb pas \u00ebsht\u00eb p\u00ebrshkall\u00ebzuar n\u00eb nj\u00eb p\u00ebrplasje live. Gazetarja Xhensila Kodra, n\u00eb nj\u00eb lidhje direkte p\u00ebr News24, raportoi [&hellip;]\" \/>\n<meta property=\"og:url\" content=\"https:\/\/blogin.al\/?p=64403\" \/>\n<meta property=\"og:site_name\" content=\"blogin.al\" \/>\n<meta property=\"article:published_time\" content=\"2025-12-17T08:21:56+00:00\" \/>\n<meta property=\"article:modified_time\" content=\"2025-12-17T08:22:11+00:00\" \/>\n<meta property=\"og:image\" content=\"https:\/\/blogin.al\/wp-content\/uploads\/2025\/12\/Screenshot_20251217_092123.jpg\" \/>\n\t<meta property=\"og:image:width\" content=\"930\" \/>\n\t<meta property=\"og:image:height\" content=\"531\" \/>\n\t<meta property=\"og:image:type\" content=\"image\/jpeg\" \/>\n<meta name=\"author\" content=\"Blogin al\" \/>\n<meta name=\"twitter:card\" content=\"summary_large_image\" \/>\n<meta name=\"twitter:label1\" content=\"Written by\" \/>\n\t<meta name=\"twitter:data1\" content=\"Blogin al\" \/>\n\t<meta name=\"twitter:label2\" content=\"Est. reading time\" \/>\n\t<meta name=\"twitter:data2\" content=\"1 minute\" \/>\n<script type=\"application\/ld+json\" class=\"yoast-schema-graph\">{\"@context\":\"https:\\\/\\\/schema.org\",\"@graph\":[{\"@type\":\"Article\",\"@id\":\"https:\\\/\\\/blogin.al\\\/?p=64403#article\",\"isPartOf\":{\"@id\":\"https:\\\/\\\/blogin.al\\\/?p=64403\"},\"author\":{\"name\":\"Blogin al\",\"@id\":\"https:\\\/\\\/blogin.al\\\/#\\\/schema\\\/person\\\/abdd56bc912cd511db877b852b115399\"},\"headline\":\"Plagosja e Gucci-t, dalin detaje t\u00eb reja\",\"datePublished\":\"2025-12-17T08:21:56+00:00\",\"dateModified\":\"2025-12-17T08:22:11+00:00\",\"mainEntityOfPage\":{\"@id\":\"https:\\\/\\\/blogin.al\\\/?p=64403\"},\"wordCount\":298,\"commentCount\":0,\"publisher\":{\"@id\":\"https:\\\/\\\/blogin.al\\\/#organization\"},\"image\":{\"@id\":\"https:\\\/\\\/blogin.al\\\/?p=64403#primaryimage\"},\"thumbnailUrl\":\"https:\\\/\\\/blogin.al\\\/wp-content\\\/uploads\\\/2025\\\/12\\\/Screenshot_20251217_092123.jpg\",\"articleSection\":[\"AKTUALITET\"],\"inLanguage\":\"en-US\",\"potentialAction\":[{\"@type\":\"CommentAction\",\"name\":\"Comment\",\"target\":[\"https:\\\/\\\/blogin.al\\\/?p=64403#respond\"]}]},{\"@type\":\"WebPage\",\"@id\":\"https:\\\/\\\/blogin.al\\\/?p=64403\",\"url\":\"https:\\\/\\\/blogin.al\\\/?p=64403\",\"name\":\"Plagosja e Gucci-t, dalin detaje t\u00eb reja - blogin.al\",\"isPartOf\":{\"@id\":\"https:\\\/\\\/blogin.al\\\/#website\"},\"primaryImageOfPage\":{\"@id\":\"https:\\\/\\\/blogin.al\\\/?p=64403#primaryimage\"},\"image\":{\"@id\":\"https:\\\/\\\/blogin.al\\\/?p=64403#primaryimage\"},\"thumbnailUrl\":\"https:\\\/\\\/blogin.al\\\/wp-content\\\/uploads\\\/2025\\\/12\\\/Screenshot_20251217_092123.jpg\",\"datePublished\":\"2025-12-17T08:21:56+00:00\",\"dateModified\":\"2025-12-17T08:22:11+00:00\",\"breadcrumb\":{\"@id\":\"https:\\\/\\\/blogin.al\\\/?p=64403#breadcrumb\"},\"inLanguage\":\"en-US\",\"potentialAction\":[{\"@type\":\"ReadAction\",\"target\":[\"https:\\\/\\\/blogin.al\\\/?p=64403\"]}]},{\"@type\":\"ImageObject\",\"inLanguage\":\"en-US\",\"@id\":\"https:\\\/\\\/blogin.al\\\/?p=64403#primaryimage\",\"url\":\"https:\\\/\\\/blogin.al\\\/wp-content\\\/uploads\\\/2025\\\/12\\\/Screenshot_20251217_092123.jpg\",\"contentUrl\":\"https:\\\/\\\/blogin.al\\\/wp-content\\\/uploads\\\/2025\\\/12\\\/Screenshot_20251217_092123.jpg\",\"width\":930,\"height\":531},{\"@type\":\"BreadcrumbList\",\"@id\":\"https:\\\/\\\/blogin.al\\\/?p=64403#breadcrumb\",\"itemListElement\":[{\"@type\":\"ListItem\",\"position\":1,\"name\":\"Home\",\"item\":\"https:\\\/\\\/blogin.al\\\/\"},{\"@type\":\"ListItem\",\"position\":2,\"name\":\"Plagosja e Gucci-t, dalin detaje t\u00eb reja\"}]},{\"@type\":\"WebSite\",\"@id\":\"https:\\\/\\\/blogin.al\\\/#website\",\"url\":\"https:\\\/\\\/blogin.al\\\/\",\"name\":\"blogin.al\",\"description\":\"\",\"publisher\":{\"@id\":\"https:\\\/\\\/blogin.al\\\/#organization\"},\"potentialAction\":[{\"@type\":\"SearchAction\",\"target\":{\"@type\":\"EntryPoint\",\"urlTemplate\":\"https:\\\/\\\/blogin.al\\\/?s={search_term_string}\"},\"query-input\":{\"@type\":\"PropertyValueSpecification\",\"valueRequired\":true,\"valueName\":\"search_term_string\"}}],\"inLanguage\":\"en-US\"},{\"@type\":\"Organization\",\"@id\":\"https:\\\/\\\/blogin.al\\\/#organization\",\"name\":\"BLOGIN.al\",\"url\":\"https:\\\/\\\/blogin.al\\\/\",\"logo\":{\"@type\":\"ImageObject\",\"inLanguage\":\"en-US\",\"@id\":\"https:\\\/\\\/blogin.al\\\/#\\\/schema\\\/logo\\\/image\\\/\",\"url\":\"https:\\\/\\\/blogin.al\\\/wp-content\\\/uploads\\\/2022\\\/05\\\/Untitled-2-01-e1652084456514.png\",\"contentUrl\":\"https:\\\/\\\/blogin.al\\\/wp-content\\\/uploads\\\/2022\\\/05\\\/Untitled-2-01-e1652084456514.png\",\"width\":3723,\"height\":1698,\"caption\":\"BLOGIN.al\"},\"image\":{\"@id\":\"https:\\\/\\\/blogin.al\\\/#\\\/schema\\\/logo\\\/image\\\/\"},\"sameAs\":[\"https:\\\/\\\/instagram.com\\\/blogin.al\\\/\"]},{\"@type\":\"Person\",\"@id\":\"https:\\\/\\\/blogin.al\\\/#\\\/schema\\\/person\\\/abdd56bc912cd511db877b852b115399\",\"name\":\"Blogin al\",\"image\":{\"@type\":\"ImageObject\",\"inLanguage\":\"en-US\",\"@id\":\"https:\\\/\\\/secure.gravatar.com\\\/avatar\\\/60d5661aee6e835fb13dc75d2204cd0c1d61bef2efd137c0083e59ef831e235e?s=96&d=mm&r=g\",\"url\":\"https:\\\/\\\/secure.gravatar.com\\\/avatar\\\/60d5661aee6e835fb13dc75d2204cd0c1d61bef2efd137c0083e59ef831e235e?s=96&d=mm&r=g\",\"contentUrl\":\"https:\\\/\\\/secure.gravatar.com\\\/avatar\\\/60d5661aee6e835fb13dc75d2204cd0c1d61bef2efd137c0083e59ef831e235e?s=96&d=mm&r=g\",\"caption\":\"Blogin al\"},\"sameAs\":[\"https:\\\/\\\/blogin.al\"],\"url\":\"https:\\\/\\\/blogin.al\\\/?author=2\"}]}<\/script>\n<!-- \/ Yoast SEO plugin. -->","yoast_head_json":{"title":"Plagosja e Gucci-t, dalin detaje t\u00eb reja - blogin.al","robots":{"index":"index","follow":"follow","max-snippet":"max-snippet:-1","max-image-preview":"max-image-preview:large","max-video-preview":"max-video-preview:-1"},"canonical":"https:\/\/blogin.al\/?p=64403","og_locale":"en_US","og_type":"article","og_title":"Plagosja e Gucci-t, dalin detaje t\u00eb reja - blogin.al","og_description":"Dal\u00ebngadal\u00eb po zbulohen detaje t\u00eb reja lidhur me plagosjen e Fabion Ku\u00e7it, i njohur n\u00eb rrjetet sociale si \u2018Gucci\u2019. Sipas raportimeve t\u00eb fundit, konflikti q\u00eb \u00e7oi n\u00eb ngjarjen e dhunshme ka nisur fillimisht n\u00eb rrjetet sociale dhe m\u00eb pas \u00ebsht\u00eb p\u00ebrshkall\u00ebzuar n\u00eb nj\u00eb p\u00ebrplasje live. Gazetarja Xhensila Kodra, n\u00eb nj\u00eb lidhje direkte p\u00ebr News24, raportoi [&hellip;]","og_url":"https:\/\/blogin.al\/?p=64403","og_site_name":"blogin.al","article_published_time":"2025-12-17T08:21:56+00:00","article_modified_time":"2025-12-17T08:22:11+00:00","og_image":[{"width":930,"height":531,"url":"https:\/\/blogin.al\/wp-content\/uploads\/2025\/12\/Screenshot_20251217_092123.jpg","type":"image\/jpeg"}],"author":"Blogin al","twitter_card":"summary_large_image","twitter_misc":{"Written by":"Blogin al","Est. reading time":"1 minute"},"schema":{"@context":"https:\/\/schema.org","@graph":[{"@type":"Article","@id":"https:\/\/blogin.al\/?p=64403#article","isPartOf":{"@id":"https:\/\/blogin.al\/?p=64403"},"author":{"name":"Blogin al","@id":"https:\/\/blogin.al\/#\/schema\/person\/abdd56bc912cd511db877b852b115399"},"headline":"Plagosja e Gucci-t, dalin detaje t\u00eb reja","datePublished":"2025-12-17T08:21:56+00:00","dateModified":"2025-12-17T08:22:11+00:00","mainEntityOfPage":{"@id":"https:\/\/blogin.al\/?p=64403"},"wordCount":298,"commentCount":0,"publisher":{"@id":"https:\/\/blogin.al\/#organization"},"image":{"@id":"https:\/\/blogin.al\/?p=64403#primaryimage"},"thumbnailUrl":"https:\/\/blogin.al\/wp-content\/uploads\/2025\/12\/Screenshot_20251217_092123.jpg","articleSection":["AKTUALITET"],"inLanguage":"en-US","potentialAction":[{"@type":"CommentAction","name":"Comment","target":["https:\/\/blogin.al\/?p=64403#respond"]}]},{"@type":"WebPage","@id":"https:\/\/blogin.al\/?p=64403","url":"https:\/\/blogin.al\/?p=64403","name":"Plagosja e Gucci-t, dalin detaje t\u00eb reja - blogin.al","isPartOf":{"@id":"https:\/\/blogin.al\/#website"},"primaryImageOfPage":{"@id":"https:\/\/blogin.al\/?p=64403#primaryimage"},"image":{"@id":"https:\/\/blogin.al\/?p=64403#primaryimage"},"thumbnailUrl":"https:\/\/blogin.al\/wp-content\/uploads\/2025\/12\/Screenshot_20251217_092123.jpg","datePublished":"2025-12-17T08:21:56+00:00","dateModified":"2025-12-17T08:22:11+00:00","breadcrumb":{"@id":"https:\/\/blogin.al\/?p=64403#breadcrumb"},"inLanguage":"en-US","potentialAction":[{"@type":"ReadAction","target":["https:\/\/blogin.al\/?p=64403"]}]},{"@type":"ImageObject","inLanguage":"en-US","@id":"https:\/\/blogin.al\/?p=64403#primaryimage","url":"https:\/\/blogin.al\/wp-content\/uploads\/2025\/12\/Screenshot_20251217_092123.jpg","contentUrl":"https:\/\/blogin.al\/wp-content\/uploads\/2025\/12\/Screenshot_20251217_092123.jpg","width":930,"height":531},{"@type":"BreadcrumbList","@id":"https:\/\/blogin.al\/?p=64403#breadcrumb","itemListElement":[{"@type":"ListItem","position":1,"name":"Home","item":"https:\/\/blogin.al\/"},{"@type":"ListItem","position":2,"name":"Plagosja e Gucci-t, dalin detaje t\u00eb reja"}]},{"@type":"WebSite","@id":"https:\/\/blogin.al\/#website","url":"https:\/\/blogin.al\/","name":"blogin.al","description":"","publisher":{"@id":"https:\/\/blogin.al\/#organization"},"potentialAction":[{"@type":"SearchAction","target":{"@type":"EntryPoint","urlTemplate":"https:\/\/blogin.al\/?s={search_term_string}"},"query-input":{"@type":"PropertyValueSpecification","valueRequired":true,"valueName":"search_term_string"}}],"inLanguage":"en-US"},{"@type":"Organization","@id":"https:\/\/blogin.al\/#organization","name":"BLOGIN.al","url":"https:\/\/blogin.al\/","logo":{"@type":"ImageObject","inLanguage":"en-US","@id":"https:\/\/blogin.al\/#\/schema\/logo\/image\/","url":"https:\/\/blogin.al\/wp-content\/uploads\/2022\/05\/Untitled-2-01-e1652084456514.png","contentUrl":"https:\/\/blogin.al\/wp-content\/uploads\/2022\/05\/Untitled-2-01-e1652084456514.png","width":3723,"height":1698,"caption":"BLOGIN.al"},"image":{"@id":"https:\/\/blogin.al\/#\/schema\/logo\/image\/"},"sameAs":["https:\/\/instagram.com\/blogin.al\/"]},{"@type":"Person","@id":"https:\/\/blogin.al\/#\/schema\/person\/abdd56bc912cd511db877b852b115399","name":"Blogin al","image":{"@type":"ImageObject","inLanguage":"en-US","@id":"https:\/\/secure.gravatar.com\/avatar\/60d5661aee6e835fb13dc75d2204cd0c1d61bef2efd137c0083e59ef831e235e?s=96&d=mm&r=g","url":"https:\/\/secure.gravatar.com\/avatar\/60d5661aee6e835fb13dc75d2204cd0c1d61bef2efd137c0083e59ef831e235e?s=96&d=mm&r=g","contentUrl":"https:\/\/secure.gravatar.com\/avatar\/60d5661aee6e835fb13dc75d2204cd0c1d61bef2efd137c0083e59ef831e235e?s=96&d=mm&r=g","caption":"Blogin al"},"sameAs":["https:\/\/blogin.al"],"url":"https:\/\/blogin.al\/?author=2"}]}},"_links":{"self":[{"href":"https:\/\/blogin.al\/index.php?rest_route=\/wp\/v2\/posts\/64403","targetHints":{"allow":["GET"]}}],"collection":[{"href":"https:\/\/blogin.al\/index.php?rest_route=\/wp\/v2\/posts"}],"about":[{"href":"https:\/\/blogin.al\/index.php?rest_route=\/wp\/v2\/types\/post"}],"author":[{"embeddable":true,"href":"https:\/\/blogin.al\/index.php?rest_route=\/wp\/v2\/users\/2"}],"replies":[{"embeddable":true,"href":"https:\/\/blogin.al\/index.php?rest_route=%2Fwp%2Fv2%2Fcomments&post=64403"}],"version-history":[{"count":1,"href":"https:\/\/blogin.al\/index.php?rest_route=\/wp\/v2\/posts\/64403\/revisions"}],"predecessor-version":[{"id":64404,"href":"https:\/\/blogin.al\/index.php?rest_route=\/wp\/v2\/posts\/64403\/revisions\/64404"}],"wp:featuredmedia":[{"embeddable":true,"href":"https:\/\/blogin.al\/index.php?rest_route=\/wp\/v2\/media\/64402"}],"wp:attachment":[{"href":"https:\/\/blogin.al\/index.php?rest_route=%2Fwp%2Fv2%2Fmedia&parent=64403"}],"wp:term":[{"taxonomy":"category","embeddable":true,"href":"https:\/\/blogin.al\/index.php?rest_route=%2Fwp%2Fv2%2Fcategories&post=64403"},{"taxonomy":"post_tag","embeddable":true,"href":"https:\/\/blogin.al\/index.php?rest_route=%2Fwp%2Fv2%2Ftags&post=64403"}],"curies":[{"name":"wp","href":"https:\/\/api.w.org\/{rel}","templated":true}]}}