{"id":64851,"date":"2026-01-25T06:58:17","date_gmt":"2026-01-25T06:58:17","guid":{"rendered":"https:\/\/blogin.al\/?p=64851"},"modified":"2026-01-25T06:58:33","modified_gmt":"2026-01-25T06:58:33","slug":"pas-lindjes-se-vajzes-me-vune-prangat-rrefimi-trondites-i-senos","status":"publish","type":"post","link":"https:\/\/blogin.al\/?p=64851","title":{"rendered":"\u201cPas lindjes s\u00eb vajz\u00ebs m\u00eb vun\u00eb prangat\u2026\u201d\/ Rr\u00ebfimi trondit\u00ebs i Senos"},"content":{"rendered":"<p>Ish-banori i \u201cBig Brother VIP 5\u201d, Seno Fishta, ishte diten e sotme i ftuar n\u00eb emisionin \u201cS\u2019e Luan Topi\u201d, ku rr\u00ebfeu nj\u00eb nga periudhat m\u00eb t\u00eb v\u00ebshtira t\u00eb jet\u00ebs s\u00eb tij, at\u00eb t\u00eb emigrimit dhe azilit n\u00eb Franc\u00eb. Ai tregoi se sfida m\u00eb e madhe nuk ishte mungesa e strehimit, por dokumentacioni dhe pritja e gjat\u00eb p\u00ebr leje q\u00ebndrimi. P\u00ebr gjasht\u00eb muaj me radh\u00eb, Seno dhe partnerja e tij, Edra, jetuan n\u00eb nj\u00eb kamp refugjat\u00ebsh, n\u00eb \u00e7adra, s\u00eb bashku me rreth nj\u00eb mij\u00eb persona t\u00eb tjer\u00eb, mes tyre edhe shum\u00eb gra shtatz\u00ebna.<\/p>\n<p>Seno p\u00ebrshkroi edhe jet\u00ebn n\u00eb kamp, ku mungesa e energjis\u00eb elektrike i detyroi banor\u00ebt t\u00eb improvizonin, madje duke marr\u00eb rrym\u00eb nga ndri\u00e7imi i rrug\u00ebs p\u00ebr t\u00eb p\u00ebrdorur furrnela, gjithmon\u00eb me frik\u00ebn se mos p\u00ebrfundonin n\u00eb telashe me autoritetet.<\/p>\n<p>Pjes\u00eb nga intervista:<\/p>\n<p>Kur filluan v\u00ebshtir\u00ebsit\u00eb?<\/p>\n<p>Problemet ishin, gjithmon\u00eb vinin p\u00ebr arsye letre. Kur nuk ke letra, nuk ke identitet, nuk mund t\u00eb gjeje nj\u00eb sht\u00ebpi, nj\u00eb pun\u00eb stab\u00ebl.<\/p>\n<p>Pastaj lindi vajza?<\/p>\n<p>Nj\u00eb dit\u00eb pasi lindi vajza, kam q\u00ebndruar p\u00ebr nj\u00eb periudh\u00eb t\u00eb gjat\u00eb larg familjes.<\/p>\n<p>Pse? \u00c7far\u00eb ndodhi?<\/p>\n<p>Hyra n\u00eb nj\u00eb gabim, n\u00eb nj\u00eb mesele q\u00eb m\u00eb ndaluan n\u00eb Zvic\u00ebr. Nj\u00eb hetim n\u00eb lidhje me narkotrafik\u00ebt, u p\u00ebrfshiva p\u00ebrmes disa mesazheve, me disa njohja q\u00eb kisha.<\/p>\n<p>Dyshoheshe se ishe pjes\u00eb e nj\u00eb grupi q\u00eb q\u00eb trafikonte l\u00ebnd\u00eb narkotike, drog\u00eb?<\/p>\n<p>Po, edhe u arrestova. M\u00eb than\u00eb t\u00eb shkoja, e thosha jo se kam nusen n\u00eb spital. Doja me shit makin\u00ebn dhe t\u00eb rrija p\u00ebr qejf, por shkova. Lash\u00eb Edr\u00ebn n\u00eb spital me vajz\u00ebn 1-dit\u00ebshe dhe e gjeta 32 muajshe. Edra ka b\u00ebr\u00eb nj\u00eb sakrific\u00eb t\u00eb madhe.<\/p>\n<p>Ka ardhur t\u00eb takoj\u00eb ty n\u00eb paraburgim? Q\u00ebndrove atje 32 muaj?<\/p>\n<p>Po. Dua t\u00eb gjykoj veten, pa patur nevoj\u00eb duke u marr\u00eb me njer\u00ebz t\u00eb gabuar q\u00eb t\u00eb kushtojn\u00eb shum\u00eb.<\/p>\n<p>Ishte fati jot, pra ti nuk pate p\u00ebrfshirje n\u00eb k\u00ebt\u00eb grup apo shoq\u00ebri e gabuar?<\/p>\n<p>Nuk dua t\u00eb dal si m\u00eb i ndershmi dhe t\u00eb justifikoj veten. Ndodhi si ndodhi, por ato veset dhe nevoja p\u00ebr financa t\u00eb b\u00ebn ndonj\u00ebher\u00eb t\u00eb p\u00ebrfshihesh.<\/p>\n<p>Ndihesh fajtore karshi vajz\u00ebs? Ti e gjete gati 3 vje\u00e7e.<\/p>\n<p>Ndihem shum\u00eb fajtor karshi vajz\u00ebs, djalit dhe Edr\u00ebs. Vajza nuk m\u00eb njihte, nuk m\u00eb rrinte n\u00eb preh\u00ebr. E mora kur ishte n\u00eb gjum\u00eb, ku u zgjua tha jo jo.<\/p>\n<p>U m\u00ebrzite?<\/p>\n<p>U m\u00ebrzita shum\u00eb\u00b8 po e di se m\u00eb donte dhe m\u00eb do. Ka patur nj\u00eb rast kur i ka th\u00ebn\u00eb t\u00eb \u00ebm\u00ebs \u2018kam frik\u00eb se dua babin m\u00eb shum\u00eb se ti\u2019.<\/p>\n","protected":false},"excerpt":{"rendered":"<p>Ish-banori i \u201cBig Brother VIP 5\u201d, Seno Fishta, ishte diten e sotme i ftuar n\u00eb emisionin \u201cS\u2019e Luan Topi\u201d, ku rr\u00ebfeu nj\u00eb nga periudhat m\u00eb t\u00eb v\u00ebshtira t\u00eb jet\u00ebs s\u00eb tij, at\u00eb t\u00eb emigrimit dhe azilit n\u00eb Franc\u00eb. Ai tregoi se sfida m\u00eb e madhe nuk ishte mungesa e strehimit, por dokumentacioni dhe pritja e [&hellip;]<\/p>\n","protected":false},"author":2,"featured_media":64850,"comment_status":"open","ping_status":"open","sticky":false,"template":"","format":"standard","meta":{"footnotes":""},"categories":[33],"tags":[],"class_list":{"0":"post-64851","1":"post","2":"type-post","3":"status-publish","4":"format-standard","5":"has-post-thumbnail","7":"category-showbiz"},"yoast_head":"<!-- This site is optimized with the Yoast SEO plugin v27.4 - https:\/\/yoast.com\/product\/yoast-seo-wordpress\/ -->\n<title>\u201cPas lindjes s\u00eb vajz\u00ebs m\u00eb vun\u00eb prangat\u2026\u201d\/ Rr\u00ebfimi trondit\u00ebs i Senos - blogin.al<\/title>\n<meta name=\"robots\" content=\"index, follow, max-snippet:-1, max-image-preview:large, max-video-preview:-1\" \/>\n<link rel=\"canonical\" href=\"https:\/\/blogin.al\/?p=64851\" \/>\n<meta property=\"og:locale\" content=\"en_US\" \/>\n<meta property=\"og:type\" content=\"article\" \/>\n<meta property=\"og:title\" content=\"\u201cPas lindjes s\u00eb vajz\u00ebs m\u00eb vun\u00eb prangat\u2026\u201d\/ Rr\u00ebfimi trondit\u00ebs i Senos - blogin.al\" \/>\n<meta property=\"og:description\" content=\"Ish-banori i \u201cBig Brother VIP 5\u201d, Seno Fishta, ishte diten e sotme i ftuar n\u00eb emisionin \u201cS\u2019e Luan Topi\u201d, ku rr\u00ebfeu nj\u00eb nga periudhat m\u00eb t\u00eb v\u00ebshtira t\u00eb jet\u00ebs s\u00eb tij, at\u00eb t\u00eb emigrimit dhe azilit n\u00eb Franc\u00eb. Ai tregoi se sfida m\u00eb e madhe nuk ishte mungesa e strehimit, por dokumentacioni dhe pritja e [&hellip;]\" \/>\n<meta property=\"og:url\" content=\"https:\/\/blogin.al\/?p=64851\" \/>\n<meta property=\"og:site_name\" content=\"blogin.al\" \/>\n<meta property=\"article:published_time\" content=\"2026-01-25T06:58:17+00:00\" \/>\n<meta property=\"article:modified_time\" content=\"2026-01-25T06:58:33+00:00\" \/>\n<meta property=\"og:image\" content=\"https:\/\/blogin.al\/wp-content\/uploads\/2026\/01\/Screenshot_20260125_075717.jpg\" \/>\n\t<meta property=\"og:image:width\" content=\"990\" \/>\n\t<meta property=\"og:image:height\" content=\"530\" \/>\n\t<meta property=\"og:image:type\" content=\"image\/jpeg\" \/>\n<meta name=\"author\" content=\"Blogin al\" \/>\n<meta name=\"twitter:card\" content=\"summary_large_image\" \/>\n<meta name=\"twitter:label1\" content=\"Written by\" \/>\n\t<meta name=\"twitter:data1\" content=\"Blogin al\" \/>\n\t<meta name=\"twitter:label2\" content=\"Est. reading time\" \/>\n\t<meta name=\"twitter:data2\" content=\"2 minutes\" \/>\n<script type=\"application\/ld+json\" class=\"yoast-schema-graph\">{\"@context\":\"https:\\\/\\\/schema.org\",\"@graph\":[{\"@type\":\"Article\",\"@id\":\"https:\\\/\\\/blogin.al\\\/?p=64851#article\",\"isPartOf\":{\"@id\":\"https:\\\/\\\/blogin.al\\\/?p=64851\"},\"author\":{\"name\":\"Blogin al\",\"@id\":\"https:\\\/\\\/blogin.al\\\/#\\\/schema\\\/person\\\/abdd56bc912cd511db877b852b115399\"},\"headline\":\"\u201cPas lindjes s\u00eb vajz\u00ebs m\u00eb vun\u00eb prangat\u2026\u201d\\\/ Rr\u00ebfimi trondit\u00ebs i Senos\",\"datePublished\":\"2026-01-25T06:58:17+00:00\",\"dateModified\":\"2026-01-25T06:58:33+00:00\",\"mainEntityOfPage\":{\"@id\":\"https:\\\/\\\/blogin.al\\\/?p=64851\"},\"wordCount\":474,\"commentCount\":0,\"publisher\":{\"@id\":\"https:\\\/\\\/blogin.al\\\/#organization\"},\"image\":{\"@id\":\"https:\\\/\\\/blogin.al\\\/?p=64851#primaryimage\"},\"thumbnailUrl\":\"https:\\\/\\\/blogin.al\\\/wp-content\\\/uploads\\\/2026\\\/01\\\/Screenshot_20260125_075717.jpg\",\"articleSection\":[\"SHOWBIZ\"],\"inLanguage\":\"en-US\",\"potentialAction\":[{\"@type\":\"CommentAction\",\"name\":\"Comment\",\"target\":[\"https:\\\/\\\/blogin.al\\\/?p=64851#respond\"]}]},{\"@type\":\"WebPage\",\"@id\":\"https:\\\/\\\/blogin.al\\\/?p=64851\",\"url\":\"https:\\\/\\\/blogin.al\\\/?p=64851\",\"name\":\"\u201cPas lindjes s\u00eb vajz\u00ebs m\u00eb vun\u00eb prangat\u2026\u201d\\\/ Rr\u00ebfimi trondit\u00ebs i Senos - blogin.al\",\"isPartOf\":{\"@id\":\"https:\\\/\\\/blogin.al\\\/#website\"},\"primaryImageOfPage\":{\"@id\":\"https:\\\/\\\/blogin.al\\\/?p=64851#primaryimage\"},\"image\":{\"@id\":\"https:\\\/\\\/blogin.al\\\/?p=64851#primaryimage\"},\"thumbnailUrl\":\"https:\\\/\\\/blogin.al\\\/wp-content\\\/uploads\\\/2026\\\/01\\\/Screenshot_20260125_075717.jpg\",\"datePublished\":\"2026-01-25T06:58:17+00:00\",\"dateModified\":\"2026-01-25T06:58:33+00:00\",\"breadcrumb\":{\"@id\":\"https:\\\/\\\/blogin.al\\\/?p=64851#breadcrumb\"},\"inLanguage\":\"en-US\",\"potentialAction\":[{\"@type\":\"ReadAction\",\"target\":[\"https:\\\/\\\/blogin.al\\\/?p=64851\"]}]},{\"@type\":\"ImageObject\",\"inLanguage\":\"en-US\",\"@id\":\"https:\\\/\\\/blogin.al\\\/?p=64851#primaryimage\",\"url\":\"https:\\\/\\\/blogin.al\\\/wp-content\\\/uploads\\\/2026\\\/01\\\/Screenshot_20260125_075717.jpg\",\"contentUrl\":\"https:\\\/\\\/blogin.al\\\/wp-content\\\/uploads\\\/2026\\\/01\\\/Screenshot_20260125_075717.jpg\",\"width\":990,\"height\":530},{\"@type\":\"BreadcrumbList\",\"@id\":\"https:\\\/\\\/blogin.al\\\/?p=64851#breadcrumb\",\"itemListElement\":[{\"@type\":\"ListItem\",\"position\":1,\"name\":\"Home\",\"item\":\"https:\\\/\\\/blogin.al\\\/\"},{\"@type\":\"ListItem\",\"position\":2,\"name\":\"\u201cPas lindjes s\u00eb vajz\u00ebs m\u00eb vun\u00eb prangat\u2026\u201d\\\/ Rr\u00ebfimi trondit\u00ebs i Senos\"}]},{\"@type\":\"WebSite\",\"@id\":\"https:\\\/\\\/blogin.al\\\/#website\",\"url\":\"https:\\\/\\\/blogin.al\\\/\",\"name\":\"blogin.al\",\"description\":\"\",\"publisher\":{\"@id\":\"https:\\\/\\\/blogin.al\\\/#organization\"},\"potentialAction\":[{\"@type\":\"SearchAction\",\"target\":{\"@type\":\"EntryPoint\",\"urlTemplate\":\"https:\\\/\\\/blogin.al\\\/?s={search_term_string}\"},\"query-input\":{\"@type\":\"PropertyValueSpecification\",\"valueRequired\":true,\"valueName\":\"search_term_string\"}}],\"inLanguage\":\"en-US\"},{\"@type\":\"Organization\",\"@id\":\"https:\\\/\\\/blogin.al\\\/#organization\",\"name\":\"BLOGIN.al\",\"url\":\"https:\\\/\\\/blogin.al\\\/\",\"logo\":{\"@type\":\"ImageObject\",\"inLanguage\":\"en-US\",\"@id\":\"https:\\\/\\\/blogin.al\\\/#\\\/schema\\\/logo\\\/image\\\/\",\"url\":\"https:\\\/\\\/blogin.al\\\/wp-content\\\/uploads\\\/2022\\\/05\\\/Untitled-2-01-e1652084456514.png\",\"contentUrl\":\"https:\\\/\\\/blogin.al\\\/wp-content\\\/uploads\\\/2022\\\/05\\\/Untitled-2-01-e1652084456514.png\",\"width\":3723,\"height\":1698,\"caption\":\"BLOGIN.al\"},\"image\":{\"@id\":\"https:\\\/\\\/blogin.al\\\/#\\\/schema\\\/logo\\\/image\\\/\"},\"sameAs\":[\"https:\\\/\\\/instagram.com\\\/blogin.al\\\/\"]},{\"@type\":\"Person\",\"@id\":\"https:\\\/\\\/blogin.al\\\/#\\\/schema\\\/person\\\/abdd56bc912cd511db877b852b115399\",\"name\":\"Blogin al\",\"image\":{\"@type\":\"ImageObject\",\"inLanguage\":\"en-US\",\"@id\":\"https:\\\/\\\/secure.gravatar.com\\\/avatar\\\/60d5661aee6e835fb13dc75d2204cd0c1d61bef2efd137c0083e59ef831e235e?s=96&d=mm&r=g\",\"url\":\"https:\\\/\\\/secure.gravatar.com\\\/avatar\\\/60d5661aee6e835fb13dc75d2204cd0c1d61bef2efd137c0083e59ef831e235e?s=96&d=mm&r=g\",\"contentUrl\":\"https:\\\/\\\/secure.gravatar.com\\\/avatar\\\/60d5661aee6e835fb13dc75d2204cd0c1d61bef2efd137c0083e59ef831e235e?s=96&d=mm&r=g\",\"caption\":\"Blogin al\"},\"sameAs\":[\"https:\\\/\\\/blogin.al\"],\"url\":\"https:\\\/\\\/blogin.al\\\/?author=2\"}]}<\/script>\n<!-- \/ Yoast SEO plugin. -->","yoast_head_json":{"title":"\u201cPas lindjes s\u00eb vajz\u00ebs m\u00eb vun\u00eb prangat\u2026\u201d\/ Rr\u00ebfimi trondit\u00ebs i Senos - blogin.al","robots":{"index":"index","follow":"follow","max-snippet":"max-snippet:-1","max-image-preview":"max-image-preview:large","max-video-preview":"max-video-preview:-1"},"canonical":"https:\/\/blogin.al\/?p=64851","og_locale":"en_US","og_type":"article","og_title":"\u201cPas lindjes s\u00eb vajz\u00ebs m\u00eb vun\u00eb prangat\u2026\u201d\/ Rr\u00ebfimi trondit\u00ebs i Senos - blogin.al","og_description":"Ish-banori i \u201cBig Brother VIP 5\u201d, Seno Fishta, ishte diten e sotme i ftuar n\u00eb emisionin \u201cS\u2019e Luan Topi\u201d, ku rr\u00ebfeu nj\u00eb nga periudhat m\u00eb t\u00eb v\u00ebshtira t\u00eb jet\u00ebs s\u00eb tij, at\u00eb t\u00eb emigrimit dhe azilit n\u00eb Franc\u00eb. Ai tregoi se sfida m\u00eb e madhe nuk ishte mungesa e strehimit, por dokumentacioni dhe pritja e [&hellip;]","og_url":"https:\/\/blogin.al\/?p=64851","og_site_name":"blogin.al","article_published_time":"2026-01-25T06:58:17+00:00","article_modified_time":"2026-01-25T06:58:33+00:00","og_image":[{"width":990,"height":530,"url":"https:\/\/blogin.al\/wp-content\/uploads\/2026\/01\/Screenshot_20260125_075717.jpg","type":"image\/jpeg"}],"author":"Blogin al","twitter_card":"summary_large_image","twitter_misc":{"Written by":"Blogin al","Est. reading time":"2 minutes"},"schema":{"@context":"https:\/\/schema.org","@graph":[{"@type":"Article","@id":"https:\/\/blogin.al\/?p=64851#article","isPartOf":{"@id":"https:\/\/blogin.al\/?p=64851"},"author":{"name":"Blogin al","@id":"https:\/\/blogin.al\/#\/schema\/person\/abdd56bc912cd511db877b852b115399"},"headline":"\u201cPas lindjes s\u00eb vajz\u00ebs m\u00eb vun\u00eb prangat\u2026\u201d\/ Rr\u00ebfimi trondit\u00ebs i Senos","datePublished":"2026-01-25T06:58:17+00:00","dateModified":"2026-01-25T06:58:33+00:00","mainEntityOfPage":{"@id":"https:\/\/blogin.al\/?p=64851"},"wordCount":474,"commentCount":0,"publisher":{"@id":"https:\/\/blogin.al\/#organization"},"image":{"@id":"https:\/\/blogin.al\/?p=64851#primaryimage"},"thumbnailUrl":"https:\/\/blogin.al\/wp-content\/uploads\/2026\/01\/Screenshot_20260125_075717.jpg","articleSection":["SHOWBIZ"],"inLanguage":"en-US","potentialAction":[{"@type":"CommentAction","name":"Comment","target":["https:\/\/blogin.al\/?p=64851#respond"]}]},{"@type":"WebPage","@id":"https:\/\/blogin.al\/?p=64851","url":"https:\/\/blogin.al\/?p=64851","name":"\u201cPas lindjes s\u00eb vajz\u00ebs m\u00eb vun\u00eb prangat\u2026\u201d\/ Rr\u00ebfimi trondit\u00ebs i Senos - blogin.al","isPartOf":{"@id":"https:\/\/blogin.al\/#website"},"primaryImageOfPage":{"@id":"https:\/\/blogin.al\/?p=64851#primaryimage"},"image":{"@id":"https:\/\/blogin.al\/?p=64851#primaryimage"},"thumbnailUrl":"https:\/\/blogin.al\/wp-content\/uploads\/2026\/01\/Screenshot_20260125_075717.jpg","datePublished":"2026-01-25T06:58:17+00:00","dateModified":"2026-01-25T06:58:33+00:00","breadcrumb":{"@id":"https:\/\/blogin.al\/?p=64851#breadcrumb"},"inLanguage":"en-US","potentialAction":[{"@type":"ReadAction","target":["https:\/\/blogin.al\/?p=64851"]}]},{"@type":"ImageObject","inLanguage":"en-US","@id":"https:\/\/blogin.al\/?p=64851#primaryimage","url":"https:\/\/blogin.al\/wp-content\/uploads\/2026\/01\/Screenshot_20260125_075717.jpg","contentUrl":"https:\/\/blogin.al\/wp-content\/uploads\/2026\/01\/Screenshot_20260125_075717.jpg","width":990,"height":530},{"@type":"BreadcrumbList","@id":"https:\/\/blogin.al\/?p=64851#breadcrumb","itemListElement":[{"@type":"ListItem","position":1,"name":"Home","item":"https:\/\/blogin.al\/"},{"@type":"ListItem","position":2,"name":"\u201cPas lindjes s\u00eb vajz\u00ebs m\u00eb vun\u00eb prangat\u2026\u201d\/ Rr\u00ebfimi trondit\u00ebs i Senos"}]},{"@type":"WebSite","@id":"https:\/\/blogin.al\/#website","url":"https:\/\/blogin.al\/","name":"blogin.al","description":"","publisher":{"@id":"https:\/\/blogin.al\/#organization"},"potentialAction":[{"@type":"SearchAction","target":{"@type":"EntryPoint","urlTemplate":"https:\/\/blogin.al\/?s={search_term_string}"},"query-input":{"@type":"PropertyValueSpecification","valueRequired":true,"valueName":"search_term_string"}}],"inLanguage":"en-US"},{"@type":"Organization","@id":"https:\/\/blogin.al\/#organization","name":"BLOGIN.al","url":"https:\/\/blogin.al\/","logo":{"@type":"ImageObject","inLanguage":"en-US","@id":"https:\/\/blogin.al\/#\/schema\/logo\/image\/","url":"https:\/\/blogin.al\/wp-content\/uploads\/2022\/05\/Untitled-2-01-e1652084456514.png","contentUrl":"https:\/\/blogin.al\/wp-content\/uploads\/2022\/05\/Untitled-2-01-e1652084456514.png","width":3723,"height":1698,"caption":"BLOGIN.al"},"image":{"@id":"https:\/\/blogin.al\/#\/schema\/logo\/image\/"},"sameAs":["https:\/\/instagram.com\/blogin.al\/"]},{"@type":"Person","@id":"https:\/\/blogin.al\/#\/schema\/person\/abdd56bc912cd511db877b852b115399","name":"Blogin al","image":{"@type":"ImageObject","inLanguage":"en-US","@id":"https:\/\/secure.gravatar.com\/avatar\/60d5661aee6e835fb13dc75d2204cd0c1d61bef2efd137c0083e59ef831e235e?s=96&d=mm&r=g","url":"https:\/\/secure.gravatar.com\/avatar\/60d5661aee6e835fb13dc75d2204cd0c1d61bef2efd137c0083e59ef831e235e?s=96&d=mm&r=g","contentUrl":"https:\/\/secure.gravatar.com\/avatar\/60d5661aee6e835fb13dc75d2204cd0c1d61bef2efd137c0083e59ef831e235e?s=96&d=mm&r=g","caption":"Blogin al"},"sameAs":["https:\/\/blogin.al"],"url":"https:\/\/blogin.al\/?author=2"}]}},"_links":{"self":[{"href":"https:\/\/blogin.al\/index.php?rest_route=\/wp\/v2\/posts\/64851","targetHints":{"allow":["GET"]}}],"collection":[{"href":"https:\/\/blogin.al\/index.php?rest_route=\/wp\/v2\/posts"}],"about":[{"href":"https:\/\/blogin.al\/index.php?rest_route=\/wp\/v2\/types\/post"}],"author":[{"embeddable":true,"href":"https:\/\/blogin.al\/index.php?rest_route=\/wp\/v2\/users\/2"}],"replies":[{"embeddable":true,"href":"https:\/\/blogin.al\/index.php?rest_route=%2Fwp%2Fv2%2Fcomments&post=64851"}],"version-history":[{"count":1,"href":"https:\/\/blogin.al\/index.php?rest_route=\/wp\/v2\/posts\/64851\/revisions"}],"predecessor-version":[{"id":64852,"href":"https:\/\/blogin.al\/index.php?rest_route=\/wp\/v2\/posts\/64851\/revisions\/64852"}],"wp:featuredmedia":[{"embeddable":true,"href":"https:\/\/blogin.al\/index.php?rest_route=\/wp\/v2\/media\/64850"}],"wp:attachment":[{"href":"https:\/\/blogin.al\/index.php?rest_route=%2Fwp%2Fv2%2Fmedia&parent=64851"}],"wp:term":[{"taxonomy":"category","embeddable":true,"href":"https:\/\/blogin.al\/index.php?rest_route=%2Fwp%2Fv2%2Fcategories&post=64851"},{"taxonomy":"post_tag","embeddable":true,"href":"https:\/\/blogin.al\/index.php?rest_route=%2Fwp%2Fv2%2Ftags&post=64851"}],"curies":[{"name":"wp","href":"https:\/\/api.w.org\/{rel}","templated":true}]}}