{"id":65317,"date":"2026-03-12T06:51:25","date_gmt":"2026-03-12T06:51:25","guid":{"rendered":"https:\/\/blogin.al\/?p=65317"},"modified":"2026-03-12T06:52:39","modified_gmt":"2026-03-12T06:52:39","slug":"prokuroria-jep-detaje-per-arrestimin-e-gjestit-dyshohet-per-tri-vepra-penale","status":"publish","type":"post","link":"https:\/\/blogin.al\/?p=65317","title":{"rendered":"Prokuroria jep detaje p\u00ebr arrestimin e Gjestit, dyshohet p\u00ebr tri vepra penale"},"content":{"rendered":"<p>Prokuroria Themelore n\u00eb Prishtin\u00eb ka njoftuar se me urdh\u00ebr t\u00eb Prokurorit Kujdestar \u00ebsht\u00eb ndaluar p\u00ebr 48 or\u00eb k\u00ebng\u00ebtari i njohur si Gjesti, emri i v\u00ebrtet\u00eb i t\u00eb cilit \u00ebsht\u00eb Besart Kelmendi.<\/p>\n<p>Sipas njoftimit zyrtar, ndalimi \u00ebsht\u00eb b\u00ebr\u00eb p\u00ebr shkak t\u00eb dyshimit t\u00eb bazuar se i nj\u00ebjti ka kryer disa vepra penale, p\u00ebrfshir\u00eb mbajtje n\u00eb pron\u00ebsi, kontroll ose posedim t\u00eb paautorizuar t\u00eb arm\u00ebve, sipas nenit 366 t\u00eb Kodi Penal i Kosov\u00ebs, si dhe veprat penale kanosje (neni 181) dhe asgj\u00ebsim apo d\u00ebmtim i pasuris\u00eb (neni 321).<\/p>\n<p>Prokuroria ka b\u00ebr\u00eb t\u00eb ditur se Policia e Kosov\u00ebs, n\u00eb koordinim me Prokurorin e Shtetit, \u00ebsht\u00eb duke nd\u00ebrmarr\u00eb t\u00eb gjitha veprimet e nevojshme hetimore dhe procedurale p\u00ebr zbardhjen e plot\u00eb t\u00eb rastit.<\/p>\n<p>\u201cP\u00ebr shkak t\u00eb faz\u00ebs s\u00eb hershme t\u00eb procedur\u00ebs hetimore dhe me q\u00ebllim t\u00eb ruajtjes s\u00eb integritetit t\u00eb hetimeve, n\u00eb k\u00ebt\u00eb faz\u00eb nuk mund t\u00eb ofrohen detaje shtes\u00eb lidhur me rastin\u201d, thuhet n\u00eb njoftimin e Prokuroris\u00eb.<\/p>\n<p>Prokuroria Themelore n\u00eb Prishtin\u00eb ka theksuar se brenda afateve ligjore do t\u00eb nd\u00ebrmerren veprimet procedurale t\u00eb nevojshme dhe do t\u00eb vendoset p\u00ebr masat e m\u00ebtejshme, n\u00eb p\u00ebrputhje me Kodi i Procedur\u00ebs Penale i Republik\u00ebs s\u00eb Kosov\u00ebs.<\/p>\n","protected":false},"excerpt":{"rendered":"<p>Prokuroria Themelore n\u00eb Prishtin\u00eb ka njoftuar se me urdh\u00ebr t\u00eb Prokurorit Kujdestar \u00ebsht\u00eb ndaluar p\u00ebr 48 or\u00eb k\u00ebng\u00ebtari i njohur si Gjesti, emri i v\u00ebrtet\u00eb i t\u00eb cilit \u00ebsht\u00eb Besart Kelmendi. Sipas njoftimit zyrtar, ndalimi \u00ebsht\u00eb b\u00ebr\u00eb p\u00ebr shkak t\u00eb dyshimit t\u00eb bazuar se i nj\u00ebjti ka kryer disa vepra penale, p\u00ebrfshir\u00eb mbajtje n\u00eb pron\u00ebsi, [&hellip;]<\/p>\n","protected":false},"author":2,"featured_media":65316,"comment_status":"open","ping_status":"open","sticky":false,"template":"","format":"standard","meta":{"footnotes":""},"categories":[33],"tags":[],"class_list":{"0":"post-65317","1":"post","2":"type-post","3":"status-publish","4":"format-standard","5":"has-post-thumbnail","7":"category-showbiz"},"yoast_head":"<!-- This site is optimized with the Yoast SEO plugin v27.4 - https:\/\/yoast.com\/product\/yoast-seo-wordpress\/ -->\n<title>Prokuroria jep detaje p\u00ebr arrestimin e Gjestit, dyshohet p\u00ebr tri vepra penale - blogin.al<\/title>\n<meta name=\"robots\" content=\"index, follow, max-snippet:-1, max-image-preview:large, max-video-preview:-1\" \/>\n<link rel=\"canonical\" href=\"https:\/\/blogin.al\/?p=65317\" \/>\n<meta property=\"og:locale\" content=\"en_US\" \/>\n<meta property=\"og:type\" content=\"article\" \/>\n<meta property=\"og:title\" content=\"Prokuroria jep detaje p\u00ebr arrestimin e Gjestit, dyshohet p\u00ebr tri vepra penale - blogin.al\" \/>\n<meta property=\"og:description\" content=\"Prokuroria Themelore n\u00eb Prishtin\u00eb ka njoftuar se me urdh\u00ebr t\u00eb Prokurorit Kujdestar \u00ebsht\u00eb ndaluar p\u00ebr 48 or\u00eb k\u00ebng\u00ebtari i njohur si Gjesti, emri i v\u00ebrtet\u00eb i t\u00eb cilit \u00ebsht\u00eb Besart Kelmendi. Sipas njoftimit zyrtar, ndalimi \u00ebsht\u00eb b\u00ebr\u00eb p\u00ebr shkak t\u00eb dyshimit t\u00eb bazuar se i nj\u00ebjti ka kryer disa vepra penale, p\u00ebrfshir\u00eb mbajtje n\u00eb pron\u00ebsi, [&hellip;]\" \/>\n<meta property=\"og:url\" content=\"https:\/\/blogin.al\/?p=65317\" \/>\n<meta property=\"og:site_name\" content=\"blogin.al\" \/>\n<meta property=\"article:published_time\" content=\"2026-03-12T06:51:25+00:00\" \/>\n<meta property=\"article:modified_time\" content=\"2026-03-12T06:52:39+00:00\" \/>\n<meta property=\"og:image\" content=\"https:\/\/blogin.al\/wp-content\/uploads\/2026\/03\/Screenshot_20260312_075043_Chrome.jpg\" \/>\n\t<meta property=\"og:image:width\" content=\"933\" \/>\n\t<meta property=\"og:image:height\" content=\"714\" \/>\n\t<meta property=\"og:image:type\" content=\"image\/jpeg\" \/>\n<meta name=\"author\" content=\"Blogin al\" \/>\n<meta name=\"twitter:card\" content=\"summary_large_image\" \/>\n<meta name=\"twitter:label1\" content=\"Written by\" \/>\n\t<meta name=\"twitter:data1\" content=\"Blogin al\" \/>\n\t<meta name=\"twitter:label2\" content=\"Est. reading time\" \/>\n\t<meta name=\"twitter:data2\" content=\"1 minute\" \/>\n<script type=\"application\/ld+json\" class=\"yoast-schema-graph\">{\"@context\":\"https:\\\/\\\/schema.org\",\"@graph\":[{\"@type\":\"Article\",\"@id\":\"https:\\\/\\\/blogin.al\\\/?p=65317#article\",\"isPartOf\":{\"@id\":\"https:\\\/\\\/blogin.al\\\/?p=65317\"},\"author\":{\"name\":\"Blogin al\",\"@id\":\"https:\\\/\\\/blogin.al\\\/#\\\/schema\\\/person\\\/abdd56bc912cd511db877b852b115399\"},\"headline\":\"Prokuroria jep detaje p\u00ebr arrestimin e Gjestit, dyshohet p\u00ebr tri vepra penale\",\"datePublished\":\"2026-03-12T06:51:25+00:00\",\"dateModified\":\"2026-03-12T06:52:39+00:00\",\"mainEntityOfPage\":{\"@id\":\"https:\\\/\\\/blogin.al\\\/?p=65317\"},\"wordCount\":228,\"commentCount\":0,\"publisher\":{\"@id\":\"https:\\\/\\\/blogin.al\\\/#organization\"},\"image\":{\"@id\":\"https:\\\/\\\/blogin.al\\\/?p=65317#primaryimage\"},\"thumbnailUrl\":\"https:\\\/\\\/blogin.al\\\/wp-content\\\/uploads\\\/2026\\\/03\\\/Screenshot_20260312_075043_Chrome.jpg\",\"articleSection\":[\"SHOWBIZ\"],\"inLanguage\":\"en-US\",\"potentialAction\":[{\"@type\":\"CommentAction\",\"name\":\"Comment\",\"target\":[\"https:\\\/\\\/blogin.al\\\/?p=65317#respond\"]}]},{\"@type\":\"WebPage\",\"@id\":\"https:\\\/\\\/blogin.al\\\/?p=65317\",\"url\":\"https:\\\/\\\/blogin.al\\\/?p=65317\",\"name\":\"Prokuroria jep detaje p\u00ebr arrestimin e Gjestit, dyshohet p\u00ebr tri vepra penale - blogin.al\",\"isPartOf\":{\"@id\":\"https:\\\/\\\/blogin.al\\\/#website\"},\"primaryImageOfPage\":{\"@id\":\"https:\\\/\\\/blogin.al\\\/?p=65317#primaryimage\"},\"image\":{\"@id\":\"https:\\\/\\\/blogin.al\\\/?p=65317#primaryimage\"},\"thumbnailUrl\":\"https:\\\/\\\/blogin.al\\\/wp-content\\\/uploads\\\/2026\\\/03\\\/Screenshot_20260312_075043_Chrome.jpg\",\"datePublished\":\"2026-03-12T06:51:25+00:00\",\"dateModified\":\"2026-03-12T06:52:39+00:00\",\"breadcrumb\":{\"@id\":\"https:\\\/\\\/blogin.al\\\/?p=65317#breadcrumb\"},\"inLanguage\":\"en-US\",\"potentialAction\":[{\"@type\":\"ReadAction\",\"target\":[\"https:\\\/\\\/blogin.al\\\/?p=65317\"]}]},{\"@type\":\"ImageObject\",\"inLanguage\":\"en-US\",\"@id\":\"https:\\\/\\\/blogin.al\\\/?p=65317#primaryimage\",\"url\":\"https:\\\/\\\/blogin.al\\\/wp-content\\\/uploads\\\/2026\\\/03\\\/Screenshot_20260312_075043_Chrome.jpg\",\"contentUrl\":\"https:\\\/\\\/blogin.al\\\/wp-content\\\/uploads\\\/2026\\\/03\\\/Screenshot_20260312_075043_Chrome.jpg\",\"width\":933,\"height\":714},{\"@type\":\"BreadcrumbList\",\"@id\":\"https:\\\/\\\/blogin.al\\\/?p=65317#breadcrumb\",\"itemListElement\":[{\"@type\":\"ListItem\",\"position\":1,\"name\":\"Home\",\"item\":\"https:\\\/\\\/blogin.al\\\/\"},{\"@type\":\"ListItem\",\"position\":2,\"name\":\"Prokuroria jep detaje p\u00ebr arrestimin e Gjestit, dyshohet p\u00ebr tri vepra penale\"}]},{\"@type\":\"WebSite\",\"@id\":\"https:\\\/\\\/blogin.al\\\/#website\",\"url\":\"https:\\\/\\\/blogin.al\\\/\",\"name\":\"blogin.al\",\"description\":\"\",\"publisher\":{\"@id\":\"https:\\\/\\\/blogin.al\\\/#organization\"},\"potentialAction\":[{\"@type\":\"SearchAction\",\"target\":{\"@type\":\"EntryPoint\",\"urlTemplate\":\"https:\\\/\\\/blogin.al\\\/?s={search_term_string}\"},\"query-input\":{\"@type\":\"PropertyValueSpecification\",\"valueRequired\":true,\"valueName\":\"search_term_string\"}}],\"inLanguage\":\"en-US\"},{\"@type\":\"Organization\",\"@id\":\"https:\\\/\\\/blogin.al\\\/#organization\",\"name\":\"BLOGIN.al\",\"url\":\"https:\\\/\\\/blogin.al\\\/\",\"logo\":{\"@type\":\"ImageObject\",\"inLanguage\":\"en-US\",\"@id\":\"https:\\\/\\\/blogin.al\\\/#\\\/schema\\\/logo\\\/image\\\/\",\"url\":\"https:\\\/\\\/blogin.al\\\/wp-content\\\/uploads\\\/2022\\\/05\\\/Untitled-2-01-e1652084456514.png\",\"contentUrl\":\"https:\\\/\\\/blogin.al\\\/wp-content\\\/uploads\\\/2022\\\/05\\\/Untitled-2-01-e1652084456514.png\",\"width\":3723,\"height\":1698,\"caption\":\"BLOGIN.al\"},\"image\":{\"@id\":\"https:\\\/\\\/blogin.al\\\/#\\\/schema\\\/logo\\\/image\\\/\"},\"sameAs\":[\"https:\\\/\\\/instagram.com\\\/blogin.al\\\/\"]},{\"@type\":\"Person\",\"@id\":\"https:\\\/\\\/blogin.al\\\/#\\\/schema\\\/person\\\/abdd56bc912cd511db877b852b115399\",\"name\":\"Blogin al\",\"image\":{\"@type\":\"ImageObject\",\"inLanguage\":\"en-US\",\"@id\":\"https:\\\/\\\/secure.gravatar.com\\\/avatar\\\/60d5661aee6e835fb13dc75d2204cd0c1d61bef2efd137c0083e59ef831e235e?s=96&d=mm&r=g\",\"url\":\"https:\\\/\\\/secure.gravatar.com\\\/avatar\\\/60d5661aee6e835fb13dc75d2204cd0c1d61bef2efd137c0083e59ef831e235e?s=96&d=mm&r=g\",\"contentUrl\":\"https:\\\/\\\/secure.gravatar.com\\\/avatar\\\/60d5661aee6e835fb13dc75d2204cd0c1d61bef2efd137c0083e59ef831e235e?s=96&d=mm&r=g\",\"caption\":\"Blogin al\"},\"sameAs\":[\"https:\\\/\\\/blogin.al\"],\"url\":\"https:\\\/\\\/blogin.al\\\/?author=2\"}]}<\/script>\n<!-- \/ Yoast SEO plugin. -->","yoast_head_json":{"title":"Prokuroria jep detaje p\u00ebr arrestimin e Gjestit, dyshohet p\u00ebr tri vepra penale - blogin.al","robots":{"index":"index","follow":"follow","max-snippet":"max-snippet:-1","max-image-preview":"max-image-preview:large","max-video-preview":"max-video-preview:-1"},"canonical":"https:\/\/blogin.al\/?p=65317","og_locale":"en_US","og_type":"article","og_title":"Prokuroria jep detaje p\u00ebr arrestimin e Gjestit, dyshohet p\u00ebr tri vepra penale - blogin.al","og_description":"Prokuroria Themelore n\u00eb Prishtin\u00eb ka njoftuar se me urdh\u00ebr t\u00eb Prokurorit Kujdestar \u00ebsht\u00eb ndaluar p\u00ebr 48 or\u00eb k\u00ebng\u00ebtari i njohur si Gjesti, emri i v\u00ebrtet\u00eb i t\u00eb cilit \u00ebsht\u00eb Besart Kelmendi. Sipas njoftimit zyrtar, ndalimi \u00ebsht\u00eb b\u00ebr\u00eb p\u00ebr shkak t\u00eb dyshimit t\u00eb bazuar se i nj\u00ebjti ka kryer disa vepra penale, p\u00ebrfshir\u00eb mbajtje n\u00eb pron\u00ebsi, [&hellip;]","og_url":"https:\/\/blogin.al\/?p=65317","og_site_name":"blogin.al","article_published_time":"2026-03-12T06:51:25+00:00","article_modified_time":"2026-03-12T06:52:39+00:00","og_image":[{"width":933,"height":714,"url":"https:\/\/blogin.al\/wp-content\/uploads\/2026\/03\/Screenshot_20260312_075043_Chrome.jpg","type":"image\/jpeg"}],"author":"Blogin al","twitter_card":"summary_large_image","twitter_misc":{"Written by":"Blogin al","Est. reading time":"1 minute"},"schema":{"@context":"https:\/\/schema.org","@graph":[{"@type":"Article","@id":"https:\/\/blogin.al\/?p=65317#article","isPartOf":{"@id":"https:\/\/blogin.al\/?p=65317"},"author":{"name":"Blogin al","@id":"https:\/\/blogin.al\/#\/schema\/person\/abdd56bc912cd511db877b852b115399"},"headline":"Prokuroria jep detaje p\u00ebr arrestimin e Gjestit, dyshohet p\u00ebr tri vepra penale","datePublished":"2026-03-12T06:51:25+00:00","dateModified":"2026-03-12T06:52:39+00:00","mainEntityOfPage":{"@id":"https:\/\/blogin.al\/?p=65317"},"wordCount":228,"commentCount":0,"publisher":{"@id":"https:\/\/blogin.al\/#organization"},"image":{"@id":"https:\/\/blogin.al\/?p=65317#primaryimage"},"thumbnailUrl":"https:\/\/blogin.al\/wp-content\/uploads\/2026\/03\/Screenshot_20260312_075043_Chrome.jpg","articleSection":["SHOWBIZ"],"inLanguage":"en-US","potentialAction":[{"@type":"CommentAction","name":"Comment","target":["https:\/\/blogin.al\/?p=65317#respond"]}]},{"@type":"WebPage","@id":"https:\/\/blogin.al\/?p=65317","url":"https:\/\/blogin.al\/?p=65317","name":"Prokuroria jep detaje p\u00ebr arrestimin e Gjestit, dyshohet p\u00ebr tri vepra penale - blogin.al","isPartOf":{"@id":"https:\/\/blogin.al\/#website"},"primaryImageOfPage":{"@id":"https:\/\/blogin.al\/?p=65317#primaryimage"},"image":{"@id":"https:\/\/blogin.al\/?p=65317#primaryimage"},"thumbnailUrl":"https:\/\/blogin.al\/wp-content\/uploads\/2026\/03\/Screenshot_20260312_075043_Chrome.jpg","datePublished":"2026-03-12T06:51:25+00:00","dateModified":"2026-03-12T06:52:39+00:00","breadcrumb":{"@id":"https:\/\/blogin.al\/?p=65317#breadcrumb"},"inLanguage":"en-US","potentialAction":[{"@type":"ReadAction","target":["https:\/\/blogin.al\/?p=65317"]}]},{"@type":"ImageObject","inLanguage":"en-US","@id":"https:\/\/blogin.al\/?p=65317#primaryimage","url":"https:\/\/blogin.al\/wp-content\/uploads\/2026\/03\/Screenshot_20260312_075043_Chrome.jpg","contentUrl":"https:\/\/blogin.al\/wp-content\/uploads\/2026\/03\/Screenshot_20260312_075043_Chrome.jpg","width":933,"height":714},{"@type":"BreadcrumbList","@id":"https:\/\/blogin.al\/?p=65317#breadcrumb","itemListElement":[{"@type":"ListItem","position":1,"name":"Home","item":"https:\/\/blogin.al\/"},{"@type":"ListItem","position":2,"name":"Prokuroria jep detaje p\u00ebr arrestimin e Gjestit, dyshohet p\u00ebr tri vepra penale"}]},{"@type":"WebSite","@id":"https:\/\/blogin.al\/#website","url":"https:\/\/blogin.al\/","name":"blogin.al","description":"","publisher":{"@id":"https:\/\/blogin.al\/#organization"},"potentialAction":[{"@type":"SearchAction","target":{"@type":"EntryPoint","urlTemplate":"https:\/\/blogin.al\/?s={search_term_string}"},"query-input":{"@type":"PropertyValueSpecification","valueRequired":true,"valueName":"search_term_string"}}],"inLanguage":"en-US"},{"@type":"Organization","@id":"https:\/\/blogin.al\/#organization","name":"BLOGIN.al","url":"https:\/\/blogin.al\/","logo":{"@type":"ImageObject","inLanguage":"en-US","@id":"https:\/\/blogin.al\/#\/schema\/logo\/image\/","url":"https:\/\/blogin.al\/wp-content\/uploads\/2022\/05\/Untitled-2-01-e1652084456514.png","contentUrl":"https:\/\/blogin.al\/wp-content\/uploads\/2022\/05\/Untitled-2-01-e1652084456514.png","width":3723,"height":1698,"caption":"BLOGIN.al"},"image":{"@id":"https:\/\/blogin.al\/#\/schema\/logo\/image\/"},"sameAs":["https:\/\/instagram.com\/blogin.al\/"]},{"@type":"Person","@id":"https:\/\/blogin.al\/#\/schema\/person\/abdd56bc912cd511db877b852b115399","name":"Blogin al","image":{"@type":"ImageObject","inLanguage":"en-US","@id":"https:\/\/secure.gravatar.com\/avatar\/60d5661aee6e835fb13dc75d2204cd0c1d61bef2efd137c0083e59ef831e235e?s=96&d=mm&r=g","url":"https:\/\/secure.gravatar.com\/avatar\/60d5661aee6e835fb13dc75d2204cd0c1d61bef2efd137c0083e59ef831e235e?s=96&d=mm&r=g","contentUrl":"https:\/\/secure.gravatar.com\/avatar\/60d5661aee6e835fb13dc75d2204cd0c1d61bef2efd137c0083e59ef831e235e?s=96&d=mm&r=g","caption":"Blogin al"},"sameAs":["https:\/\/blogin.al"],"url":"https:\/\/blogin.al\/?author=2"}]}},"_links":{"self":[{"href":"https:\/\/blogin.al\/index.php?rest_route=\/wp\/v2\/posts\/65317","targetHints":{"allow":["GET"]}}],"collection":[{"href":"https:\/\/blogin.al\/index.php?rest_route=\/wp\/v2\/posts"}],"about":[{"href":"https:\/\/blogin.al\/index.php?rest_route=\/wp\/v2\/types\/post"}],"author":[{"embeddable":true,"href":"https:\/\/blogin.al\/index.php?rest_route=\/wp\/v2\/users\/2"}],"replies":[{"embeddable":true,"href":"https:\/\/blogin.al\/index.php?rest_route=%2Fwp%2Fv2%2Fcomments&post=65317"}],"version-history":[{"count":1,"href":"https:\/\/blogin.al\/index.php?rest_route=\/wp\/v2\/posts\/65317\/revisions"}],"predecessor-version":[{"id":65318,"href":"https:\/\/blogin.al\/index.php?rest_route=\/wp\/v2\/posts\/65317\/revisions\/65318"}],"wp:featuredmedia":[{"embeddable":true,"href":"https:\/\/blogin.al\/index.php?rest_route=\/wp\/v2\/media\/65316"}],"wp:attachment":[{"href":"https:\/\/blogin.al\/index.php?rest_route=%2Fwp%2Fv2%2Fmedia&parent=65317"}],"wp:term":[{"taxonomy":"category","embeddable":true,"href":"https:\/\/blogin.al\/index.php?rest_route=%2Fwp%2Fv2%2Fcategories&post=65317"},{"taxonomy":"post_tag","embeddable":true,"href":"https:\/\/blogin.al\/index.php?rest_route=%2Fwp%2Fv2%2Ftags&post=65317"}],"curies":[{"name":"wp","href":"https:\/\/api.w.org\/{rel}","templated":true}]}}