{"id":65327,"date":"2026-03-12T07:05:00","date_gmt":"2026-03-12T07:05:00","guid":{"rendered":"https:\/\/blogin.al\/?p=65327"},"modified":"2026-03-12T07:05:11","modified_gmt":"2026-03-12T07:05:11","slug":"egli-tako-ne-lidhje-me-ish-banorin-e-big-brother","status":"publish","type":"post","link":"https:\/\/blogin.al\/?p=65327","title":{"rendered":"Egli Tako n\u00eb lidhje me ish-banorin e Big Brother?"},"content":{"rendered":"<p>Egli Tako duket se nuk gjen qet\u00ebsi nga syt\u00eb kureshtar\u00eb t\u00eb publikut dhe mediave roz\u00eb.<\/p>\n<p>Pasi hodhi posht\u00eb disa her\u00eb aludimet p\u00ebr romanca t\u00eb reja pas ndarjes s\u00eb saj t\u00eb bujshme nga k\u00ebng\u00ebtari Gjesti, nj\u00eb tjet\u00ebr thashethem i fort\u00eb ka pushtuar rrjetin.<\/p>\n<p>K\u00ebt\u00eb her\u00eb, fansat po dyshojn\u00eb se ajo ka nisur nj\u00eb lidhje me ish-banorin e \u201cBig Brother VIP Albania\u201d, Redon Beranin. E gjith\u00eb kjo zhurm\u00eb \u00ebsht\u00eb ndezur nga disa detaje q\u00eb ndjek\u00ebsit i kan\u00eb par\u00eb n\u00eb fotot e tyre.<\/p>\n<p>\u201cProvat\u201d e rrjetit lidhen me makin\u00ebn e Redonit. N\u00eb nj\u00ebr\u00ebn nga fotot, ai shfaqet duke pozuar pran\u00eb nj\u00eb fuoristrade t\u00eb zez\u00eb Mercedes G-Class.<\/p>\n<p>Nd\u00ebrkoh\u00eb, Egli ka publikuar imazhe pik\u00ebrisht pran\u00eb nj\u00eb makine t\u00eb till\u00eb t\u00eb zez\u00eb, si dhe nj\u00eb foto tjet\u00ebr mjaft provokuese ku shfaqet e ulur brenda nj\u00eb automjeti.<\/p>\n<p>P\u00ebr momentin, e gjitha mbetet n\u00eb kuadrin e aludimeve t\u00eb publikut.<\/p>\n<p>Kujtojm\u00eb se Egli dhe Redoni krijuan nj\u00eb raport shum\u00eb t\u00eb af\u00ebrt dhe miq\u00ebsor n\u00eb dit\u00ebt e para t\u00eb BBVA, por rrug\u00ebtimi i tyre u nda pasi Redoni k\u00ebrkoi t\u00eb linte sht\u00ebpin\u00eb p\u00ebr shkak t\u00eb presionit. Vet\u00ebm pas daljes s\u00eb tij, Egli nisi romanc\u00ebn e saj me Gjestin.<\/p>\n<p><img fetchpriority=\"high\" decoding=\"async\" src=\"https:\/\/blogin.al\/wp-content\/uploads\/2026\/03\/screenshot_20260312_080448_chrome4727005210932301696.jpg\" class=\"wp-image-65325 alignnone size-full\" width=\"961\" height=\"1642\" srcset=\"https:\/\/blogin.al\/wp-content\/uploads\/2026\/03\/screenshot_20260312_080448_chrome4727005210932301696.jpg 961w, https:\/\/blogin.al\/wp-content\/uploads\/2026\/03\/screenshot_20260312_080448_chrome4727005210932301696-176x300.jpg 176w, https:\/\/blogin.al\/wp-content\/uploads\/2026\/03\/screenshot_20260312_080448_chrome4727005210932301696-599x1024.jpg 599w, https:\/\/blogin.al\/wp-content\/uploads\/2026\/03\/screenshot_20260312_080448_chrome4727005210932301696-768x1312.jpg 768w, https:\/\/blogin.al\/wp-content\/uploads\/2026\/03\/screenshot_20260312_080448_chrome4727005210932301696-899x1536.jpg 899w, https:\/\/blogin.al\/wp-content\/uploads\/2026\/03\/screenshot_20260312_080448_chrome4727005210932301696-150x256.jpg 150w, https:\/\/blogin.al\/wp-content\/uploads\/2026\/03\/screenshot_20260312_080448_chrome4727005210932301696-300x513.jpg 300w, https:\/\/blogin.al\/wp-content\/uploads\/2026\/03\/screenshot_20260312_080448_chrome4727005210932301696-696x1189.jpg 696w\" sizes=\"(max-width: 961px) 100vw, 961px\" \/><\/p>\n","protected":false},"excerpt":{"rendered":"<p>Egli Tako duket se nuk gjen qet\u00ebsi nga syt\u00eb kureshtar\u00eb t\u00eb publikut dhe mediave roz\u00eb. Pasi hodhi posht\u00eb disa her\u00eb aludimet p\u00ebr romanca t\u00eb reja pas ndarjes s\u00eb saj t\u00eb bujshme nga k\u00ebng\u00ebtari Gjesti, nj\u00eb tjet\u00ebr thashethem i fort\u00eb ka pushtuar rrjetin. K\u00ebt\u00eb her\u00eb, fansat po dyshojn\u00eb se ajo ka nisur nj\u00eb lidhje me ish-banorin [&hellip;]<\/p>\n","protected":false},"author":2,"featured_media":65326,"comment_status":"open","ping_status":"open","sticky":false,"template":"","format":"standard","meta":{"footnotes":""},"categories":[33],"tags":[],"class_list":{"0":"post-65327","1":"post","2":"type-post","3":"status-publish","4":"format-standard","5":"has-post-thumbnail","7":"category-showbiz"},"yoast_head":"<!-- This site is optimized with the Yoast SEO plugin v27.4 - https:\/\/yoast.com\/product\/yoast-seo-wordpress\/ -->\n<title>Egli Tako n\u00eb lidhje me ish-banorin e Big Brother? - blogin.al<\/title>\n<meta name=\"robots\" content=\"index, follow, max-snippet:-1, max-image-preview:large, max-video-preview:-1\" \/>\n<link rel=\"canonical\" href=\"https:\/\/blogin.al\/?p=65327\" \/>\n<meta property=\"og:locale\" content=\"en_US\" \/>\n<meta property=\"og:type\" content=\"article\" \/>\n<meta property=\"og:title\" content=\"Egli Tako n\u00eb lidhje me ish-banorin e Big Brother? - blogin.al\" \/>\n<meta property=\"og:description\" content=\"Egli Tako duket se nuk gjen qet\u00ebsi nga syt\u00eb kureshtar\u00eb t\u00eb publikut dhe mediave roz\u00eb. Pasi hodhi posht\u00eb disa her\u00eb aludimet p\u00ebr romanca t\u00eb reja pas ndarjes s\u00eb saj t\u00eb bujshme nga k\u00ebng\u00ebtari Gjesti, nj\u00eb tjet\u00ebr thashethem i fort\u00eb ka pushtuar rrjetin. K\u00ebt\u00eb her\u00eb, fansat po dyshojn\u00eb se ajo ka nisur nj\u00eb lidhje me ish-banorin [&hellip;]\" \/>\n<meta property=\"og:url\" content=\"https:\/\/blogin.al\/?p=65327\" \/>\n<meta property=\"og:site_name\" content=\"blogin.al\" \/>\n<meta property=\"article:published_time\" content=\"2026-03-12T07:05:00+00:00\" \/>\n<meta property=\"article:modified_time\" content=\"2026-03-12T07:05:11+00:00\" \/>\n<meta property=\"og:image\" content=\"https:\/\/blogin.al\/wp-content\/uploads\/2026\/03\/Screenshot_20260312_080340_Chrome.jpg\" \/>\n\t<meta property=\"og:image:width\" content=\"954\" \/>\n\t<meta property=\"og:image:height\" content=\"557\" \/>\n\t<meta property=\"og:image:type\" content=\"image\/jpeg\" \/>\n<meta name=\"author\" content=\"Blogin al\" \/>\n<meta name=\"twitter:card\" content=\"summary_large_image\" \/>\n<meta name=\"twitter:label1\" content=\"Written by\" \/>\n\t<meta name=\"twitter:data1\" content=\"Blogin al\" \/>\n\t<meta name=\"twitter:label2\" content=\"Est. reading time\" \/>\n\t<meta name=\"twitter:data2\" content=\"1 minute\" \/>\n<script type=\"application\/ld+json\" class=\"yoast-schema-graph\">{\"@context\":\"https:\\\/\\\/schema.org\",\"@graph\":[{\"@type\":\"Article\",\"@id\":\"https:\\\/\\\/blogin.al\\\/?p=65327#article\",\"isPartOf\":{\"@id\":\"https:\\\/\\\/blogin.al\\\/?p=65327\"},\"author\":{\"name\":\"Blogin al\",\"@id\":\"https:\\\/\\\/blogin.al\\\/#\\\/schema\\\/person\\\/abdd56bc912cd511db877b852b115399\"},\"headline\":\"Egli Tako n\u00eb lidhje me ish-banorin e Big Brother?\",\"datePublished\":\"2026-03-12T07:05:00+00:00\",\"dateModified\":\"2026-03-12T07:05:11+00:00\",\"mainEntityOfPage\":{\"@id\":\"https:\\\/\\\/blogin.al\\\/?p=65327\"},\"wordCount\":220,\"commentCount\":0,\"publisher\":{\"@id\":\"https:\\\/\\\/blogin.al\\\/#organization\"},\"image\":{\"@id\":\"https:\\\/\\\/blogin.al\\\/?p=65327#primaryimage\"},\"thumbnailUrl\":\"https:\\\/\\\/blogin.al\\\/wp-content\\\/uploads\\\/2026\\\/03\\\/Screenshot_20260312_080340_Chrome.jpg\",\"articleSection\":[\"SHOWBIZ\"],\"inLanguage\":\"en-US\",\"potentialAction\":[{\"@type\":\"CommentAction\",\"name\":\"Comment\",\"target\":[\"https:\\\/\\\/blogin.al\\\/?p=65327#respond\"]}]},{\"@type\":\"WebPage\",\"@id\":\"https:\\\/\\\/blogin.al\\\/?p=65327\",\"url\":\"https:\\\/\\\/blogin.al\\\/?p=65327\",\"name\":\"Egli Tako n\u00eb lidhje me ish-banorin e Big Brother? - blogin.al\",\"isPartOf\":{\"@id\":\"https:\\\/\\\/blogin.al\\\/#website\"},\"primaryImageOfPage\":{\"@id\":\"https:\\\/\\\/blogin.al\\\/?p=65327#primaryimage\"},\"image\":{\"@id\":\"https:\\\/\\\/blogin.al\\\/?p=65327#primaryimage\"},\"thumbnailUrl\":\"https:\\\/\\\/blogin.al\\\/wp-content\\\/uploads\\\/2026\\\/03\\\/Screenshot_20260312_080340_Chrome.jpg\",\"datePublished\":\"2026-03-12T07:05:00+00:00\",\"dateModified\":\"2026-03-12T07:05:11+00:00\",\"breadcrumb\":{\"@id\":\"https:\\\/\\\/blogin.al\\\/?p=65327#breadcrumb\"},\"inLanguage\":\"en-US\",\"potentialAction\":[{\"@type\":\"ReadAction\",\"target\":[\"https:\\\/\\\/blogin.al\\\/?p=65327\"]}]},{\"@type\":\"ImageObject\",\"inLanguage\":\"en-US\",\"@id\":\"https:\\\/\\\/blogin.al\\\/?p=65327#primaryimage\",\"url\":\"https:\\\/\\\/blogin.al\\\/wp-content\\\/uploads\\\/2026\\\/03\\\/Screenshot_20260312_080340_Chrome.jpg\",\"contentUrl\":\"https:\\\/\\\/blogin.al\\\/wp-content\\\/uploads\\\/2026\\\/03\\\/Screenshot_20260312_080340_Chrome.jpg\",\"width\":954,\"height\":557},{\"@type\":\"BreadcrumbList\",\"@id\":\"https:\\\/\\\/blogin.al\\\/?p=65327#breadcrumb\",\"itemListElement\":[{\"@type\":\"ListItem\",\"position\":1,\"name\":\"Home\",\"item\":\"https:\\\/\\\/blogin.al\\\/\"},{\"@type\":\"ListItem\",\"position\":2,\"name\":\"Egli Tako n\u00eb lidhje me ish-banorin e Big Brother?\"}]},{\"@type\":\"WebSite\",\"@id\":\"https:\\\/\\\/blogin.al\\\/#website\",\"url\":\"https:\\\/\\\/blogin.al\\\/\",\"name\":\"blogin.al\",\"description\":\"\",\"publisher\":{\"@id\":\"https:\\\/\\\/blogin.al\\\/#organization\"},\"potentialAction\":[{\"@type\":\"SearchAction\",\"target\":{\"@type\":\"EntryPoint\",\"urlTemplate\":\"https:\\\/\\\/blogin.al\\\/?s={search_term_string}\"},\"query-input\":{\"@type\":\"PropertyValueSpecification\",\"valueRequired\":true,\"valueName\":\"search_term_string\"}}],\"inLanguage\":\"en-US\"},{\"@type\":\"Organization\",\"@id\":\"https:\\\/\\\/blogin.al\\\/#organization\",\"name\":\"BLOGIN.al\",\"url\":\"https:\\\/\\\/blogin.al\\\/\",\"logo\":{\"@type\":\"ImageObject\",\"inLanguage\":\"en-US\",\"@id\":\"https:\\\/\\\/blogin.al\\\/#\\\/schema\\\/logo\\\/image\\\/\",\"url\":\"https:\\\/\\\/blogin.al\\\/wp-content\\\/uploads\\\/2022\\\/05\\\/Untitled-2-01-e1652084456514.png\",\"contentUrl\":\"https:\\\/\\\/blogin.al\\\/wp-content\\\/uploads\\\/2022\\\/05\\\/Untitled-2-01-e1652084456514.png\",\"width\":3723,\"height\":1698,\"caption\":\"BLOGIN.al\"},\"image\":{\"@id\":\"https:\\\/\\\/blogin.al\\\/#\\\/schema\\\/logo\\\/image\\\/\"},\"sameAs\":[\"https:\\\/\\\/instagram.com\\\/blogin.al\\\/\"]},{\"@type\":\"Person\",\"@id\":\"https:\\\/\\\/blogin.al\\\/#\\\/schema\\\/person\\\/abdd56bc912cd511db877b852b115399\",\"name\":\"Blogin al\",\"image\":{\"@type\":\"ImageObject\",\"inLanguage\":\"en-US\",\"@id\":\"https:\\\/\\\/secure.gravatar.com\\\/avatar\\\/60d5661aee6e835fb13dc75d2204cd0c1d61bef2efd137c0083e59ef831e235e?s=96&d=mm&r=g\",\"url\":\"https:\\\/\\\/secure.gravatar.com\\\/avatar\\\/60d5661aee6e835fb13dc75d2204cd0c1d61bef2efd137c0083e59ef831e235e?s=96&d=mm&r=g\",\"contentUrl\":\"https:\\\/\\\/secure.gravatar.com\\\/avatar\\\/60d5661aee6e835fb13dc75d2204cd0c1d61bef2efd137c0083e59ef831e235e?s=96&d=mm&r=g\",\"caption\":\"Blogin al\"},\"sameAs\":[\"https:\\\/\\\/blogin.al\"],\"url\":\"https:\\\/\\\/blogin.al\\\/?author=2\"}]}<\/script>\n<!-- \/ Yoast SEO plugin. -->","yoast_head_json":{"title":"Egli Tako n\u00eb lidhje me ish-banorin e Big Brother? - blogin.al","robots":{"index":"index","follow":"follow","max-snippet":"max-snippet:-1","max-image-preview":"max-image-preview:large","max-video-preview":"max-video-preview:-1"},"canonical":"https:\/\/blogin.al\/?p=65327","og_locale":"en_US","og_type":"article","og_title":"Egli Tako n\u00eb lidhje me ish-banorin e Big Brother? - blogin.al","og_description":"Egli Tako duket se nuk gjen qet\u00ebsi nga syt\u00eb kureshtar\u00eb t\u00eb publikut dhe mediave roz\u00eb. Pasi hodhi posht\u00eb disa her\u00eb aludimet p\u00ebr romanca t\u00eb reja pas ndarjes s\u00eb saj t\u00eb bujshme nga k\u00ebng\u00ebtari Gjesti, nj\u00eb tjet\u00ebr thashethem i fort\u00eb ka pushtuar rrjetin. K\u00ebt\u00eb her\u00eb, fansat po dyshojn\u00eb se ajo ka nisur nj\u00eb lidhje me ish-banorin [&hellip;]","og_url":"https:\/\/blogin.al\/?p=65327","og_site_name":"blogin.al","article_published_time":"2026-03-12T07:05:00+00:00","article_modified_time":"2026-03-12T07:05:11+00:00","og_image":[{"width":954,"height":557,"url":"https:\/\/blogin.al\/wp-content\/uploads\/2026\/03\/Screenshot_20260312_080340_Chrome.jpg","type":"image\/jpeg"}],"author":"Blogin al","twitter_card":"summary_large_image","twitter_misc":{"Written by":"Blogin al","Est. reading time":"1 minute"},"schema":{"@context":"https:\/\/schema.org","@graph":[{"@type":"Article","@id":"https:\/\/blogin.al\/?p=65327#article","isPartOf":{"@id":"https:\/\/blogin.al\/?p=65327"},"author":{"name":"Blogin al","@id":"https:\/\/blogin.al\/#\/schema\/person\/abdd56bc912cd511db877b852b115399"},"headline":"Egli Tako n\u00eb lidhje me ish-banorin e Big Brother?","datePublished":"2026-03-12T07:05:00+00:00","dateModified":"2026-03-12T07:05:11+00:00","mainEntityOfPage":{"@id":"https:\/\/blogin.al\/?p=65327"},"wordCount":220,"commentCount":0,"publisher":{"@id":"https:\/\/blogin.al\/#organization"},"image":{"@id":"https:\/\/blogin.al\/?p=65327#primaryimage"},"thumbnailUrl":"https:\/\/blogin.al\/wp-content\/uploads\/2026\/03\/Screenshot_20260312_080340_Chrome.jpg","articleSection":["SHOWBIZ"],"inLanguage":"en-US","potentialAction":[{"@type":"CommentAction","name":"Comment","target":["https:\/\/blogin.al\/?p=65327#respond"]}]},{"@type":"WebPage","@id":"https:\/\/blogin.al\/?p=65327","url":"https:\/\/blogin.al\/?p=65327","name":"Egli Tako n\u00eb lidhje me ish-banorin e Big Brother? - blogin.al","isPartOf":{"@id":"https:\/\/blogin.al\/#website"},"primaryImageOfPage":{"@id":"https:\/\/blogin.al\/?p=65327#primaryimage"},"image":{"@id":"https:\/\/blogin.al\/?p=65327#primaryimage"},"thumbnailUrl":"https:\/\/blogin.al\/wp-content\/uploads\/2026\/03\/Screenshot_20260312_080340_Chrome.jpg","datePublished":"2026-03-12T07:05:00+00:00","dateModified":"2026-03-12T07:05:11+00:00","breadcrumb":{"@id":"https:\/\/blogin.al\/?p=65327#breadcrumb"},"inLanguage":"en-US","potentialAction":[{"@type":"ReadAction","target":["https:\/\/blogin.al\/?p=65327"]}]},{"@type":"ImageObject","inLanguage":"en-US","@id":"https:\/\/blogin.al\/?p=65327#primaryimage","url":"https:\/\/blogin.al\/wp-content\/uploads\/2026\/03\/Screenshot_20260312_080340_Chrome.jpg","contentUrl":"https:\/\/blogin.al\/wp-content\/uploads\/2026\/03\/Screenshot_20260312_080340_Chrome.jpg","width":954,"height":557},{"@type":"BreadcrumbList","@id":"https:\/\/blogin.al\/?p=65327#breadcrumb","itemListElement":[{"@type":"ListItem","position":1,"name":"Home","item":"https:\/\/blogin.al\/"},{"@type":"ListItem","position":2,"name":"Egli Tako n\u00eb lidhje me ish-banorin e Big Brother?"}]},{"@type":"WebSite","@id":"https:\/\/blogin.al\/#website","url":"https:\/\/blogin.al\/","name":"blogin.al","description":"","publisher":{"@id":"https:\/\/blogin.al\/#organization"},"potentialAction":[{"@type":"SearchAction","target":{"@type":"EntryPoint","urlTemplate":"https:\/\/blogin.al\/?s={search_term_string}"},"query-input":{"@type":"PropertyValueSpecification","valueRequired":true,"valueName":"search_term_string"}}],"inLanguage":"en-US"},{"@type":"Organization","@id":"https:\/\/blogin.al\/#organization","name":"BLOGIN.al","url":"https:\/\/blogin.al\/","logo":{"@type":"ImageObject","inLanguage":"en-US","@id":"https:\/\/blogin.al\/#\/schema\/logo\/image\/","url":"https:\/\/blogin.al\/wp-content\/uploads\/2022\/05\/Untitled-2-01-e1652084456514.png","contentUrl":"https:\/\/blogin.al\/wp-content\/uploads\/2022\/05\/Untitled-2-01-e1652084456514.png","width":3723,"height":1698,"caption":"BLOGIN.al"},"image":{"@id":"https:\/\/blogin.al\/#\/schema\/logo\/image\/"},"sameAs":["https:\/\/instagram.com\/blogin.al\/"]},{"@type":"Person","@id":"https:\/\/blogin.al\/#\/schema\/person\/abdd56bc912cd511db877b852b115399","name":"Blogin al","image":{"@type":"ImageObject","inLanguage":"en-US","@id":"https:\/\/secure.gravatar.com\/avatar\/60d5661aee6e835fb13dc75d2204cd0c1d61bef2efd137c0083e59ef831e235e?s=96&d=mm&r=g","url":"https:\/\/secure.gravatar.com\/avatar\/60d5661aee6e835fb13dc75d2204cd0c1d61bef2efd137c0083e59ef831e235e?s=96&d=mm&r=g","contentUrl":"https:\/\/secure.gravatar.com\/avatar\/60d5661aee6e835fb13dc75d2204cd0c1d61bef2efd137c0083e59ef831e235e?s=96&d=mm&r=g","caption":"Blogin al"},"sameAs":["https:\/\/blogin.al"],"url":"https:\/\/blogin.al\/?author=2"}]}},"_links":{"self":[{"href":"https:\/\/blogin.al\/index.php?rest_route=\/wp\/v2\/posts\/65327","targetHints":{"allow":["GET"]}}],"collection":[{"href":"https:\/\/blogin.al\/index.php?rest_route=\/wp\/v2\/posts"}],"about":[{"href":"https:\/\/blogin.al\/index.php?rest_route=\/wp\/v2\/types\/post"}],"author":[{"embeddable":true,"href":"https:\/\/blogin.al\/index.php?rest_route=\/wp\/v2\/users\/2"}],"replies":[{"embeddable":true,"href":"https:\/\/blogin.al\/index.php?rest_route=%2Fwp%2Fv2%2Fcomments&post=65327"}],"version-history":[{"count":1,"href":"https:\/\/blogin.al\/index.php?rest_route=\/wp\/v2\/posts\/65327\/revisions"}],"predecessor-version":[{"id":65328,"href":"https:\/\/blogin.al\/index.php?rest_route=\/wp\/v2\/posts\/65327\/revisions\/65328"}],"wp:featuredmedia":[{"embeddable":true,"href":"https:\/\/blogin.al\/index.php?rest_route=\/wp\/v2\/media\/65326"}],"wp:attachment":[{"href":"https:\/\/blogin.al\/index.php?rest_route=%2Fwp%2Fv2%2Fmedia&parent=65327"}],"wp:term":[{"taxonomy":"category","embeddable":true,"href":"https:\/\/blogin.al\/index.php?rest_route=%2Fwp%2Fv2%2Fcategories&post=65327"},{"taxonomy":"post_tag","embeddable":true,"href":"https:\/\/blogin.al\/index.php?rest_route=%2Fwp%2Fv2%2Ftags&post=65327"}],"curies":[{"name":"wp","href":"https:\/\/api.w.org\/{rel}","templated":true}]}}