{"id":65333,"date":"2026-03-12T07:11:23","date_gmt":"2026-03-12T07:11:23","guid":{"rendered":"https:\/\/blogin.al\/?p=65333"},"modified":"2026-03-12T07:12:05","modified_gmt":"2026-03-12T07:12:05","slug":"tragjike-ne-tirane-e-reja-vrau-veten-me-fotoksine-zbulohet-letra-qe-la-pas","status":"publish","type":"post","link":"https:\/\/blogin.al\/?p=65333","title":{"rendered":"Tragjike n\u00eb Tiran\u00eb: E reja vrau veten me fotoksin\u00eb, zbulohet letra q\u00eb la pas"},"content":{"rendered":"<p>Nj\u00eb ngjarje e r\u00ebnd\u00eb ka tronditur Tiran\u00ebn, ku 25-vje\u00e7arja Xhuana Nikolli humbi jet\u00ebn pasi dyshohet se u vet\u00ebhelmua.<\/p>\n<p>E reja nd\u00ebrroi jet\u00eb nj\u00eb dit\u00eb m\u00eb par\u00eb n\u00eb Qendra Spitalore Universitare N\u00ebn\u00eb Tereza, ku ishte transportuar p\u00ebr ndihm\u00eb mjek\u00ebsore. Sipas burimeve, para se t\u00eb nd\u00ebrmerrte aktin ekstrem, ajo dyshohet se kishte l\u00ebn\u00eb nj\u00eb let\u00ebr ku shprehej se nuk d\u00ebshironte q\u00eb personat q\u00eb i kishin b\u00ebr\u00eb keq t\u00eb vazhdonin ta l\u00ebndonin. N\u00eb fund t\u00eb saj, ajo kishte k\u00ebrkuar ndjes\u00eb prind\u00ebrve p\u00ebr vendimin e marr\u00eb.<\/p>\n<p>\u201cNuk doja m\u00eb q\u00eb ata njer\u00ebz q\u00eb m\u00eb kan\u00eb b\u00ebr\u00eb keq t\u00eb vazhdonin t\u00eb m\u00eb l\u00ebndonin\u201d, k\u00ebto jan\u00eb fjal\u00ebt q\u00eb dyshohet se ka l\u00ebn\u00eb n\u00eb nj\u00eb let\u00ebr 25-vje\u00e7arja Xhuana Nikolli, para se t\u2019i jepte fund jet\u00ebs.<\/p>\n<p>Pas ngjarjes, familjar\u00ebt e saj kan\u00eb b\u00ebr\u00eb kall\u00ebzim n\u00eb Policia e Shtetit, n\u00eb Komisariati Nr. 2, duke akuzuar ish-bashk\u00ebshortin e saj, Eraldo Fizi, p\u00ebr dhun\u00eb fizike dhe psikologjike. Sipas tyre, dhuna ndaj 25-vje\u00e7ares kishte qen\u00eb e vazhdueshme.<\/p>\n<p>Policia ka shpallur n\u00eb k\u00ebrkim ish-bashk\u00ebshortin, nd\u00ebrsa po vijojn\u00eb hetimet p\u00ebr t\u00eb sqaruar plot\u00ebsisht rrethanat e ngjarjes. Nga t\u00eb dh\u00ebnat paraprake dyshohet se e reja konsumoi fostoksin\u00eb. Gjat\u00eb ekzaminimit mjeko-ligjor jan\u00eb konstatuar edhe shenja dhune n\u00eb pjes\u00eb t\u00eb ndryshme t\u00eb trupit, p\u00ebrfshir\u00eb kok\u00ebn, fytyr\u00ebn dhe nj\u00eb krah.<\/p>\n<p>Familjar\u00ebt kan\u00eb deklaruar gjithashtu se ish- bashk\u00ebshorti ishte kthyer nga jasht\u00eb vendit m\u00eb 9 shkurt dhe kishte takuar 25-vje\u00e7aren po at\u00eb dit\u00eb. \u00c7ifti ishte divorcuar vet\u00ebm tre muaj pas martes\u00ebs s\u00eb tyre, e cila ishte celebruar n\u00eb qershor t\u00eb vitit 2025. Nd\u00ebrkoh\u00eb, autoritetet po vijojn\u00eb hetimet p\u00ebr zbardhjen e plot\u00eb t\u00eb rastit.<\/p>\n","protected":false},"excerpt":{"rendered":"<p>Nj\u00eb ngjarje e r\u00ebnd\u00eb ka tronditur Tiran\u00ebn, ku 25-vje\u00e7arja Xhuana Nikolli humbi jet\u00ebn pasi dyshohet se u vet\u00ebhelmua. E reja nd\u00ebrroi jet\u00eb nj\u00eb dit\u00eb m\u00eb par\u00eb n\u00eb Qendra Spitalore Universitare N\u00ebn\u00eb Tereza, ku ishte transportuar p\u00ebr ndihm\u00eb mjek\u00ebsore. Sipas burimeve, para se t\u00eb nd\u00ebrmerrte aktin ekstrem, ajo dyshohet se kishte l\u00ebn\u00eb nj\u00eb let\u00ebr ku shprehej [&hellip;]<\/p>\n","protected":false},"author":2,"featured_media":65332,"comment_status":"open","ping_status":"open","sticky":false,"template":"","format":"standard","meta":{"footnotes":""},"categories":[39],"tags":[],"class_list":{"0":"post-65333","1":"post","2":"type-post","3":"status-publish","4":"format-standard","5":"has-post-thumbnail","7":"category-aktualitet"},"yoast_head":"<!-- This site is optimized with the Yoast SEO plugin v27.4 - https:\/\/yoast.com\/product\/yoast-seo-wordpress\/ -->\n<title>Tragjike n\u00eb Tiran\u00eb: E reja vrau veten me fotoksin\u00eb, zbulohet letra q\u00eb la pas - blogin.al<\/title>\n<meta name=\"robots\" content=\"index, follow, max-snippet:-1, max-image-preview:large, max-video-preview:-1\" \/>\n<link rel=\"canonical\" href=\"https:\/\/blogin.al\/?p=65333\" \/>\n<meta property=\"og:locale\" content=\"en_US\" \/>\n<meta property=\"og:type\" content=\"article\" \/>\n<meta property=\"og:title\" content=\"Tragjike n\u00eb Tiran\u00eb: E reja vrau veten me fotoksin\u00eb, zbulohet letra q\u00eb la pas - blogin.al\" \/>\n<meta property=\"og:description\" content=\"Nj\u00eb ngjarje e r\u00ebnd\u00eb ka tronditur Tiran\u00ebn, ku 25-vje\u00e7arja Xhuana Nikolli humbi jet\u00ebn pasi dyshohet se u vet\u00ebhelmua. E reja nd\u00ebrroi jet\u00eb nj\u00eb dit\u00eb m\u00eb par\u00eb n\u00eb Qendra Spitalore Universitare N\u00ebn\u00eb Tereza, ku ishte transportuar p\u00ebr ndihm\u00eb mjek\u00ebsore. Sipas burimeve, para se t\u00eb nd\u00ebrmerrte aktin ekstrem, ajo dyshohet se kishte l\u00ebn\u00eb nj\u00eb let\u00ebr ku shprehej [&hellip;]\" \/>\n<meta property=\"og:url\" content=\"https:\/\/blogin.al\/?p=65333\" \/>\n<meta property=\"og:site_name\" content=\"blogin.al\" \/>\n<meta property=\"article:published_time\" content=\"2026-03-12T07:11:23+00:00\" \/>\n<meta property=\"article:modified_time\" content=\"2026-03-12T07:12:05+00:00\" \/>\n<meta property=\"og:image\" content=\"https:\/\/blogin.al\/wp-content\/uploads\/2026\/03\/Screenshot_20260312_081047_Chrome.jpg\" \/>\n\t<meta property=\"og:image:width\" content=\"989\" \/>\n\t<meta property=\"og:image:height\" content=\"554\" \/>\n\t<meta property=\"og:image:type\" content=\"image\/jpeg\" \/>\n<meta name=\"author\" content=\"Blogin al\" \/>\n<meta name=\"twitter:card\" content=\"summary_large_image\" \/>\n<meta name=\"twitter:label1\" content=\"Written by\" \/>\n\t<meta name=\"twitter:data1\" content=\"Blogin al\" \/>\n\t<meta name=\"twitter:label2\" content=\"Est. reading time\" \/>\n\t<meta name=\"twitter:data2\" content=\"2 minutes\" \/>\n<script type=\"application\/ld+json\" class=\"yoast-schema-graph\">{\"@context\":\"https:\\\/\\\/schema.org\",\"@graph\":[{\"@type\":\"Article\",\"@id\":\"https:\\\/\\\/blogin.al\\\/?p=65333#article\",\"isPartOf\":{\"@id\":\"https:\\\/\\\/blogin.al\\\/?p=65333\"},\"author\":{\"name\":\"Blogin al\",\"@id\":\"https:\\\/\\\/blogin.al\\\/#\\\/schema\\\/person\\\/abdd56bc912cd511db877b852b115399\"},\"headline\":\"Tragjike n\u00eb Tiran\u00eb: E reja vrau veten me fotoksin\u00eb, zbulohet letra q\u00eb la pas\",\"datePublished\":\"2026-03-12T07:11:23+00:00\",\"dateModified\":\"2026-03-12T07:12:05+00:00\",\"mainEntityOfPage\":{\"@id\":\"https:\\\/\\\/blogin.al\\\/?p=65333\"},\"wordCount\":315,\"commentCount\":0,\"publisher\":{\"@id\":\"https:\\\/\\\/blogin.al\\\/#organization\"},\"image\":{\"@id\":\"https:\\\/\\\/blogin.al\\\/?p=65333#primaryimage\"},\"thumbnailUrl\":\"https:\\\/\\\/blogin.al\\\/wp-content\\\/uploads\\\/2026\\\/03\\\/Screenshot_20260312_081047_Chrome.jpg\",\"articleSection\":[\"AKTUALITET\"],\"inLanguage\":\"en-US\",\"potentialAction\":[{\"@type\":\"CommentAction\",\"name\":\"Comment\",\"target\":[\"https:\\\/\\\/blogin.al\\\/?p=65333#respond\"]}]},{\"@type\":\"WebPage\",\"@id\":\"https:\\\/\\\/blogin.al\\\/?p=65333\",\"url\":\"https:\\\/\\\/blogin.al\\\/?p=65333\",\"name\":\"Tragjike n\u00eb Tiran\u00eb: E reja vrau veten me fotoksin\u00eb, zbulohet letra q\u00eb la pas - blogin.al\",\"isPartOf\":{\"@id\":\"https:\\\/\\\/blogin.al\\\/#website\"},\"primaryImageOfPage\":{\"@id\":\"https:\\\/\\\/blogin.al\\\/?p=65333#primaryimage\"},\"image\":{\"@id\":\"https:\\\/\\\/blogin.al\\\/?p=65333#primaryimage\"},\"thumbnailUrl\":\"https:\\\/\\\/blogin.al\\\/wp-content\\\/uploads\\\/2026\\\/03\\\/Screenshot_20260312_081047_Chrome.jpg\",\"datePublished\":\"2026-03-12T07:11:23+00:00\",\"dateModified\":\"2026-03-12T07:12:05+00:00\",\"breadcrumb\":{\"@id\":\"https:\\\/\\\/blogin.al\\\/?p=65333#breadcrumb\"},\"inLanguage\":\"en-US\",\"potentialAction\":[{\"@type\":\"ReadAction\",\"target\":[\"https:\\\/\\\/blogin.al\\\/?p=65333\"]}]},{\"@type\":\"ImageObject\",\"inLanguage\":\"en-US\",\"@id\":\"https:\\\/\\\/blogin.al\\\/?p=65333#primaryimage\",\"url\":\"https:\\\/\\\/blogin.al\\\/wp-content\\\/uploads\\\/2026\\\/03\\\/Screenshot_20260312_081047_Chrome.jpg\",\"contentUrl\":\"https:\\\/\\\/blogin.al\\\/wp-content\\\/uploads\\\/2026\\\/03\\\/Screenshot_20260312_081047_Chrome.jpg\",\"width\":989,\"height\":554},{\"@type\":\"BreadcrumbList\",\"@id\":\"https:\\\/\\\/blogin.al\\\/?p=65333#breadcrumb\",\"itemListElement\":[{\"@type\":\"ListItem\",\"position\":1,\"name\":\"Home\",\"item\":\"https:\\\/\\\/blogin.al\\\/\"},{\"@type\":\"ListItem\",\"position\":2,\"name\":\"Tragjike n\u00eb Tiran\u00eb: E reja vrau veten me fotoksin\u00eb, zbulohet letra q\u00eb la pas\"}]},{\"@type\":\"WebSite\",\"@id\":\"https:\\\/\\\/blogin.al\\\/#website\",\"url\":\"https:\\\/\\\/blogin.al\\\/\",\"name\":\"blogin.al\",\"description\":\"\",\"publisher\":{\"@id\":\"https:\\\/\\\/blogin.al\\\/#organization\"},\"potentialAction\":[{\"@type\":\"SearchAction\",\"target\":{\"@type\":\"EntryPoint\",\"urlTemplate\":\"https:\\\/\\\/blogin.al\\\/?s={search_term_string}\"},\"query-input\":{\"@type\":\"PropertyValueSpecification\",\"valueRequired\":true,\"valueName\":\"search_term_string\"}}],\"inLanguage\":\"en-US\"},{\"@type\":\"Organization\",\"@id\":\"https:\\\/\\\/blogin.al\\\/#organization\",\"name\":\"BLOGIN.al\",\"url\":\"https:\\\/\\\/blogin.al\\\/\",\"logo\":{\"@type\":\"ImageObject\",\"inLanguage\":\"en-US\",\"@id\":\"https:\\\/\\\/blogin.al\\\/#\\\/schema\\\/logo\\\/image\\\/\",\"url\":\"https:\\\/\\\/blogin.al\\\/wp-content\\\/uploads\\\/2022\\\/05\\\/Untitled-2-01-e1652084456514.png\",\"contentUrl\":\"https:\\\/\\\/blogin.al\\\/wp-content\\\/uploads\\\/2022\\\/05\\\/Untitled-2-01-e1652084456514.png\",\"width\":3723,\"height\":1698,\"caption\":\"BLOGIN.al\"},\"image\":{\"@id\":\"https:\\\/\\\/blogin.al\\\/#\\\/schema\\\/logo\\\/image\\\/\"},\"sameAs\":[\"https:\\\/\\\/instagram.com\\\/blogin.al\\\/\"]},{\"@type\":\"Person\",\"@id\":\"https:\\\/\\\/blogin.al\\\/#\\\/schema\\\/person\\\/abdd56bc912cd511db877b852b115399\",\"name\":\"Blogin al\",\"image\":{\"@type\":\"ImageObject\",\"inLanguage\":\"en-US\",\"@id\":\"https:\\\/\\\/secure.gravatar.com\\\/avatar\\\/60d5661aee6e835fb13dc75d2204cd0c1d61bef2efd137c0083e59ef831e235e?s=96&d=mm&r=g\",\"url\":\"https:\\\/\\\/secure.gravatar.com\\\/avatar\\\/60d5661aee6e835fb13dc75d2204cd0c1d61bef2efd137c0083e59ef831e235e?s=96&d=mm&r=g\",\"contentUrl\":\"https:\\\/\\\/secure.gravatar.com\\\/avatar\\\/60d5661aee6e835fb13dc75d2204cd0c1d61bef2efd137c0083e59ef831e235e?s=96&d=mm&r=g\",\"caption\":\"Blogin al\"},\"sameAs\":[\"https:\\\/\\\/blogin.al\"],\"url\":\"https:\\\/\\\/blogin.al\\\/?author=2\"}]}<\/script>\n<!-- \/ Yoast SEO plugin. -->","yoast_head_json":{"title":"Tragjike n\u00eb Tiran\u00eb: E reja vrau veten me fotoksin\u00eb, zbulohet letra q\u00eb la pas - blogin.al","robots":{"index":"index","follow":"follow","max-snippet":"max-snippet:-1","max-image-preview":"max-image-preview:large","max-video-preview":"max-video-preview:-1"},"canonical":"https:\/\/blogin.al\/?p=65333","og_locale":"en_US","og_type":"article","og_title":"Tragjike n\u00eb Tiran\u00eb: E reja vrau veten me fotoksin\u00eb, zbulohet letra q\u00eb la pas - blogin.al","og_description":"Nj\u00eb ngjarje e r\u00ebnd\u00eb ka tronditur Tiran\u00ebn, ku 25-vje\u00e7arja Xhuana Nikolli humbi jet\u00ebn pasi dyshohet se u vet\u00ebhelmua. E reja nd\u00ebrroi jet\u00eb nj\u00eb dit\u00eb m\u00eb par\u00eb n\u00eb Qendra Spitalore Universitare N\u00ebn\u00eb Tereza, ku ishte transportuar p\u00ebr ndihm\u00eb mjek\u00ebsore. Sipas burimeve, para se t\u00eb nd\u00ebrmerrte aktin ekstrem, ajo dyshohet se kishte l\u00ebn\u00eb nj\u00eb let\u00ebr ku shprehej [&hellip;]","og_url":"https:\/\/blogin.al\/?p=65333","og_site_name":"blogin.al","article_published_time":"2026-03-12T07:11:23+00:00","article_modified_time":"2026-03-12T07:12:05+00:00","og_image":[{"width":989,"height":554,"url":"https:\/\/blogin.al\/wp-content\/uploads\/2026\/03\/Screenshot_20260312_081047_Chrome.jpg","type":"image\/jpeg"}],"author":"Blogin al","twitter_card":"summary_large_image","twitter_misc":{"Written by":"Blogin al","Est. reading time":"2 minutes"},"schema":{"@context":"https:\/\/schema.org","@graph":[{"@type":"Article","@id":"https:\/\/blogin.al\/?p=65333#article","isPartOf":{"@id":"https:\/\/blogin.al\/?p=65333"},"author":{"name":"Blogin al","@id":"https:\/\/blogin.al\/#\/schema\/person\/abdd56bc912cd511db877b852b115399"},"headline":"Tragjike n\u00eb Tiran\u00eb: E reja vrau veten me fotoksin\u00eb, zbulohet letra q\u00eb la pas","datePublished":"2026-03-12T07:11:23+00:00","dateModified":"2026-03-12T07:12:05+00:00","mainEntityOfPage":{"@id":"https:\/\/blogin.al\/?p=65333"},"wordCount":315,"commentCount":0,"publisher":{"@id":"https:\/\/blogin.al\/#organization"},"image":{"@id":"https:\/\/blogin.al\/?p=65333#primaryimage"},"thumbnailUrl":"https:\/\/blogin.al\/wp-content\/uploads\/2026\/03\/Screenshot_20260312_081047_Chrome.jpg","articleSection":["AKTUALITET"],"inLanguage":"en-US","potentialAction":[{"@type":"CommentAction","name":"Comment","target":["https:\/\/blogin.al\/?p=65333#respond"]}]},{"@type":"WebPage","@id":"https:\/\/blogin.al\/?p=65333","url":"https:\/\/blogin.al\/?p=65333","name":"Tragjike n\u00eb Tiran\u00eb: E reja vrau veten me fotoksin\u00eb, zbulohet letra q\u00eb la pas - blogin.al","isPartOf":{"@id":"https:\/\/blogin.al\/#website"},"primaryImageOfPage":{"@id":"https:\/\/blogin.al\/?p=65333#primaryimage"},"image":{"@id":"https:\/\/blogin.al\/?p=65333#primaryimage"},"thumbnailUrl":"https:\/\/blogin.al\/wp-content\/uploads\/2026\/03\/Screenshot_20260312_081047_Chrome.jpg","datePublished":"2026-03-12T07:11:23+00:00","dateModified":"2026-03-12T07:12:05+00:00","breadcrumb":{"@id":"https:\/\/blogin.al\/?p=65333#breadcrumb"},"inLanguage":"en-US","potentialAction":[{"@type":"ReadAction","target":["https:\/\/blogin.al\/?p=65333"]}]},{"@type":"ImageObject","inLanguage":"en-US","@id":"https:\/\/blogin.al\/?p=65333#primaryimage","url":"https:\/\/blogin.al\/wp-content\/uploads\/2026\/03\/Screenshot_20260312_081047_Chrome.jpg","contentUrl":"https:\/\/blogin.al\/wp-content\/uploads\/2026\/03\/Screenshot_20260312_081047_Chrome.jpg","width":989,"height":554},{"@type":"BreadcrumbList","@id":"https:\/\/blogin.al\/?p=65333#breadcrumb","itemListElement":[{"@type":"ListItem","position":1,"name":"Home","item":"https:\/\/blogin.al\/"},{"@type":"ListItem","position":2,"name":"Tragjike n\u00eb Tiran\u00eb: E reja vrau veten me fotoksin\u00eb, zbulohet letra q\u00eb la pas"}]},{"@type":"WebSite","@id":"https:\/\/blogin.al\/#website","url":"https:\/\/blogin.al\/","name":"blogin.al","description":"","publisher":{"@id":"https:\/\/blogin.al\/#organization"},"potentialAction":[{"@type":"SearchAction","target":{"@type":"EntryPoint","urlTemplate":"https:\/\/blogin.al\/?s={search_term_string}"},"query-input":{"@type":"PropertyValueSpecification","valueRequired":true,"valueName":"search_term_string"}}],"inLanguage":"en-US"},{"@type":"Organization","@id":"https:\/\/blogin.al\/#organization","name":"BLOGIN.al","url":"https:\/\/blogin.al\/","logo":{"@type":"ImageObject","inLanguage":"en-US","@id":"https:\/\/blogin.al\/#\/schema\/logo\/image\/","url":"https:\/\/blogin.al\/wp-content\/uploads\/2022\/05\/Untitled-2-01-e1652084456514.png","contentUrl":"https:\/\/blogin.al\/wp-content\/uploads\/2022\/05\/Untitled-2-01-e1652084456514.png","width":3723,"height":1698,"caption":"BLOGIN.al"},"image":{"@id":"https:\/\/blogin.al\/#\/schema\/logo\/image\/"},"sameAs":["https:\/\/instagram.com\/blogin.al\/"]},{"@type":"Person","@id":"https:\/\/blogin.al\/#\/schema\/person\/abdd56bc912cd511db877b852b115399","name":"Blogin al","image":{"@type":"ImageObject","inLanguage":"en-US","@id":"https:\/\/secure.gravatar.com\/avatar\/60d5661aee6e835fb13dc75d2204cd0c1d61bef2efd137c0083e59ef831e235e?s=96&d=mm&r=g","url":"https:\/\/secure.gravatar.com\/avatar\/60d5661aee6e835fb13dc75d2204cd0c1d61bef2efd137c0083e59ef831e235e?s=96&d=mm&r=g","contentUrl":"https:\/\/secure.gravatar.com\/avatar\/60d5661aee6e835fb13dc75d2204cd0c1d61bef2efd137c0083e59ef831e235e?s=96&d=mm&r=g","caption":"Blogin al"},"sameAs":["https:\/\/blogin.al"],"url":"https:\/\/blogin.al\/?author=2"}]}},"_links":{"self":[{"href":"https:\/\/blogin.al\/index.php?rest_route=\/wp\/v2\/posts\/65333","targetHints":{"allow":["GET"]}}],"collection":[{"href":"https:\/\/blogin.al\/index.php?rest_route=\/wp\/v2\/posts"}],"about":[{"href":"https:\/\/blogin.al\/index.php?rest_route=\/wp\/v2\/types\/post"}],"author":[{"embeddable":true,"href":"https:\/\/blogin.al\/index.php?rest_route=\/wp\/v2\/users\/2"}],"replies":[{"embeddable":true,"href":"https:\/\/blogin.al\/index.php?rest_route=%2Fwp%2Fv2%2Fcomments&post=65333"}],"version-history":[{"count":1,"href":"https:\/\/blogin.al\/index.php?rest_route=\/wp\/v2\/posts\/65333\/revisions"}],"predecessor-version":[{"id":65334,"href":"https:\/\/blogin.al\/index.php?rest_route=\/wp\/v2\/posts\/65333\/revisions\/65334"}],"wp:featuredmedia":[{"embeddable":true,"href":"https:\/\/blogin.al\/index.php?rest_route=\/wp\/v2\/media\/65332"}],"wp:attachment":[{"href":"https:\/\/blogin.al\/index.php?rest_route=%2Fwp%2Fv2%2Fmedia&parent=65333"}],"wp:term":[{"taxonomy":"category","embeddable":true,"href":"https:\/\/blogin.al\/index.php?rest_route=%2Fwp%2Fv2%2Fcategories&post=65333"},{"taxonomy":"post_tag","embeddable":true,"href":"https:\/\/blogin.al\/index.php?rest_route=%2Fwp%2Fv2%2Ftags&post=65333"}],"curies":[{"name":"wp","href":"https:\/\/api.w.org\/{rel}","templated":true}]}}