{"id":65336,"date":"2026-03-12T07:26:27","date_gmt":"2026-03-12T07:26:27","guid":{"rendered":"https:\/\/blogin.al\/?p=65336"},"modified":"2026-03-12T07:26:36","modified_gmt":"2026-03-12T07:26:36","slug":"pas-deklarates-se-mirit-per-selin-reagon-bashkeshortja-e-tij","status":"publish","type":"post","link":"https:\/\/blogin.al\/?p=65336","title":{"rendered":"Pas deklarat\u00ebs s\u00eb Mirit p\u00ebr Selin, reagon bashk\u00ebshortja e tij"},"content":{"rendered":"<p>Spektakli i fundit i \u201cBig Brother VIP Albania\u201d solli nj\u00eb tjet\u00ebr moment t\u00eb fort\u00eb q\u00eb lidhet me raportin e shum\u00ebkomentuar mes Mirit dhe Selin\u00ebs, duke ndezur debate si brenda sht\u00ebpis\u00eb, ashtu edhe n\u00eb rrjetet sociale.<\/p>\n<p>Gjat\u00eb Prime-t, moderatori Ledion Li\u00e7o e pyeti drejtp\u00ebrdrejt Mirin n\u00ebse ka ndjenja p\u00ebr Selin\u00ebn. Banori e mohoi kategorikisht nj\u00eb gj\u00eb t\u00eb till\u00eb, duke theksuar se mes tyre nuk ekziston asnj\u00eb lidhje romantike.<\/p>\n<p>Megjithat\u00eb, situata mori nj\u00eb kthes\u00eb tjet\u00ebr kur produksioni transmetoi nj\u00eb klip nga Dhoma e Rr\u00ebfimit. N\u00eb pamjet e shfaqura, Miri dukej i prekur dhe me lot n\u00eb sy teksa shprehej: \u201cDuan t\u00eb na ndajn\u00eb. E dua, si njeri, \u00ebsht\u00eb super vajz\u00eb.\u201d<\/p>\n<p>Kjo deklarat\u00eb u komentua gjer\u00ebsisht dhe krijoi nj\u00eb val\u00eb reagimesh, duke shtuar dyshimet p\u00ebr natyr\u00ebn e marr\u00ebdh\u00ebnies mes tyre. Debatet nuk munguan as brenda sht\u00ebpis\u00eb, nd\u00ebrsa publiku n\u00eb rrjetet sociale reagoi menj\u00ebher\u00eb ndaj momentit t\u00eb transmetuar n\u00eb Prime.<\/p>\n<p>Pas gjith\u00eb k\u00ebsaj v\u00ebmendjeje, reagimi i bashk\u00ebshortes s\u00eb Mirit nuk vonoi. Ajo vendosi t\u00eb thyej\u00eb heshtjen p\u00ebrmes nj\u00eb postimi n\u00eb Instagram, ku rishp\u00ebrndau nj\u00eb shkrim t\u00eb mikut dhe kolegut t\u00eb Mirit nga grupi West Side Family, Landi.<\/p>\n<p>N\u00eb postimin e publikuar hidhen posht\u00eb t\u00eb gjitha aludimet p\u00ebr nj\u00eb romanc\u00eb t\u00eb mundshme mes Mirit dhe Selin\u00ebs, duke e cil\u00ebsuar situat\u00ebn si nj\u00eb histori t\u00eb ekzagjeruar q\u00eb po p\u00ebrs\u00ebritet vazhdimisht.<\/p>\n<p>\u201cNjer\u00ebzit mund t\u00eb pranojn\u00eb edhe marr\u00ebzit\u00eb m\u00eb t\u00eb skandaloze n\u00ebse p\u00ebrs\u00ebriten shpesh. E till\u00eb \u00ebsht\u00eb edhe historia e ndjenjave ndaj Selin, nj\u00eb marr\u00ebzi q\u00eb po p\u00ebrs\u00ebritet shpesh. MIRI, MIRI DHE VET\u00cbM MIRI,\u201d \u2013 shkruhej n\u00eb postimin e rishp\u00ebrndar\u00eb.<\/p>\n","protected":false},"excerpt":{"rendered":"<p>Spektakli i fundit i \u201cBig Brother VIP Albania\u201d solli nj\u00eb tjet\u00ebr moment t\u00eb fort\u00eb q\u00eb lidhet me raportin e shum\u00ebkomentuar mes Mirit dhe Selin\u00ebs, duke ndezur debate si brenda sht\u00ebpis\u00eb, ashtu edhe n\u00eb rrjetet sociale. Gjat\u00eb Prime-t, moderatori Ledion Li\u00e7o e pyeti drejtp\u00ebrdrejt Mirin n\u00ebse ka ndjenja p\u00ebr Selin\u00ebn. Banori e mohoi kategorikisht nj\u00eb gj\u00eb [&hellip;]<\/p>\n","protected":false},"author":2,"featured_media":65335,"comment_status":"open","ping_status":"open","sticky":false,"template":"","format":"standard","meta":{"footnotes":""},"categories":[33],"tags":[],"class_list":{"0":"post-65336","1":"post","2":"type-post","3":"status-publish","4":"format-standard","5":"has-post-thumbnail","7":"category-showbiz"},"yoast_head":"<!-- This site is optimized with the Yoast SEO plugin v27.4 - https:\/\/yoast.com\/product\/yoast-seo-wordpress\/ -->\n<title>Pas deklarat\u00ebs s\u00eb Mirit p\u00ebr Selin, reagon bashk\u00ebshortja e tij - blogin.al<\/title>\n<meta name=\"robots\" content=\"index, follow, max-snippet:-1, max-image-preview:large, max-video-preview:-1\" \/>\n<link rel=\"canonical\" href=\"https:\/\/blogin.al\/?p=65336\" \/>\n<meta property=\"og:locale\" content=\"en_US\" \/>\n<meta property=\"og:type\" content=\"article\" \/>\n<meta property=\"og:title\" content=\"Pas deklarat\u00ebs s\u00eb Mirit p\u00ebr Selin, reagon bashk\u00ebshortja e tij - blogin.al\" \/>\n<meta property=\"og:description\" content=\"Spektakli i fundit i \u201cBig Brother VIP Albania\u201d solli nj\u00eb tjet\u00ebr moment t\u00eb fort\u00eb q\u00eb lidhet me raportin e shum\u00ebkomentuar mes Mirit dhe Selin\u00ebs, duke ndezur debate si brenda sht\u00ebpis\u00eb, ashtu edhe n\u00eb rrjetet sociale. Gjat\u00eb Prime-t, moderatori Ledion Li\u00e7o e pyeti drejtp\u00ebrdrejt Mirin n\u00ebse ka ndjenja p\u00ebr Selin\u00ebn. Banori e mohoi kategorikisht nj\u00eb gj\u00eb [&hellip;]\" \/>\n<meta property=\"og:url\" content=\"https:\/\/blogin.al\/?p=65336\" \/>\n<meta property=\"og:site_name\" content=\"blogin.al\" \/>\n<meta property=\"article:published_time\" content=\"2026-03-12T07:26:27+00:00\" \/>\n<meta property=\"article:modified_time\" content=\"2026-03-12T07:26:36+00:00\" \/>\n<meta property=\"og:image\" content=\"https:\/\/blogin.al\/wp-content\/uploads\/2026\/03\/Screenshot_20260312_082546_Chrome.jpg\" \/>\n\t<meta property=\"og:image:width\" content=\"989\" \/>\n\t<meta property=\"og:image:height\" content=\"516\" \/>\n\t<meta property=\"og:image:type\" content=\"image\/jpeg\" \/>\n<meta name=\"author\" content=\"Blogin al\" \/>\n<meta name=\"twitter:card\" content=\"summary_large_image\" \/>\n<meta name=\"twitter:label1\" content=\"Written by\" \/>\n\t<meta name=\"twitter:data1\" content=\"Blogin al\" \/>\n\t<meta name=\"twitter:label2\" content=\"Est. reading time\" \/>\n\t<meta name=\"twitter:data2\" content=\"1 minute\" \/>\n<script type=\"application\/ld+json\" class=\"yoast-schema-graph\">{\"@context\":\"https:\\\/\\\/schema.org\",\"@graph\":[{\"@type\":\"Article\",\"@id\":\"https:\\\/\\\/blogin.al\\\/?p=65336#article\",\"isPartOf\":{\"@id\":\"https:\\\/\\\/blogin.al\\\/?p=65336\"},\"author\":{\"name\":\"Blogin al\",\"@id\":\"https:\\\/\\\/blogin.al\\\/#\\\/schema\\\/person\\\/abdd56bc912cd511db877b852b115399\"},\"headline\":\"Pas deklarat\u00ebs s\u00eb Mirit p\u00ebr Selin, reagon bashk\u00ebshortja e tij\",\"datePublished\":\"2026-03-12T07:26:27+00:00\",\"dateModified\":\"2026-03-12T07:26:36+00:00\",\"mainEntityOfPage\":{\"@id\":\"https:\\\/\\\/blogin.al\\\/?p=65336\"},\"wordCount\":304,\"commentCount\":0,\"publisher\":{\"@id\":\"https:\\\/\\\/blogin.al\\\/#organization\"},\"image\":{\"@id\":\"https:\\\/\\\/blogin.al\\\/?p=65336#primaryimage\"},\"thumbnailUrl\":\"https:\\\/\\\/blogin.al\\\/wp-content\\\/uploads\\\/2026\\\/03\\\/Screenshot_20260312_082546_Chrome.jpg\",\"articleSection\":[\"SHOWBIZ\"],\"inLanguage\":\"en-US\",\"potentialAction\":[{\"@type\":\"CommentAction\",\"name\":\"Comment\",\"target\":[\"https:\\\/\\\/blogin.al\\\/?p=65336#respond\"]}]},{\"@type\":\"WebPage\",\"@id\":\"https:\\\/\\\/blogin.al\\\/?p=65336\",\"url\":\"https:\\\/\\\/blogin.al\\\/?p=65336\",\"name\":\"Pas deklarat\u00ebs s\u00eb Mirit p\u00ebr Selin, reagon bashk\u00ebshortja e tij - blogin.al\",\"isPartOf\":{\"@id\":\"https:\\\/\\\/blogin.al\\\/#website\"},\"primaryImageOfPage\":{\"@id\":\"https:\\\/\\\/blogin.al\\\/?p=65336#primaryimage\"},\"image\":{\"@id\":\"https:\\\/\\\/blogin.al\\\/?p=65336#primaryimage\"},\"thumbnailUrl\":\"https:\\\/\\\/blogin.al\\\/wp-content\\\/uploads\\\/2026\\\/03\\\/Screenshot_20260312_082546_Chrome.jpg\",\"datePublished\":\"2026-03-12T07:26:27+00:00\",\"dateModified\":\"2026-03-12T07:26:36+00:00\",\"breadcrumb\":{\"@id\":\"https:\\\/\\\/blogin.al\\\/?p=65336#breadcrumb\"},\"inLanguage\":\"en-US\",\"potentialAction\":[{\"@type\":\"ReadAction\",\"target\":[\"https:\\\/\\\/blogin.al\\\/?p=65336\"]}]},{\"@type\":\"ImageObject\",\"inLanguage\":\"en-US\",\"@id\":\"https:\\\/\\\/blogin.al\\\/?p=65336#primaryimage\",\"url\":\"https:\\\/\\\/blogin.al\\\/wp-content\\\/uploads\\\/2026\\\/03\\\/Screenshot_20260312_082546_Chrome.jpg\",\"contentUrl\":\"https:\\\/\\\/blogin.al\\\/wp-content\\\/uploads\\\/2026\\\/03\\\/Screenshot_20260312_082546_Chrome.jpg\",\"width\":989,\"height\":516},{\"@type\":\"BreadcrumbList\",\"@id\":\"https:\\\/\\\/blogin.al\\\/?p=65336#breadcrumb\",\"itemListElement\":[{\"@type\":\"ListItem\",\"position\":1,\"name\":\"Home\",\"item\":\"https:\\\/\\\/blogin.al\\\/\"},{\"@type\":\"ListItem\",\"position\":2,\"name\":\"Pas deklarat\u00ebs s\u00eb Mirit p\u00ebr Selin, reagon bashk\u00ebshortja e tij\"}]},{\"@type\":\"WebSite\",\"@id\":\"https:\\\/\\\/blogin.al\\\/#website\",\"url\":\"https:\\\/\\\/blogin.al\\\/\",\"name\":\"blogin.al\",\"description\":\"\",\"publisher\":{\"@id\":\"https:\\\/\\\/blogin.al\\\/#organization\"},\"potentialAction\":[{\"@type\":\"SearchAction\",\"target\":{\"@type\":\"EntryPoint\",\"urlTemplate\":\"https:\\\/\\\/blogin.al\\\/?s={search_term_string}\"},\"query-input\":{\"@type\":\"PropertyValueSpecification\",\"valueRequired\":true,\"valueName\":\"search_term_string\"}}],\"inLanguage\":\"en-US\"},{\"@type\":\"Organization\",\"@id\":\"https:\\\/\\\/blogin.al\\\/#organization\",\"name\":\"BLOGIN.al\",\"url\":\"https:\\\/\\\/blogin.al\\\/\",\"logo\":{\"@type\":\"ImageObject\",\"inLanguage\":\"en-US\",\"@id\":\"https:\\\/\\\/blogin.al\\\/#\\\/schema\\\/logo\\\/image\\\/\",\"url\":\"https:\\\/\\\/blogin.al\\\/wp-content\\\/uploads\\\/2022\\\/05\\\/Untitled-2-01-e1652084456514.png\",\"contentUrl\":\"https:\\\/\\\/blogin.al\\\/wp-content\\\/uploads\\\/2022\\\/05\\\/Untitled-2-01-e1652084456514.png\",\"width\":3723,\"height\":1698,\"caption\":\"BLOGIN.al\"},\"image\":{\"@id\":\"https:\\\/\\\/blogin.al\\\/#\\\/schema\\\/logo\\\/image\\\/\"},\"sameAs\":[\"https:\\\/\\\/instagram.com\\\/blogin.al\\\/\"]},{\"@type\":\"Person\",\"@id\":\"https:\\\/\\\/blogin.al\\\/#\\\/schema\\\/person\\\/abdd56bc912cd511db877b852b115399\",\"name\":\"Blogin al\",\"image\":{\"@type\":\"ImageObject\",\"inLanguage\":\"en-US\",\"@id\":\"https:\\\/\\\/secure.gravatar.com\\\/avatar\\\/60d5661aee6e835fb13dc75d2204cd0c1d61bef2efd137c0083e59ef831e235e?s=96&d=mm&r=g\",\"url\":\"https:\\\/\\\/secure.gravatar.com\\\/avatar\\\/60d5661aee6e835fb13dc75d2204cd0c1d61bef2efd137c0083e59ef831e235e?s=96&d=mm&r=g\",\"contentUrl\":\"https:\\\/\\\/secure.gravatar.com\\\/avatar\\\/60d5661aee6e835fb13dc75d2204cd0c1d61bef2efd137c0083e59ef831e235e?s=96&d=mm&r=g\",\"caption\":\"Blogin al\"},\"sameAs\":[\"https:\\\/\\\/blogin.al\"],\"url\":\"https:\\\/\\\/blogin.al\\\/?author=2\"}]}<\/script>\n<!-- \/ Yoast SEO plugin. -->","yoast_head_json":{"title":"Pas deklarat\u00ebs s\u00eb Mirit p\u00ebr Selin, reagon bashk\u00ebshortja e tij - blogin.al","robots":{"index":"index","follow":"follow","max-snippet":"max-snippet:-1","max-image-preview":"max-image-preview:large","max-video-preview":"max-video-preview:-1"},"canonical":"https:\/\/blogin.al\/?p=65336","og_locale":"en_US","og_type":"article","og_title":"Pas deklarat\u00ebs s\u00eb Mirit p\u00ebr Selin, reagon bashk\u00ebshortja e tij - blogin.al","og_description":"Spektakli i fundit i \u201cBig Brother VIP Albania\u201d solli nj\u00eb tjet\u00ebr moment t\u00eb fort\u00eb q\u00eb lidhet me raportin e shum\u00ebkomentuar mes Mirit dhe Selin\u00ebs, duke ndezur debate si brenda sht\u00ebpis\u00eb, ashtu edhe n\u00eb rrjetet sociale. Gjat\u00eb Prime-t, moderatori Ledion Li\u00e7o e pyeti drejtp\u00ebrdrejt Mirin n\u00ebse ka ndjenja p\u00ebr Selin\u00ebn. Banori e mohoi kategorikisht nj\u00eb gj\u00eb [&hellip;]","og_url":"https:\/\/blogin.al\/?p=65336","og_site_name":"blogin.al","article_published_time":"2026-03-12T07:26:27+00:00","article_modified_time":"2026-03-12T07:26:36+00:00","og_image":[{"width":989,"height":516,"url":"https:\/\/blogin.al\/wp-content\/uploads\/2026\/03\/Screenshot_20260312_082546_Chrome.jpg","type":"image\/jpeg"}],"author":"Blogin al","twitter_card":"summary_large_image","twitter_misc":{"Written by":"Blogin al","Est. reading time":"1 minute"},"schema":{"@context":"https:\/\/schema.org","@graph":[{"@type":"Article","@id":"https:\/\/blogin.al\/?p=65336#article","isPartOf":{"@id":"https:\/\/blogin.al\/?p=65336"},"author":{"name":"Blogin al","@id":"https:\/\/blogin.al\/#\/schema\/person\/abdd56bc912cd511db877b852b115399"},"headline":"Pas deklarat\u00ebs s\u00eb Mirit p\u00ebr Selin, reagon bashk\u00ebshortja e tij","datePublished":"2026-03-12T07:26:27+00:00","dateModified":"2026-03-12T07:26:36+00:00","mainEntityOfPage":{"@id":"https:\/\/blogin.al\/?p=65336"},"wordCount":304,"commentCount":0,"publisher":{"@id":"https:\/\/blogin.al\/#organization"},"image":{"@id":"https:\/\/blogin.al\/?p=65336#primaryimage"},"thumbnailUrl":"https:\/\/blogin.al\/wp-content\/uploads\/2026\/03\/Screenshot_20260312_082546_Chrome.jpg","articleSection":["SHOWBIZ"],"inLanguage":"en-US","potentialAction":[{"@type":"CommentAction","name":"Comment","target":["https:\/\/blogin.al\/?p=65336#respond"]}]},{"@type":"WebPage","@id":"https:\/\/blogin.al\/?p=65336","url":"https:\/\/blogin.al\/?p=65336","name":"Pas deklarat\u00ebs s\u00eb Mirit p\u00ebr Selin, reagon bashk\u00ebshortja e tij - blogin.al","isPartOf":{"@id":"https:\/\/blogin.al\/#website"},"primaryImageOfPage":{"@id":"https:\/\/blogin.al\/?p=65336#primaryimage"},"image":{"@id":"https:\/\/blogin.al\/?p=65336#primaryimage"},"thumbnailUrl":"https:\/\/blogin.al\/wp-content\/uploads\/2026\/03\/Screenshot_20260312_082546_Chrome.jpg","datePublished":"2026-03-12T07:26:27+00:00","dateModified":"2026-03-12T07:26:36+00:00","breadcrumb":{"@id":"https:\/\/blogin.al\/?p=65336#breadcrumb"},"inLanguage":"en-US","potentialAction":[{"@type":"ReadAction","target":["https:\/\/blogin.al\/?p=65336"]}]},{"@type":"ImageObject","inLanguage":"en-US","@id":"https:\/\/blogin.al\/?p=65336#primaryimage","url":"https:\/\/blogin.al\/wp-content\/uploads\/2026\/03\/Screenshot_20260312_082546_Chrome.jpg","contentUrl":"https:\/\/blogin.al\/wp-content\/uploads\/2026\/03\/Screenshot_20260312_082546_Chrome.jpg","width":989,"height":516},{"@type":"BreadcrumbList","@id":"https:\/\/blogin.al\/?p=65336#breadcrumb","itemListElement":[{"@type":"ListItem","position":1,"name":"Home","item":"https:\/\/blogin.al\/"},{"@type":"ListItem","position":2,"name":"Pas deklarat\u00ebs s\u00eb Mirit p\u00ebr Selin, reagon bashk\u00ebshortja e tij"}]},{"@type":"WebSite","@id":"https:\/\/blogin.al\/#website","url":"https:\/\/blogin.al\/","name":"blogin.al","description":"","publisher":{"@id":"https:\/\/blogin.al\/#organization"},"potentialAction":[{"@type":"SearchAction","target":{"@type":"EntryPoint","urlTemplate":"https:\/\/blogin.al\/?s={search_term_string}"},"query-input":{"@type":"PropertyValueSpecification","valueRequired":true,"valueName":"search_term_string"}}],"inLanguage":"en-US"},{"@type":"Organization","@id":"https:\/\/blogin.al\/#organization","name":"BLOGIN.al","url":"https:\/\/blogin.al\/","logo":{"@type":"ImageObject","inLanguage":"en-US","@id":"https:\/\/blogin.al\/#\/schema\/logo\/image\/","url":"https:\/\/blogin.al\/wp-content\/uploads\/2022\/05\/Untitled-2-01-e1652084456514.png","contentUrl":"https:\/\/blogin.al\/wp-content\/uploads\/2022\/05\/Untitled-2-01-e1652084456514.png","width":3723,"height":1698,"caption":"BLOGIN.al"},"image":{"@id":"https:\/\/blogin.al\/#\/schema\/logo\/image\/"},"sameAs":["https:\/\/instagram.com\/blogin.al\/"]},{"@type":"Person","@id":"https:\/\/blogin.al\/#\/schema\/person\/abdd56bc912cd511db877b852b115399","name":"Blogin al","image":{"@type":"ImageObject","inLanguage":"en-US","@id":"https:\/\/secure.gravatar.com\/avatar\/60d5661aee6e835fb13dc75d2204cd0c1d61bef2efd137c0083e59ef831e235e?s=96&d=mm&r=g","url":"https:\/\/secure.gravatar.com\/avatar\/60d5661aee6e835fb13dc75d2204cd0c1d61bef2efd137c0083e59ef831e235e?s=96&d=mm&r=g","contentUrl":"https:\/\/secure.gravatar.com\/avatar\/60d5661aee6e835fb13dc75d2204cd0c1d61bef2efd137c0083e59ef831e235e?s=96&d=mm&r=g","caption":"Blogin al"},"sameAs":["https:\/\/blogin.al"],"url":"https:\/\/blogin.al\/?author=2"}]}},"_links":{"self":[{"href":"https:\/\/blogin.al\/index.php?rest_route=\/wp\/v2\/posts\/65336","targetHints":{"allow":["GET"]}}],"collection":[{"href":"https:\/\/blogin.al\/index.php?rest_route=\/wp\/v2\/posts"}],"about":[{"href":"https:\/\/blogin.al\/index.php?rest_route=\/wp\/v2\/types\/post"}],"author":[{"embeddable":true,"href":"https:\/\/blogin.al\/index.php?rest_route=\/wp\/v2\/users\/2"}],"replies":[{"embeddable":true,"href":"https:\/\/blogin.al\/index.php?rest_route=%2Fwp%2Fv2%2Fcomments&post=65336"}],"version-history":[{"count":1,"href":"https:\/\/blogin.al\/index.php?rest_route=\/wp\/v2\/posts\/65336\/revisions"}],"predecessor-version":[{"id":65337,"href":"https:\/\/blogin.al\/index.php?rest_route=\/wp\/v2\/posts\/65336\/revisions\/65337"}],"wp:featuredmedia":[{"embeddable":true,"href":"https:\/\/blogin.al\/index.php?rest_route=\/wp\/v2\/media\/65335"}],"wp:attachment":[{"href":"https:\/\/blogin.al\/index.php?rest_route=%2Fwp%2Fv2%2Fmedia&parent=65336"}],"wp:term":[{"taxonomy":"category","embeddable":true,"href":"https:\/\/blogin.al\/index.php?rest_route=%2Fwp%2Fv2%2Fcategories&post=65336"},{"taxonomy":"post_tag","embeddable":true,"href":"https:\/\/blogin.al\/index.php?rest_route=%2Fwp%2Fv2%2Ftags&post=65336"}],"curies":[{"name":"wp","href":"https:\/\/api.w.org\/{rel}","templated":true}]}}