{"id":65339,"date":"2026-03-12T07:27:50","date_gmt":"2026-03-12T07:27:50","guid":{"rendered":"https:\/\/blogin.al\/?p=65339"},"modified":"2026-03-12T07:28:17","modified_gmt":"2026-03-12T07:28:17","slug":"elijona-binakaj-po-i-cmend-bizneset-me-tarifat-e-saj-sa-kushton-nje-postim","status":"publish","type":"post","link":"https:\/\/blogin.al\/?p=65339","title":{"rendered":"Elijona Binakaj po i \u201c\u00e7mend\u201d bizneset me tarifat e saj\u2026 sa kushton nj\u00eb postim?"},"content":{"rendered":"<p>M\u00ebsohet se p\u00ebr publikimin e nj\u00eb videoje reklamuese n\u00eb profilin e saj, ajo k\u00ebrkon rreth 7.500 euro. Nd\u00ebrsa n\u00eb rastet kur bashk\u00ebpunimi p\u00ebrfshin dy video promocionale, \u00e7mimi total ulet n\u00eb rreth 14 mij\u00eb euro.<\/p>\n<p>Po ashtu, thuhet se materialet reklamuese q\u00eb publikohen n\u00eb profilin e saj nuk q\u00ebndrojn\u00eb p\u00ebrgjithmon\u00eb, pasi ato mbeten t\u00eb publikuara p\u00ebr nj\u00eb periudh\u00eb t\u00eb kufizuar prej rreth tre muajsh. Kjo \u00ebsht\u00eb nj\u00eb praktik\u00eb q\u00eb po p\u00ebrdoret shpesh nga influencuesit p\u00ebr t\u00eb ruajtur balanc\u00ebn mes p\u00ebrmbajtjes personale dhe asaj komerciale.<\/p>\n<p>Popullariteti i Elijon\u00ebs u rrit ndjesh\u00ebm gjat\u00eb rrug\u00ebtimit t\u00eb saj n\u00eb k\u00ebt\u00eb format televiziv. Ajo arriti t\u00eb t\u00ebrheq\u00eb v\u00ebmendjen e publikut p\u00ebr m\u00ebnyr\u00ebn e saj t\u00eb komunikimit dhe p\u00ebr q\u00ebndrimin q\u00eb mbajti gjat\u00eb gjith\u00eb spektaklit, pavar\u00ebsisht mosh\u00ebs s\u00eb re.<\/p>\n<p data-start=\"1299\" data-end=\"1488\" data-is-last-node=\"\" data-is-only-node=\"\" style=\"box-sizing:border-box; margin:0px0px1em; padding:0px; border:0px; font-style:normal; font-variant-ligatures:normal; font-variant-caps:normal; font-variant-numeric:inherit; font-variant-east-asian:inherit; font-variant-alternates:inherit; font-variant-position:inherit; font-variant-emoji:inherit; font-weight:400; font-stretch:inherit; font-size:16px; line-height:inherit; font-family:\" helveticaneue_,helvetica,roboto,arial,sans-serif; font-optical-sizing:inherit; font-size-adjust:inherit; font-kerning:inherit; font-feature-settings:inherit; font-variation-settings:inherit; font-language-override:inherit; vertical-align:baseline; text-rendering:optimizelegibility; color:rgb(255,255,255); letter-spacing:normal; orphans:2text-indent:0px; text-transform:none; widows:2; word-spacing:0px; -webkit-text-stroke-width:0px; white-space:normal; background-color:rgb(26,26,26); text-decoration-thickness:initial; text-decoration-style:initial; text-decoration-color:initial; text-align:left;_>N\u00eb fund t\u00eb gar\u00ebs, ajo u rendit n\u00eb vendin e dyt\u00eb, nd\u00ebrsa fitues i k\u00ebtij edicioni t\u00eb Big Brother VIP Kosova u shpall Londrim Mekaj, i cili arriti t\u00eb marr\u00eb mb\u00ebshtetjen m\u00eb t\u00eb madhe nga publiku.<\/p>\n","protected":false},"excerpt":{"rendered":"<p>M\u00ebsohet se p\u00ebr publikimin e nj\u00eb videoje reklamuese n\u00eb profilin e saj, ajo k\u00ebrkon rreth 7.500 euro. Nd\u00ebrsa n\u00eb rastet kur bashk\u00ebpunimi p\u00ebrfshin dy video promocionale, \u00e7mimi total ulet n\u00eb rreth 14 mij\u00eb euro. Po ashtu, thuhet se materialet reklamuese q\u00eb publikohen n\u00eb profilin e saj nuk q\u00ebndrojn\u00eb p\u00ebrgjithmon\u00eb, pasi ato mbeten t\u00eb publikuara p\u00ebr [&hellip;]<\/p>\n","protected":false},"author":2,"featured_media":65338,"comment_status":"open","ping_status":"open","sticky":false,"template":"","format":"standard","meta":{"footnotes":""},"categories":[33],"tags":[],"class_list":{"0":"post-65339","1":"post","2":"type-post","3":"status-publish","4":"format-standard","5":"has-post-thumbnail","7":"category-showbiz"},"yoast_head":"<!-- This site is optimized with the Yoast SEO plugin v27.4 - https:\/\/yoast.com\/product\/yoast-seo-wordpress\/ -->\n<title>Elijona Binakaj po i \u201c\u00e7mend\u201d bizneset me tarifat e saj\u2026 sa kushton nj\u00eb postim? - blogin.al<\/title>\n<meta name=\"robots\" content=\"index, follow, max-snippet:-1, max-image-preview:large, max-video-preview:-1\" \/>\n<link rel=\"canonical\" href=\"https:\/\/blogin.al\/?p=65339\" \/>\n<meta property=\"og:locale\" content=\"en_US\" \/>\n<meta property=\"og:type\" content=\"article\" \/>\n<meta property=\"og:title\" content=\"Elijona Binakaj po i \u201c\u00e7mend\u201d bizneset me tarifat e saj\u2026 sa kushton nj\u00eb postim? - blogin.al\" \/>\n<meta property=\"og:description\" content=\"M\u00ebsohet se p\u00ebr publikimin e nj\u00eb videoje reklamuese n\u00eb profilin e saj, ajo k\u00ebrkon rreth 7.500 euro. Nd\u00ebrsa n\u00eb rastet kur bashk\u00ebpunimi p\u00ebrfshin dy video promocionale, \u00e7mimi total ulet n\u00eb rreth 14 mij\u00eb euro. Po ashtu, thuhet se materialet reklamuese q\u00eb publikohen n\u00eb profilin e saj nuk q\u00ebndrojn\u00eb p\u00ebrgjithmon\u00eb, pasi ato mbeten t\u00eb publikuara p\u00ebr [&hellip;]\" \/>\n<meta property=\"og:url\" content=\"https:\/\/blogin.al\/?p=65339\" \/>\n<meta property=\"og:site_name\" content=\"blogin.al\" \/>\n<meta property=\"article:published_time\" content=\"2026-03-12T07:27:50+00:00\" \/>\n<meta property=\"article:modified_time\" content=\"2026-03-12T07:28:17+00:00\" \/>\n<meta property=\"og:image\" content=\"https:\/\/blogin.al\/wp-content\/uploads\/2026\/03\/Screenshot_20260312_082808_Chrome.jpg\" \/>\n\t<meta property=\"og:image:width\" content=\"879\" \/>\n\t<meta property=\"og:image:height\" content=\"492\" \/>\n\t<meta property=\"og:image:type\" content=\"image\/jpeg\" \/>\n<meta name=\"author\" content=\"Blogin al\" \/>\n<meta name=\"twitter:card\" content=\"summary_large_image\" \/>\n<meta name=\"twitter:label1\" content=\"Written by\" \/>\n\t<meta name=\"twitter:data1\" content=\"Blogin al\" \/>\n\t<meta name=\"twitter:label2\" content=\"Est. reading time\" \/>\n\t<meta name=\"twitter:data2\" content=\"1 minute\" \/>\n<script type=\"application\/ld+json\" class=\"yoast-schema-graph\">{\"@context\":\"https:\\\/\\\/schema.org\",\"@graph\":[{\"@type\":\"Article\",\"@id\":\"https:\\\/\\\/blogin.al\\\/?p=65339#article\",\"isPartOf\":{\"@id\":\"https:\\\/\\\/blogin.al\\\/?p=65339\"},\"author\":{\"name\":\"Blogin al\",\"@id\":\"https:\\\/\\\/blogin.al\\\/#\\\/schema\\\/person\\\/abdd56bc912cd511db877b852b115399\"},\"headline\":\"Elijona Binakaj po i \u201c\u00e7mend\u201d bizneset me tarifat e saj\u2026 sa kushton nj\u00eb postim?\",\"datePublished\":\"2026-03-12T07:27:50+00:00\",\"dateModified\":\"2026-03-12T07:28:17+00:00\",\"mainEntityOfPage\":{\"@id\":\"https:\\\/\\\/blogin.al\\\/?p=65339\"},\"wordCount\":200,\"commentCount\":0,\"publisher\":{\"@id\":\"https:\\\/\\\/blogin.al\\\/#organization\"},\"image\":{\"@id\":\"https:\\\/\\\/blogin.al\\\/?p=65339#primaryimage\"},\"thumbnailUrl\":\"https:\\\/\\\/blogin.al\\\/wp-content\\\/uploads\\\/2026\\\/03\\\/Screenshot_20260312_082808_Chrome.jpg\",\"articleSection\":[\"SHOWBIZ\"],\"inLanguage\":\"en-US\",\"potentialAction\":[{\"@type\":\"CommentAction\",\"name\":\"Comment\",\"target\":[\"https:\\\/\\\/blogin.al\\\/?p=65339#respond\"]}]},{\"@type\":\"WebPage\",\"@id\":\"https:\\\/\\\/blogin.al\\\/?p=65339\",\"url\":\"https:\\\/\\\/blogin.al\\\/?p=65339\",\"name\":\"Elijona Binakaj po i \u201c\u00e7mend\u201d bizneset me tarifat e saj\u2026 sa kushton nj\u00eb postim? - blogin.al\",\"isPartOf\":{\"@id\":\"https:\\\/\\\/blogin.al\\\/#website\"},\"primaryImageOfPage\":{\"@id\":\"https:\\\/\\\/blogin.al\\\/?p=65339#primaryimage\"},\"image\":{\"@id\":\"https:\\\/\\\/blogin.al\\\/?p=65339#primaryimage\"},\"thumbnailUrl\":\"https:\\\/\\\/blogin.al\\\/wp-content\\\/uploads\\\/2026\\\/03\\\/Screenshot_20260312_082808_Chrome.jpg\",\"datePublished\":\"2026-03-12T07:27:50+00:00\",\"dateModified\":\"2026-03-12T07:28:17+00:00\",\"breadcrumb\":{\"@id\":\"https:\\\/\\\/blogin.al\\\/?p=65339#breadcrumb\"},\"inLanguage\":\"en-US\",\"potentialAction\":[{\"@type\":\"ReadAction\",\"target\":[\"https:\\\/\\\/blogin.al\\\/?p=65339\"]}]},{\"@type\":\"ImageObject\",\"inLanguage\":\"en-US\",\"@id\":\"https:\\\/\\\/blogin.al\\\/?p=65339#primaryimage\",\"url\":\"https:\\\/\\\/blogin.al\\\/wp-content\\\/uploads\\\/2026\\\/03\\\/Screenshot_20260312_082808_Chrome.jpg\",\"contentUrl\":\"https:\\\/\\\/blogin.al\\\/wp-content\\\/uploads\\\/2026\\\/03\\\/Screenshot_20260312_082808_Chrome.jpg\",\"width\":879,\"height\":492},{\"@type\":\"BreadcrumbList\",\"@id\":\"https:\\\/\\\/blogin.al\\\/?p=65339#breadcrumb\",\"itemListElement\":[{\"@type\":\"ListItem\",\"position\":1,\"name\":\"Home\",\"item\":\"https:\\\/\\\/blogin.al\\\/\"},{\"@type\":\"ListItem\",\"position\":2,\"name\":\"Elijona Binakaj po i \u201c\u00e7mend\u201d bizneset me tarifat e saj\u2026 sa kushton nj\u00eb postim?\"}]},{\"@type\":\"WebSite\",\"@id\":\"https:\\\/\\\/blogin.al\\\/#website\",\"url\":\"https:\\\/\\\/blogin.al\\\/\",\"name\":\"blogin.al\",\"description\":\"\",\"publisher\":{\"@id\":\"https:\\\/\\\/blogin.al\\\/#organization\"},\"potentialAction\":[{\"@type\":\"SearchAction\",\"target\":{\"@type\":\"EntryPoint\",\"urlTemplate\":\"https:\\\/\\\/blogin.al\\\/?s={search_term_string}\"},\"query-input\":{\"@type\":\"PropertyValueSpecification\",\"valueRequired\":true,\"valueName\":\"search_term_string\"}}],\"inLanguage\":\"en-US\"},{\"@type\":\"Organization\",\"@id\":\"https:\\\/\\\/blogin.al\\\/#organization\",\"name\":\"BLOGIN.al\",\"url\":\"https:\\\/\\\/blogin.al\\\/\",\"logo\":{\"@type\":\"ImageObject\",\"inLanguage\":\"en-US\",\"@id\":\"https:\\\/\\\/blogin.al\\\/#\\\/schema\\\/logo\\\/image\\\/\",\"url\":\"https:\\\/\\\/blogin.al\\\/wp-content\\\/uploads\\\/2022\\\/05\\\/Untitled-2-01-e1652084456514.png\",\"contentUrl\":\"https:\\\/\\\/blogin.al\\\/wp-content\\\/uploads\\\/2022\\\/05\\\/Untitled-2-01-e1652084456514.png\",\"width\":3723,\"height\":1698,\"caption\":\"BLOGIN.al\"},\"image\":{\"@id\":\"https:\\\/\\\/blogin.al\\\/#\\\/schema\\\/logo\\\/image\\\/\"},\"sameAs\":[\"https:\\\/\\\/instagram.com\\\/blogin.al\\\/\"]},{\"@type\":\"Person\",\"@id\":\"https:\\\/\\\/blogin.al\\\/#\\\/schema\\\/person\\\/abdd56bc912cd511db877b852b115399\",\"name\":\"Blogin al\",\"image\":{\"@type\":\"ImageObject\",\"inLanguage\":\"en-US\",\"@id\":\"https:\\\/\\\/secure.gravatar.com\\\/avatar\\\/60d5661aee6e835fb13dc75d2204cd0c1d61bef2efd137c0083e59ef831e235e?s=96&d=mm&r=g\",\"url\":\"https:\\\/\\\/secure.gravatar.com\\\/avatar\\\/60d5661aee6e835fb13dc75d2204cd0c1d61bef2efd137c0083e59ef831e235e?s=96&d=mm&r=g\",\"contentUrl\":\"https:\\\/\\\/secure.gravatar.com\\\/avatar\\\/60d5661aee6e835fb13dc75d2204cd0c1d61bef2efd137c0083e59ef831e235e?s=96&d=mm&r=g\",\"caption\":\"Blogin al\"},\"sameAs\":[\"https:\\\/\\\/blogin.al\"],\"url\":\"https:\\\/\\\/blogin.al\\\/?author=2\"}]}<\/script>\n<!-- \/ Yoast SEO plugin. -->","yoast_head_json":{"title":"Elijona Binakaj po i \u201c\u00e7mend\u201d bizneset me tarifat e saj\u2026 sa kushton nj\u00eb postim? - blogin.al","robots":{"index":"index","follow":"follow","max-snippet":"max-snippet:-1","max-image-preview":"max-image-preview:large","max-video-preview":"max-video-preview:-1"},"canonical":"https:\/\/blogin.al\/?p=65339","og_locale":"en_US","og_type":"article","og_title":"Elijona Binakaj po i \u201c\u00e7mend\u201d bizneset me tarifat e saj\u2026 sa kushton nj\u00eb postim? - blogin.al","og_description":"M\u00ebsohet se p\u00ebr publikimin e nj\u00eb videoje reklamuese n\u00eb profilin e saj, ajo k\u00ebrkon rreth 7.500 euro. Nd\u00ebrsa n\u00eb rastet kur bashk\u00ebpunimi p\u00ebrfshin dy video promocionale, \u00e7mimi total ulet n\u00eb rreth 14 mij\u00eb euro. Po ashtu, thuhet se materialet reklamuese q\u00eb publikohen n\u00eb profilin e saj nuk q\u00ebndrojn\u00eb p\u00ebrgjithmon\u00eb, pasi ato mbeten t\u00eb publikuara p\u00ebr [&hellip;]","og_url":"https:\/\/blogin.al\/?p=65339","og_site_name":"blogin.al","article_published_time":"2026-03-12T07:27:50+00:00","article_modified_time":"2026-03-12T07:28:17+00:00","og_image":[{"width":879,"height":492,"url":"https:\/\/blogin.al\/wp-content\/uploads\/2026\/03\/Screenshot_20260312_082808_Chrome.jpg","type":"image\/jpeg"}],"author":"Blogin al","twitter_card":"summary_large_image","twitter_misc":{"Written by":"Blogin al","Est. reading time":"1 minute"},"schema":{"@context":"https:\/\/schema.org","@graph":[{"@type":"Article","@id":"https:\/\/blogin.al\/?p=65339#article","isPartOf":{"@id":"https:\/\/blogin.al\/?p=65339"},"author":{"name":"Blogin al","@id":"https:\/\/blogin.al\/#\/schema\/person\/abdd56bc912cd511db877b852b115399"},"headline":"Elijona Binakaj po i \u201c\u00e7mend\u201d bizneset me tarifat e saj\u2026 sa kushton nj\u00eb postim?","datePublished":"2026-03-12T07:27:50+00:00","dateModified":"2026-03-12T07:28:17+00:00","mainEntityOfPage":{"@id":"https:\/\/blogin.al\/?p=65339"},"wordCount":200,"commentCount":0,"publisher":{"@id":"https:\/\/blogin.al\/#organization"},"image":{"@id":"https:\/\/blogin.al\/?p=65339#primaryimage"},"thumbnailUrl":"https:\/\/blogin.al\/wp-content\/uploads\/2026\/03\/Screenshot_20260312_082808_Chrome.jpg","articleSection":["SHOWBIZ"],"inLanguage":"en-US","potentialAction":[{"@type":"CommentAction","name":"Comment","target":["https:\/\/blogin.al\/?p=65339#respond"]}]},{"@type":"WebPage","@id":"https:\/\/blogin.al\/?p=65339","url":"https:\/\/blogin.al\/?p=65339","name":"Elijona Binakaj po i \u201c\u00e7mend\u201d bizneset me tarifat e saj\u2026 sa kushton nj\u00eb postim? - blogin.al","isPartOf":{"@id":"https:\/\/blogin.al\/#website"},"primaryImageOfPage":{"@id":"https:\/\/blogin.al\/?p=65339#primaryimage"},"image":{"@id":"https:\/\/blogin.al\/?p=65339#primaryimage"},"thumbnailUrl":"https:\/\/blogin.al\/wp-content\/uploads\/2026\/03\/Screenshot_20260312_082808_Chrome.jpg","datePublished":"2026-03-12T07:27:50+00:00","dateModified":"2026-03-12T07:28:17+00:00","breadcrumb":{"@id":"https:\/\/blogin.al\/?p=65339#breadcrumb"},"inLanguage":"en-US","potentialAction":[{"@type":"ReadAction","target":["https:\/\/blogin.al\/?p=65339"]}]},{"@type":"ImageObject","inLanguage":"en-US","@id":"https:\/\/blogin.al\/?p=65339#primaryimage","url":"https:\/\/blogin.al\/wp-content\/uploads\/2026\/03\/Screenshot_20260312_082808_Chrome.jpg","contentUrl":"https:\/\/blogin.al\/wp-content\/uploads\/2026\/03\/Screenshot_20260312_082808_Chrome.jpg","width":879,"height":492},{"@type":"BreadcrumbList","@id":"https:\/\/blogin.al\/?p=65339#breadcrumb","itemListElement":[{"@type":"ListItem","position":1,"name":"Home","item":"https:\/\/blogin.al\/"},{"@type":"ListItem","position":2,"name":"Elijona Binakaj po i \u201c\u00e7mend\u201d bizneset me tarifat e saj\u2026 sa kushton nj\u00eb postim?"}]},{"@type":"WebSite","@id":"https:\/\/blogin.al\/#website","url":"https:\/\/blogin.al\/","name":"blogin.al","description":"","publisher":{"@id":"https:\/\/blogin.al\/#organization"},"potentialAction":[{"@type":"SearchAction","target":{"@type":"EntryPoint","urlTemplate":"https:\/\/blogin.al\/?s={search_term_string}"},"query-input":{"@type":"PropertyValueSpecification","valueRequired":true,"valueName":"search_term_string"}}],"inLanguage":"en-US"},{"@type":"Organization","@id":"https:\/\/blogin.al\/#organization","name":"BLOGIN.al","url":"https:\/\/blogin.al\/","logo":{"@type":"ImageObject","inLanguage":"en-US","@id":"https:\/\/blogin.al\/#\/schema\/logo\/image\/","url":"https:\/\/blogin.al\/wp-content\/uploads\/2022\/05\/Untitled-2-01-e1652084456514.png","contentUrl":"https:\/\/blogin.al\/wp-content\/uploads\/2022\/05\/Untitled-2-01-e1652084456514.png","width":3723,"height":1698,"caption":"BLOGIN.al"},"image":{"@id":"https:\/\/blogin.al\/#\/schema\/logo\/image\/"},"sameAs":["https:\/\/instagram.com\/blogin.al\/"]},{"@type":"Person","@id":"https:\/\/blogin.al\/#\/schema\/person\/abdd56bc912cd511db877b852b115399","name":"Blogin al","image":{"@type":"ImageObject","inLanguage":"en-US","@id":"https:\/\/secure.gravatar.com\/avatar\/60d5661aee6e835fb13dc75d2204cd0c1d61bef2efd137c0083e59ef831e235e?s=96&d=mm&r=g","url":"https:\/\/secure.gravatar.com\/avatar\/60d5661aee6e835fb13dc75d2204cd0c1d61bef2efd137c0083e59ef831e235e?s=96&d=mm&r=g","contentUrl":"https:\/\/secure.gravatar.com\/avatar\/60d5661aee6e835fb13dc75d2204cd0c1d61bef2efd137c0083e59ef831e235e?s=96&d=mm&r=g","caption":"Blogin al"},"sameAs":["https:\/\/blogin.al"],"url":"https:\/\/blogin.al\/?author=2"}]}},"_links":{"self":[{"href":"https:\/\/blogin.al\/index.php?rest_route=\/wp\/v2\/posts\/65339","targetHints":{"allow":["GET"]}}],"collection":[{"href":"https:\/\/blogin.al\/index.php?rest_route=\/wp\/v2\/posts"}],"about":[{"href":"https:\/\/blogin.al\/index.php?rest_route=\/wp\/v2\/types\/post"}],"author":[{"embeddable":true,"href":"https:\/\/blogin.al\/index.php?rest_route=\/wp\/v2\/users\/2"}],"replies":[{"embeddable":true,"href":"https:\/\/blogin.al\/index.php?rest_route=%2Fwp%2Fv2%2Fcomments&post=65339"}],"version-history":[{"count":1,"href":"https:\/\/blogin.al\/index.php?rest_route=\/wp\/v2\/posts\/65339\/revisions"}],"predecessor-version":[{"id":65340,"href":"https:\/\/blogin.al\/index.php?rest_route=\/wp\/v2\/posts\/65339\/revisions\/65340"}],"wp:featuredmedia":[{"embeddable":true,"href":"https:\/\/blogin.al\/index.php?rest_route=\/wp\/v2\/media\/65338"}],"wp:attachment":[{"href":"https:\/\/blogin.al\/index.php?rest_route=%2Fwp%2Fv2%2Fmedia&parent=65339"}],"wp:term":[{"taxonomy":"category","embeddable":true,"href":"https:\/\/blogin.al\/index.php?rest_route=%2Fwp%2Fv2%2Fcategories&post=65339"},{"taxonomy":"post_tag","embeddable":true,"href":"https:\/\/blogin.al\/index.php?rest_route=%2Fwp%2Fv2%2Ftags&post=65339"}],"curies":[{"name":"wp","href":"https:\/\/api.w.org\/{rel}","templated":true}]}}