{"id":65375,"date":"2026-03-17T12:17:37","date_gmt":"2026-03-17T12:17:37","guid":{"rendered":"https:\/\/blogin.al\/?p=65375"},"modified":"2026-03-17T12:17:38","modified_gmt":"2026-03-17T12:17:38","slug":"pas-paralajmerimit-xheneta-i-reagon-pronarit-te-onima-paguaj-te-pakten-punetoret","status":"publish","type":"post","link":"https:\/\/blogin.al\/?p=65375","title":{"rendered":"Pas paralajm\u00ebrimit, Xheneta i reagon pronarit t\u00eb \u201cOnima\u201d: Paguaj t\u00eb pakt\u00ebn pun\u00ebtor\u00ebt.."},"content":{"rendered":"<p>Pas incidentit q\u00eb p\u00ebrfshin artistin Besart Kelmendi \u2013 Gjesti dhe zyrat e kompanis\u00eb \u2018ONIMA\u2019, drejtuesi i kompanis\u00eb, Erkand Shabani, ka reaguar publikisht n\u00eb rrjetet sociale, duke denoncuar l\u00ebvizje t\u00eb dyshimta t\u00eb automjeteve pran\u00eb zyrave dhe k\u00ebrc\u00ebnime t\u00eb mundshme ndaj stafit dhe tij personal.<\/p>\n<p>Shabani ka njoftuar se tashm\u00eb ka dor\u00ebzuar fakte pran\u00eb organeve t\u00eb rendit dhe do t\u00eb bashk\u00ebpunoj\u00eb me avokatin p\u00ebr t\u00eb paraqitur t\u00eb tjera elemente q\u00eb lidhen me p\u00ebrpjekje p\u00ebr p\u00ebrfitime financiare t\u00eb paligjshme.<\/p>\n<p>N\u00eb reagimin e tij, Shabani thekson se ngjarja ka shkaktuar d\u00ebme materiale dhe pasoja psikologjike p\u00ebr stafin, dhe pretendon se disa artist\u00eb kan\u00eb ndikuar n\u00eb nj\u00eb fushat\u00eb publike q\u00eb mund t\u00eb ket\u00eb ushtruar presion mbi trupin gjykues dhe kompanin\u00eb.<\/p>\n<p>Ai p\u00ebrmend emra t\u00eb njohur t\u00eb artist\u00ebve, duke p\u00ebrfshir\u00eb Zanfina Ismailin, Tayn\u00ebn, Yll Limanin, Vesa Lum\u00ebn, Xheneta Fetahun, G Banin, Pleurat Zeksyla-n, Oriola Marashin dhe Besa Kok\u00ebdhim\u00ebn, duke n\u00ebnvizuar se \u00e7do \u00e7\u00ebshtje do t\u00eb trajtohet p\u00ebrmes institucioneve ligjore.<\/p>\n<p><img fetchpriority=\"high\" decoding=\"async\" src=\"https:\/\/blogin.al\/wp-content\/uploads\/2026\/03\/screenshot_20260317_131532_chrome4087891259956444572.jpg\" class=\"wp-image-65372 alignnone size-full\" width=\"966\" height=\"1432\" data-temp-aztec-id=\"971245d5-cae3-4b26-b6dc-f26be0c9ee3f\" srcset=\"https:\/\/blogin.al\/wp-content\/uploads\/2026\/03\/screenshot_20260317_131532_chrome4087891259956444572.jpg 966w, https:\/\/blogin.al\/wp-content\/uploads\/2026\/03\/screenshot_20260317_131532_chrome4087891259956444572-202x300.jpg 202w, https:\/\/blogin.al\/wp-content\/uploads\/2026\/03\/screenshot_20260317_131532_chrome4087891259956444572-691x1024.jpg 691w, https:\/\/blogin.al\/wp-content\/uploads\/2026\/03\/screenshot_20260317_131532_chrome4087891259956444572-768x1138.jpg 768w, https:\/\/blogin.al\/wp-content\/uploads\/2026\/03\/screenshot_20260317_131532_chrome4087891259956444572-150x222.jpg 150w, https:\/\/blogin.al\/wp-content\/uploads\/2026\/03\/screenshot_20260317_131532_chrome4087891259956444572-300x445.jpg 300w, https:\/\/blogin.al\/wp-content\/uploads\/2026\/03\/screenshot_20260317_131532_chrome4087891259956444572-696x1032.jpg 696w\" sizes=\"(max-width: 966px) 100vw, 966px\" \/><br \/>\nSi pasoj\u00eb e k\u00ebsaj situate, Xheneta Fetahu ka reaguar gjithashtu n\u00eb rrjetet sociale duke shkruar: \u201cWow, na frik\u00ebsove shum\u00eb. Me k\u00ebt\u00eb dram\u00eb duket sikur po hapet gjyqi i shekullit, jo nj\u00eb storie n\u00eb Instagram\u201d.<\/p>\n<p>\u201cMos u kurse \u2013 \u00e7oje deri n\u00eb gjykata m\u00eb t\u00eb m\u00ebdha. Paguaj t\u00eb pakt\u00ebn pun\u00ebtor\u00ebt se boll djers\u00eb h\u00ebngre\u201d, theksoi mes tjerash.<\/p>\n<p><img decoding=\"async\" src=\"https:\/\/blogin.al\/wp-content\/uploads\/2026\/03\/screenshot_20260317_131702_chrome2230155369782184672.jpg\" class=\"wp-image-65374 alignnone size-full\" width=\"959\" height=\"1694\" srcset=\"https:\/\/blogin.al\/wp-content\/uploads\/2026\/03\/screenshot_20260317_131702_chrome2230155369782184672.jpg 959w, https:\/\/blogin.al\/wp-content\/uploads\/2026\/03\/screenshot_20260317_131702_chrome2230155369782184672-170x300.jpg 170w, https:\/\/blogin.al\/wp-content\/uploads\/2026\/03\/screenshot_20260317_131702_chrome2230155369782184672-580x1024.jpg 580w, https:\/\/blogin.al\/wp-content\/uploads\/2026\/03\/screenshot_20260317_131702_chrome2230155369782184672-768x1357.jpg 768w, https:\/\/blogin.al\/wp-content\/uploads\/2026\/03\/screenshot_20260317_131702_chrome2230155369782184672-870x1536.jpg 870w, https:\/\/blogin.al\/wp-content\/uploads\/2026\/03\/screenshot_20260317_131702_chrome2230155369782184672-150x265.jpg 150w, https:\/\/blogin.al\/wp-content\/uploads\/2026\/03\/screenshot_20260317_131702_chrome2230155369782184672-300x530.jpg 300w, https:\/\/blogin.al\/wp-content\/uploads\/2026\/03\/screenshot_20260317_131702_chrome2230155369782184672-696x1229.jpg 696w\" sizes=\"(max-width: 959px) 100vw, 959px\" \/><\/p>\n","protected":false},"excerpt":{"rendered":"<p>Pas incidentit q\u00eb p\u00ebrfshin artistin Besart Kelmendi \u2013 Gjesti dhe zyrat e kompanis\u00eb \u2018ONIMA\u2019, drejtuesi i kompanis\u00eb, Erkand Shabani, ka reaguar publikisht n\u00eb rrjetet sociale, duke denoncuar l\u00ebvizje t\u00eb dyshimta t\u00eb automjeteve pran\u00eb zyrave dhe k\u00ebrc\u00ebnime t\u00eb mundshme ndaj stafit dhe tij personal. Shabani ka njoftuar se tashm\u00eb ka dor\u00ebzuar fakte pran\u00eb organeve t\u00eb rendit [&hellip;]<\/p>\n","protected":false},"author":2,"featured_media":65373,"comment_status":"open","ping_status":"open","sticky":false,"template":"","format":"standard","meta":{"footnotes":""},"categories":[33],"tags":[],"class_list":{"0":"post-65375","1":"post","2":"type-post","3":"status-publish","4":"format-standard","5":"has-post-thumbnail","7":"category-showbiz"},"yoast_head":"<!-- This site is optimized with the Yoast SEO plugin v27.5 - https:\/\/yoast.com\/product\/yoast-seo-wordpress\/ -->\n<title>Pas paralajm\u00ebrimit, Xheneta i reagon pronarit t\u00eb \u201cOnima\u201d: Paguaj t\u00eb pakt\u00ebn pun\u00ebtor\u00ebt.. - blogin.al<\/title>\n<meta name=\"robots\" content=\"index, follow, max-snippet:-1, max-image-preview:large, max-video-preview:-1\" \/>\n<link rel=\"canonical\" href=\"https:\/\/blogin.al\/?p=65375\" \/>\n<meta property=\"og:locale\" content=\"en_US\" \/>\n<meta property=\"og:type\" content=\"article\" \/>\n<meta property=\"og:title\" content=\"Pas paralajm\u00ebrimit, Xheneta i reagon pronarit t\u00eb \u201cOnima\u201d: Paguaj t\u00eb pakt\u00ebn pun\u00ebtor\u00ebt.. - blogin.al\" \/>\n<meta property=\"og:description\" content=\"Pas incidentit q\u00eb p\u00ebrfshin artistin Besart Kelmendi \u2013 Gjesti dhe zyrat e kompanis\u00eb \u2018ONIMA\u2019, drejtuesi i kompanis\u00eb, Erkand Shabani, ka reaguar publikisht n\u00eb rrjetet sociale, duke denoncuar l\u00ebvizje t\u00eb dyshimta t\u00eb automjeteve pran\u00eb zyrave dhe k\u00ebrc\u00ebnime t\u00eb mundshme ndaj stafit dhe tij personal. Shabani ka njoftuar se tashm\u00eb ka dor\u00ebzuar fakte pran\u00eb organeve t\u00eb rendit [&hellip;]\" \/>\n<meta property=\"og:url\" content=\"https:\/\/blogin.al\/?p=65375\" \/>\n<meta property=\"og:site_name\" content=\"blogin.al\" \/>\n<meta property=\"article:published_time\" content=\"2026-03-17T12:17:37+00:00\" \/>\n<meta property=\"article:modified_time\" content=\"2026-03-17T12:17:38+00:00\" \/>\n<meta property=\"og:image\" content=\"https:\/\/blogin.al\/wp-content\/uploads\/2026\/03\/Screenshot_20260317_131450_Chrome.jpg\" \/>\n\t<meta property=\"og:image:width\" content=\"960\" \/>\n\t<meta property=\"og:image:height\" content=\"554\" \/>\n\t<meta property=\"og:image:type\" content=\"image\/jpeg\" \/>\n<meta name=\"author\" content=\"Blogin al\" \/>\n<meta name=\"twitter:card\" content=\"summary_large_image\" \/>\n<meta name=\"twitter:label1\" content=\"Written by\" \/>\n\t<meta name=\"twitter:data1\" content=\"Blogin al\" \/>\n\t<meta name=\"twitter:label2\" content=\"Est. reading time\" \/>\n\t<meta name=\"twitter:data2\" content=\"1 minute\" \/>\n<script type=\"application\/ld+json\" class=\"yoast-schema-graph\">{\"@context\":\"https:\\\/\\\/schema.org\",\"@graph\":[{\"@type\":\"Article\",\"@id\":\"https:\\\/\\\/blogin.al\\\/?p=65375#article\",\"isPartOf\":{\"@id\":\"https:\\\/\\\/blogin.al\\\/?p=65375\"},\"author\":{\"name\":\"Blogin al\",\"@id\":\"https:\\\/\\\/blogin.al\\\/#\\\/schema\\\/person\\\/abdd56bc912cd511db877b852b115399\"},\"headline\":\"Pas paralajm\u00ebrimit, Xheneta i reagon pronarit t\u00eb \u201cOnima\u201d: Paguaj t\u00eb pakt\u00ebn pun\u00ebtor\u00ebt..\",\"datePublished\":\"2026-03-17T12:17:37+00:00\",\"dateModified\":\"2026-03-17T12:17:38+00:00\",\"mainEntityOfPage\":{\"@id\":\"https:\\\/\\\/blogin.al\\\/?p=65375\"},\"wordCount\":252,\"commentCount\":0,\"publisher\":{\"@id\":\"https:\\\/\\\/blogin.al\\\/#organization\"},\"image\":{\"@id\":\"https:\\\/\\\/blogin.al\\\/?p=65375#primaryimage\"},\"thumbnailUrl\":\"https:\\\/\\\/blogin.al\\\/wp-content\\\/uploads\\\/2026\\\/03\\\/Screenshot_20260317_131450_Chrome.jpg\",\"articleSection\":[\"SHOWBIZ\"],\"inLanguage\":\"en-US\",\"potentialAction\":[{\"@type\":\"CommentAction\",\"name\":\"Comment\",\"target\":[\"https:\\\/\\\/blogin.al\\\/?p=65375#respond\"]}]},{\"@type\":\"WebPage\",\"@id\":\"https:\\\/\\\/blogin.al\\\/?p=65375\",\"url\":\"https:\\\/\\\/blogin.al\\\/?p=65375\",\"name\":\"Pas paralajm\u00ebrimit, Xheneta i reagon pronarit t\u00eb \u201cOnima\u201d: Paguaj t\u00eb pakt\u00ebn pun\u00ebtor\u00ebt.. - blogin.al\",\"isPartOf\":{\"@id\":\"https:\\\/\\\/blogin.al\\\/#website\"},\"primaryImageOfPage\":{\"@id\":\"https:\\\/\\\/blogin.al\\\/?p=65375#primaryimage\"},\"image\":{\"@id\":\"https:\\\/\\\/blogin.al\\\/?p=65375#primaryimage\"},\"thumbnailUrl\":\"https:\\\/\\\/blogin.al\\\/wp-content\\\/uploads\\\/2026\\\/03\\\/Screenshot_20260317_131450_Chrome.jpg\",\"datePublished\":\"2026-03-17T12:17:37+00:00\",\"dateModified\":\"2026-03-17T12:17:38+00:00\",\"breadcrumb\":{\"@id\":\"https:\\\/\\\/blogin.al\\\/?p=65375#breadcrumb\"},\"inLanguage\":\"en-US\",\"potentialAction\":[{\"@type\":\"ReadAction\",\"target\":[\"https:\\\/\\\/blogin.al\\\/?p=65375\"]}]},{\"@type\":\"ImageObject\",\"inLanguage\":\"en-US\",\"@id\":\"https:\\\/\\\/blogin.al\\\/?p=65375#primaryimage\",\"url\":\"https:\\\/\\\/blogin.al\\\/wp-content\\\/uploads\\\/2026\\\/03\\\/Screenshot_20260317_131450_Chrome.jpg\",\"contentUrl\":\"https:\\\/\\\/blogin.al\\\/wp-content\\\/uploads\\\/2026\\\/03\\\/Screenshot_20260317_131450_Chrome.jpg\",\"width\":960,\"height\":554},{\"@type\":\"BreadcrumbList\",\"@id\":\"https:\\\/\\\/blogin.al\\\/?p=65375#breadcrumb\",\"itemListElement\":[{\"@type\":\"ListItem\",\"position\":1,\"name\":\"Home\",\"item\":\"https:\\\/\\\/blogin.al\\\/\"},{\"@type\":\"ListItem\",\"position\":2,\"name\":\"Pas paralajm\u00ebrimit, Xheneta i reagon pronarit t\u00eb \u201cOnima\u201d: Paguaj t\u00eb pakt\u00ebn pun\u00ebtor\u00ebt..\"}]},{\"@type\":\"WebSite\",\"@id\":\"https:\\\/\\\/blogin.al\\\/#website\",\"url\":\"https:\\\/\\\/blogin.al\\\/\",\"name\":\"blogin.al\",\"description\":\"\",\"publisher\":{\"@id\":\"https:\\\/\\\/blogin.al\\\/#organization\"},\"potentialAction\":[{\"@type\":\"SearchAction\",\"target\":{\"@type\":\"EntryPoint\",\"urlTemplate\":\"https:\\\/\\\/blogin.al\\\/?s={search_term_string}\"},\"query-input\":{\"@type\":\"PropertyValueSpecification\",\"valueRequired\":true,\"valueName\":\"search_term_string\"}}],\"inLanguage\":\"en-US\"},{\"@type\":\"Organization\",\"@id\":\"https:\\\/\\\/blogin.al\\\/#organization\",\"name\":\"BLOGIN.al\",\"url\":\"https:\\\/\\\/blogin.al\\\/\",\"logo\":{\"@type\":\"ImageObject\",\"inLanguage\":\"en-US\",\"@id\":\"https:\\\/\\\/blogin.al\\\/#\\\/schema\\\/logo\\\/image\\\/\",\"url\":\"https:\\\/\\\/blogin.al\\\/wp-content\\\/uploads\\\/2022\\\/05\\\/Untitled-2-01-e1652084456514.png\",\"contentUrl\":\"https:\\\/\\\/blogin.al\\\/wp-content\\\/uploads\\\/2022\\\/05\\\/Untitled-2-01-e1652084456514.png\",\"width\":3723,\"height\":1698,\"caption\":\"BLOGIN.al\"},\"image\":{\"@id\":\"https:\\\/\\\/blogin.al\\\/#\\\/schema\\\/logo\\\/image\\\/\"},\"sameAs\":[\"https:\\\/\\\/instagram.com\\\/blogin.al\\\/\"]},{\"@type\":\"Person\",\"@id\":\"https:\\\/\\\/blogin.al\\\/#\\\/schema\\\/person\\\/abdd56bc912cd511db877b852b115399\",\"name\":\"Blogin al\",\"image\":{\"@type\":\"ImageObject\",\"inLanguage\":\"en-US\",\"@id\":\"https:\\\/\\\/secure.gravatar.com\\\/avatar\\\/60d5661aee6e835fb13dc75d2204cd0c1d61bef2efd137c0083e59ef831e235e?s=96&d=mm&r=g\",\"url\":\"https:\\\/\\\/secure.gravatar.com\\\/avatar\\\/60d5661aee6e835fb13dc75d2204cd0c1d61bef2efd137c0083e59ef831e235e?s=96&d=mm&r=g\",\"contentUrl\":\"https:\\\/\\\/secure.gravatar.com\\\/avatar\\\/60d5661aee6e835fb13dc75d2204cd0c1d61bef2efd137c0083e59ef831e235e?s=96&d=mm&r=g\",\"caption\":\"Blogin al\"},\"sameAs\":[\"https:\\\/\\\/blogin.al\"],\"url\":\"https:\\\/\\\/blogin.al\\\/?author=2\"}]}<\/script>\n<!-- \/ Yoast SEO plugin. -->","yoast_head_json":{"title":"Pas paralajm\u00ebrimit, Xheneta i reagon pronarit t\u00eb \u201cOnima\u201d: Paguaj t\u00eb pakt\u00ebn pun\u00ebtor\u00ebt.. - blogin.al","robots":{"index":"index","follow":"follow","max-snippet":"max-snippet:-1","max-image-preview":"max-image-preview:large","max-video-preview":"max-video-preview:-1"},"canonical":"https:\/\/blogin.al\/?p=65375","og_locale":"en_US","og_type":"article","og_title":"Pas paralajm\u00ebrimit, Xheneta i reagon pronarit t\u00eb \u201cOnima\u201d: Paguaj t\u00eb pakt\u00ebn pun\u00ebtor\u00ebt.. - blogin.al","og_description":"Pas incidentit q\u00eb p\u00ebrfshin artistin Besart Kelmendi \u2013 Gjesti dhe zyrat e kompanis\u00eb \u2018ONIMA\u2019, drejtuesi i kompanis\u00eb, Erkand Shabani, ka reaguar publikisht n\u00eb rrjetet sociale, duke denoncuar l\u00ebvizje t\u00eb dyshimta t\u00eb automjeteve pran\u00eb zyrave dhe k\u00ebrc\u00ebnime t\u00eb mundshme ndaj stafit dhe tij personal. Shabani ka njoftuar se tashm\u00eb ka dor\u00ebzuar fakte pran\u00eb organeve t\u00eb rendit [&hellip;]","og_url":"https:\/\/blogin.al\/?p=65375","og_site_name":"blogin.al","article_published_time":"2026-03-17T12:17:37+00:00","article_modified_time":"2026-03-17T12:17:38+00:00","og_image":[{"width":960,"height":554,"url":"https:\/\/blogin.al\/wp-content\/uploads\/2026\/03\/Screenshot_20260317_131450_Chrome.jpg","type":"image\/jpeg"}],"author":"Blogin al","twitter_card":"summary_large_image","twitter_misc":{"Written by":"Blogin al","Est. reading time":"1 minute"},"schema":{"@context":"https:\/\/schema.org","@graph":[{"@type":"Article","@id":"https:\/\/blogin.al\/?p=65375#article","isPartOf":{"@id":"https:\/\/blogin.al\/?p=65375"},"author":{"name":"Blogin al","@id":"https:\/\/blogin.al\/#\/schema\/person\/abdd56bc912cd511db877b852b115399"},"headline":"Pas paralajm\u00ebrimit, Xheneta i reagon pronarit t\u00eb \u201cOnima\u201d: Paguaj t\u00eb pakt\u00ebn pun\u00ebtor\u00ebt..","datePublished":"2026-03-17T12:17:37+00:00","dateModified":"2026-03-17T12:17:38+00:00","mainEntityOfPage":{"@id":"https:\/\/blogin.al\/?p=65375"},"wordCount":252,"commentCount":0,"publisher":{"@id":"https:\/\/blogin.al\/#organization"},"image":{"@id":"https:\/\/blogin.al\/?p=65375#primaryimage"},"thumbnailUrl":"https:\/\/blogin.al\/wp-content\/uploads\/2026\/03\/Screenshot_20260317_131450_Chrome.jpg","articleSection":["SHOWBIZ"],"inLanguage":"en-US","potentialAction":[{"@type":"CommentAction","name":"Comment","target":["https:\/\/blogin.al\/?p=65375#respond"]}]},{"@type":"WebPage","@id":"https:\/\/blogin.al\/?p=65375","url":"https:\/\/blogin.al\/?p=65375","name":"Pas paralajm\u00ebrimit, Xheneta i reagon pronarit t\u00eb \u201cOnima\u201d: Paguaj t\u00eb pakt\u00ebn pun\u00ebtor\u00ebt.. - blogin.al","isPartOf":{"@id":"https:\/\/blogin.al\/#website"},"primaryImageOfPage":{"@id":"https:\/\/blogin.al\/?p=65375#primaryimage"},"image":{"@id":"https:\/\/blogin.al\/?p=65375#primaryimage"},"thumbnailUrl":"https:\/\/blogin.al\/wp-content\/uploads\/2026\/03\/Screenshot_20260317_131450_Chrome.jpg","datePublished":"2026-03-17T12:17:37+00:00","dateModified":"2026-03-17T12:17:38+00:00","breadcrumb":{"@id":"https:\/\/blogin.al\/?p=65375#breadcrumb"},"inLanguage":"en-US","potentialAction":[{"@type":"ReadAction","target":["https:\/\/blogin.al\/?p=65375"]}]},{"@type":"ImageObject","inLanguage":"en-US","@id":"https:\/\/blogin.al\/?p=65375#primaryimage","url":"https:\/\/blogin.al\/wp-content\/uploads\/2026\/03\/Screenshot_20260317_131450_Chrome.jpg","contentUrl":"https:\/\/blogin.al\/wp-content\/uploads\/2026\/03\/Screenshot_20260317_131450_Chrome.jpg","width":960,"height":554},{"@type":"BreadcrumbList","@id":"https:\/\/blogin.al\/?p=65375#breadcrumb","itemListElement":[{"@type":"ListItem","position":1,"name":"Home","item":"https:\/\/blogin.al\/"},{"@type":"ListItem","position":2,"name":"Pas paralajm\u00ebrimit, Xheneta i reagon pronarit t\u00eb \u201cOnima\u201d: Paguaj t\u00eb pakt\u00ebn pun\u00ebtor\u00ebt.."}]},{"@type":"WebSite","@id":"https:\/\/blogin.al\/#website","url":"https:\/\/blogin.al\/","name":"blogin.al","description":"","publisher":{"@id":"https:\/\/blogin.al\/#organization"},"potentialAction":[{"@type":"SearchAction","target":{"@type":"EntryPoint","urlTemplate":"https:\/\/blogin.al\/?s={search_term_string}"},"query-input":{"@type":"PropertyValueSpecification","valueRequired":true,"valueName":"search_term_string"}}],"inLanguage":"en-US"},{"@type":"Organization","@id":"https:\/\/blogin.al\/#organization","name":"BLOGIN.al","url":"https:\/\/blogin.al\/","logo":{"@type":"ImageObject","inLanguage":"en-US","@id":"https:\/\/blogin.al\/#\/schema\/logo\/image\/","url":"https:\/\/blogin.al\/wp-content\/uploads\/2022\/05\/Untitled-2-01-e1652084456514.png","contentUrl":"https:\/\/blogin.al\/wp-content\/uploads\/2022\/05\/Untitled-2-01-e1652084456514.png","width":3723,"height":1698,"caption":"BLOGIN.al"},"image":{"@id":"https:\/\/blogin.al\/#\/schema\/logo\/image\/"},"sameAs":["https:\/\/instagram.com\/blogin.al\/"]},{"@type":"Person","@id":"https:\/\/blogin.al\/#\/schema\/person\/abdd56bc912cd511db877b852b115399","name":"Blogin al","image":{"@type":"ImageObject","inLanguage":"en-US","@id":"https:\/\/secure.gravatar.com\/avatar\/60d5661aee6e835fb13dc75d2204cd0c1d61bef2efd137c0083e59ef831e235e?s=96&d=mm&r=g","url":"https:\/\/secure.gravatar.com\/avatar\/60d5661aee6e835fb13dc75d2204cd0c1d61bef2efd137c0083e59ef831e235e?s=96&d=mm&r=g","contentUrl":"https:\/\/secure.gravatar.com\/avatar\/60d5661aee6e835fb13dc75d2204cd0c1d61bef2efd137c0083e59ef831e235e?s=96&d=mm&r=g","caption":"Blogin al"},"sameAs":["https:\/\/blogin.al"],"url":"https:\/\/blogin.al\/?author=2"}]}},"_links":{"self":[{"href":"https:\/\/blogin.al\/index.php?rest_route=\/wp\/v2\/posts\/65375","targetHints":{"allow":["GET"]}}],"collection":[{"href":"https:\/\/blogin.al\/index.php?rest_route=\/wp\/v2\/posts"}],"about":[{"href":"https:\/\/blogin.al\/index.php?rest_route=\/wp\/v2\/types\/post"}],"author":[{"embeddable":true,"href":"https:\/\/blogin.al\/index.php?rest_route=\/wp\/v2\/users\/2"}],"replies":[{"embeddable":true,"href":"https:\/\/blogin.al\/index.php?rest_route=%2Fwp%2Fv2%2Fcomments&post=65375"}],"version-history":[{"count":1,"href":"https:\/\/blogin.al\/index.php?rest_route=\/wp\/v2\/posts\/65375\/revisions"}],"predecessor-version":[{"id":65376,"href":"https:\/\/blogin.al\/index.php?rest_route=\/wp\/v2\/posts\/65375\/revisions\/65376"}],"wp:featuredmedia":[{"embeddable":true,"href":"https:\/\/blogin.al\/index.php?rest_route=\/wp\/v2\/media\/65373"}],"wp:attachment":[{"href":"https:\/\/blogin.al\/index.php?rest_route=%2Fwp%2Fv2%2Fmedia&parent=65375"}],"wp:term":[{"taxonomy":"category","embeddable":true,"href":"https:\/\/blogin.al\/index.php?rest_route=%2Fwp%2Fv2%2Fcategories&post=65375"},{"taxonomy":"post_tag","embeddable":true,"href":"https:\/\/blogin.al\/index.php?rest_route=%2Fwp%2Fv2%2Ftags&post=65375"}],"curies":[{"name":"wp","href":"https:\/\/api.w.org\/{rel}","templated":true}]}}